{"id":20392,"date":"2025-08-18T14:58:58","date_gmt":"2025-08-18T14:58:58","guid":{"rendered":"https:\/\/diariotiempo.com.uy\/noticias\/?p=20392"},"modified":"2025-08-18T14:59:00","modified_gmt":"2025-08-18T14:59:00","slug":"mas-de-1-200-personas-culminan-cada-ano-primaria-gracias-a-prueba-de-acreditacion","status":"publish","type":"post","link":"https:\/\/diariotiempo.com.uy\/noticias\/2025\/08\/18\/mas-de-1-200-personas-culminan-cada-ano-primaria-gracias-a-prueba-de-acreditacion\/","title":{"rendered":"M\u00e1s de 1.200 personas culminan cada a\u00f1o Primaria gracias a prueba de acreditaci\u00f3n"},"content":{"rendered":"\n<figure class=\"wp-block-image size-full\"><img loading=\"lazy\" decoding=\"async\" width=\"915\" height=\"442\" src=\"https:\/\/diariotiempo.com.uy\/noticias\/wp-content\/uploads\/2025\/08\/anep.jpg\" alt=\"\" class=\"wp-image-20393\" srcset=\"https:\/\/diariotiempo.com.uy\/noticias\/wp-content\/uploads\/2025\/08\/anep.jpg 915w, https:\/\/diariotiempo.com.uy\/noticias\/wp-content\/uploads\/2025\/08\/anep-300x145.jpg 300w, https:\/\/diariotiempo.com.uy\/noticias\/wp-content\/uploads\/2025\/08\/anep-768x371.jpg 768w\" sizes=\"auto, (max-width: 915px) 100vw, 915px\" \/><\/figure>\n\n\n\n<p>Cada a\u00f1o, entre 1.200 y 1.500 personas logran culminar el ciclo de Educaci\u00f3n Primaria gracias a la realizaci\u00f3n de una prueba de acreditaci\u00f3n de saberes, ofrecida en todo el pa\u00eds por la Direcci\u00f3n de Educaci\u00f3n de J\u00f3venes y Adultos (DEJA) de la ANEP.<\/p>\n\n\n\n<p>La evaluaci\u00f3n est\u00e1 dirigida a personas de 14 a\u00f1os en adelante que por diferentes motivos se desvincularon del sistema educativo y no culminaron la escuela. La prueba, que se realiza en febrero, mayo, agosto y diciembre en todo el pa\u00eds, permite la obtenci\u00f3n de un certificado que acredita los aprendizajes compatibles con la finalizaci\u00f3n del nivel primario y habilita a la continuaci\u00f3n de estudios en Educaci\u00f3n Media en cualquiera de sus modalidades.<\/p>\n\n\n\n<p>En el Interior, es ofrecida en las Inspecciones Departamentales de Primaria. Tambi\u00e9n pueden acceder a ella personas privadas de libertad en el Instituto Nacional de Rehabilitaci\u00f3n (INR) y en el Instituto Nacional de Inclusi\u00f3n Adolescente (INISA). Adem\u00e1s, la evaluaci\u00f3n contempla a las personas con discapacidad, ofreciendo distintas alternativas para que puedan realizarla.<\/p>\n\n\n\n<p>La prueba correspondiente al per\u00edodo de agosto se inici\u00f3 en el Instituto de Perfeccionamiento y Estudios Superiores (IPES) y luego continuar\u00e1 en otras sedes del pa\u00eds. La evaluaci\u00f3n concit\u00f3 la presencia de decenas de j\u00f3venes y adultos que concurrieron a realizarla. Tambi\u00e9n acudi\u00f3 un estudiante sordo junto a su int\u00e9rprete.<\/p>\n\n\n\n<p>La directora de la DEJA, M\u00f3nica Grosso, destac\u00f3 que la prueba brinda la oportunidad a muchas personas de continuar estudiando y de reinsertarse laboralmente. Tambi\u00e9n se\u00f1al\u00f3 que cada vez m\u00e1s migrantes realizan la evaluaci\u00f3n, algunos porque carecen de estudios primarios, pero en la mayor\u00eda de los casos, indic\u00f3 que se debe a que no pudieron homologar sus estudios superiores, lo que les dificulta la integraci\u00f3n laboral.<\/p>\n\n\n\n<p>Por su parte, la coordinadora del Programa Uruguay Estudia, Alicia Fripp, valor\u00f3 que decidirse a rendir la prueba constituye un desaf\u00edo, ya que no se trata de una evaluaci\u00f3n tradicional, \u201csino que es algo que certificar\u00e1 que la persona adquiri\u00f3 competencias a lo largo de su vida\u201d.<\/p>\n\n\n\n<p>\u201cCuando terminan y se dan cuenta de lo que eso significa, es impresionante porque est\u00e1n desde los que lloran, los que tienen hinchada porque vienen con la familia o los que se alegran porque ahora podr\u00e1n alentar mejor a sus hijos a que sigan estudiando\u201d, resalt\u00f3.<\/p>\n\n\n\n<p><strong>Competencias para la vida<\/strong><\/p>\n\n\n\n<p>La prueba propone un tema de actualidad a partir del que se plantean cuestiones relacionadas a la comprensi\u00f3n lectora, literal, inferencial, escritura cr\u00edtica, elaboraci\u00f3n de un texto, expositivo o argumentativo, y una parte es dedicada a las matem\u00e1tica o ciencias.<\/p>\n\n\n\n<p>Por otro lado, Javier Gonz\u00e1lez, del equipo de la DEJA, transmiti\u00f3 el esfuerzo que realizan muchos j\u00f3venes y adultos que rinden la evaluaci\u00f3n. \u201cReci\u00e9n conversaba con unas estudiantes que vinieron a dar la prueba que salieron caminando hacia aqu\u00ed desde Villa Espa\u00f1ola a la ma\u00f1ana\u201d, ejemplific\u00f3.<\/p>\n\n\n\n<p>Tambi\u00e9n reconoci\u00f3 el trabajo que emprenden los centros de Educaci\u00f3n de J\u00f3venes y Adultos en Montevideo e Interior, donde adem\u00e1s de brindar apoyo para rendir la evaluaci\u00f3n, se dictan talleres de inserci\u00f3n laboral en los que se ense\u00f1a gastronom\u00eda, panader\u00eda, reposter\u00eda, barber\u00eda, peluquer\u00eda, corte y dise\u00f1o.<\/p>\n","protected":false},"excerpt":{"rendered":"<p>Cada a\u00f1o, entre 1.200 y 1.500 personas logran culminar el ciclo de Educaci\u00f3n Primaria gracias&#8230;<\/p>\n","protected":false},"author":1,"featured_media":20393,"comment_status":"closed","ping_status":"closed","sticky":false,"template":"","format":"standard","meta":{"_monsterinsights_skip_tracking":false,"_monsterinsights_sitenote_active":false,"_monsterinsights_sitenote_note":"","_monsterinsights_sitenote_category":0,"footnotes":""},"categories":[79],"tags":[],"class_list":["post-20392","post","type-post","status-publish","format-standard","has-post-thumbnail","hentry","category-nacionales"],"featured_image_urls":{"full":["https:\/\/diariotiempo.com.uy\/noticias\/wp-content\/uploads\/2025\/08\/anep.jpg",915,442,false],"thumbnail":["https:\/\/diariotiempo.com.uy\/noticias\/wp-content\/uploads\/2025\/08\/anep-150x150.jpg",150,150,true],"medium":["https:\/\/diariotiempo.com.uy\/noticias\/wp-content\/uploads\/2025\/08\/anep-300x145.jpg",300,145,true],"medium_large":["https:\/\/diariotiempo.com.uy\/noticias\/wp-content\/uploads\/2025\/08\/anep-768x371.jpg",640,309,true],"large":["https:\/\/diariotiempo.com.uy\/noticias\/wp-content\/uploads\/2025\/08\/anep.jpg",640,309,false],"rpg_gallery_admin_thumb":["https:\/\/diariotiempo.com.uy\/noticias\/wp-content\/uploads\/2025\/08\/anep-150x150.jpg",150,150,true],"rpg_gallery_thumb":["https:\/\/diariotiempo.com.uy\/noticias\/wp-content\/uploads\/2025\/08\/anep-150x150.jpg",150,150,true],"1536x1536":["https:\/\/diariotiempo.com.uy\/noticias\/wp-content\/uploads\/2025\/08\/anep.jpg",915,442,false],"2048x2048":["https:\/\/diariotiempo.com.uy\/noticias\/wp-content\/uploads\/2025\/08\/anep.jpg",915,442,false],"covernews-slider-full":["https:\/\/diariotiempo.com.uy\/noticias\/wp-content\/uploads\/2025\/08\/anep.jpg",915,442,false],"covernews-slider-center":["https:\/\/diariotiempo.com.uy\/noticias\/wp-content\/uploads\/2025\/08\/anep-800x442.jpg",800,442,true],"covernews-featured":["https:\/\/diariotiempo.com.uy\/noticias\/wp-content\/uploads\/2025\/08\/anep.jpg",915,442,false],"covernews-medium":["https:\/\/diariotiempo.com.uy\/noticias\/wp-content\/uploads\/2025\/08\/anep-540x340.jpg",540,340,true],"covernews-medium-square":["https:\/\/diariotiempo.com.uy\/noticias\/wp-content\/uploads\/2025\/08\/anep-400x250.jpg",400,250,true]},"author_info":{"display_name":"diario","author_link":"https:\/\/diariotiempo.com.uy\/noticias\/author\/diario\/"},"category_info":"<a href=\"https:\/\/diariotiempo.com.uy\/noticias\/category\/nacionales\/\" rel=\"category tag\">NACIONALES<\/a>","tag_info":"NACIONALES","comment_count":"0","_links":{"self":[{"href":"https:\/\/diariotiempo.com.uy\/noticias\/wp-json\/wp\/v2\/posts\/20392","targetHints":{"allow":["GET"]}}],"collection":[{"href":"https:\/\/diariotiempo.com.uy\/noticias\/wp-json\/wp\/v2\/posts"}],"about":[{"href":"https:\/\/diariotiempo.com.uy\/noticias\/wp-json\/wp\/v2\/types\/post"}],"author":[{"embeddable":true,"href":"https:\/\/diariotiempo.com.uy\/noticias\/wp-json\/wp\/v2\/users\/1"}],"replies":[{"embeddable":true,"href":"https:\/\/diariotiempo.com.uy\/noticias\/wp-json\/wp\/v2\/comments?post=20392"}],"version-history":[{"count":1,"href":"https:\/\/diariotiempo.com.uy\/noticias\/wp-json\/wp\/v2\/posts\/20392\/revisions"}],"predecessor-version":[{"id":20394,"href":"https:\/\/diariotiempo.com.uy\/noticias\/wp-json\/wp\/v2\/posts\/20392\/revisions\/20394"}],"wp:featuredmedia":[{"embeddable":true,"href":"https:\/\/diariotiempo.com.uy\/noticias\/wp-json\/wp\/v2\/media\/20393"}],"wp:attachment":[{"href":"https:\/\/diariotiempo.com.uy\/noticias\/wp-json\/wp\/v2\/media?parent=20392"}],"wp:term":[{"taxonomy":"category","embeddable":true,"href":"https:\/\/diariotiempo.com.uy\/noticias\/wp-json\/wp\/v2\/categories?post=20392"},{"taxonomy":"post_tag","embeddable":true,"href":"https:\/\/diariotiempo.com.uy\/noticias\/wp-json\/wp\/v2\/tags?post=20392"}],"curies":[{"name":"wp","href":"https:\/\/api.w.org\/{rel}","templated":true}]}}