{"id":20395,"date":"2025-08-18T15:00:10","date_gmt":"2025-08-18T15:00:10","guid":{"rendered":"https:\/\/diariotiempo.com.uy\/noticias\/?p=20395"},"modified":"2025-08-18T15:00:11","modified_gmt":"2025-08-18T15:00:11","slug":"msp-extiende-la-vacunacion-contra-el-virus-sincicial-respiratorio-hasta-el-30-de-septiembre","status":"publish","type":"post","link":"https:\/\/diariotiempo.com.uy\/noticias\/2025\/08\/18\/msp-extiende-la-vacunacion-contra-el-virus-sincicial-respiratorio-hasta-el-30-de-septiembre\/","title":{"rendered":"MSP extiende la vacunaci\u00f3n contra el virus sincicial respiratorio hasta el 30 de septiembre"},"content":{"rendered":"\n<figure class=\"wp-block-image size-full\"><img loading=\"lazy\" decoding=\"async\" width=\"900\" height=\"620\" src=\"https:\/\/diariotiempo.com.uy\/noticias\/wp-content\/uploads\/2025\/08\/MSP.jpg\" alt=\"\" class=\"wp-image-20396\" srcset=\"https:\/\/diariotiempo.com.uy\/noticias\/wp-content\/uploads\/2025\/08\/MSP.jpg 900w, https:\/\/diariotiempo.com.uy\/noticias\/wp-content\/uploads\/2025\/08\/MSP-300x207.jpg 300w, https:\/\/diariotiempo.com.uy\/noticias\/wp-content\/uploads\/2025\/08\/MSP-768x529.jpg 768w\" sizes=\"auto, (max-width: 900px) 100vw, 900px\" \/><\/figure>\n\n\n\n<p>El Ministerio de Salud P\u00fablica (MSP) informa que la campa\u00f1a de vacunaci\u00f3n contra el virus sincicial respiratorio (VRS) se extender\u00e1 hasta el 30 de septiembre de 2025.<\/p>\n\n\n\n<p>Madre sostiene a su beb\u00e9 reci\u00e9n nacido frente a ella<\/p>\n\n\n\n<p>Esta decisi\u00f3n se debe a que, si bien la circulaci\u00f3n del VRS suele concentrarse en los meses de julio y agosto, en la presente temporada el virus contin\u00faa registrando una actividad significativa incluso a mediados de agosto. Ante esta situaci\u00f3n, y con el objetivo de ampliar la protecci\u00f3n, el MSP resolvi\u00f3 prolongar el per\u00edodo de vacunaci\u00f3n.<\/p>\n\n\n\n<p>Hasta la fecha, m\u00e1s de 10.000 embarazadas ya se han vacunado contra el VRS en todo el pa\u00eds. La vacuna est\u00e1 especialmente indicada para proteger a los beb\u00e9s en sus primeros meses de vida, etapa en la que esta infecci\u00f3n puede provocar cuadros graves que, en muchos casos, derivan en hospitalizaci\u00f3n.<\/p>\n\n\n\n<p>Si est\u00e1s embarazada entre las semanas 32 y 36, no dudes en vacunarte contra el VRS. Est\u00e1s a tiempo de proteger a tu beb\u00e9 de los cuadros graves que puede causar este virus. Para vacunarte, es necesario presentar el carn\u00e9 obst\u00e9trico u orden m\u00e9dica. La vacunaci\u00f3n es gratuita y est\u00e1 disponible en todos los vacunatorios del pa\u00eds.<\/p>\n\n\n\n<p><\/p>\n","protected":false},"excerpt":{"rendered":"<p>El Ministerio de Salud P\u00fablica (MSP) informa que la campa\u00f1a de vacunaci\u00f3n contra el virus&#8230;<\/p>\n","protected":false},"author":1,"featured_media":20396,"comment_status":"closed","ping_status":"closed","sticky":false,"template":"","format":"standard","meta":{"_monsterinsights_skip_tracking":false,"_monsterinsights_sitenote_active":false,"_monsterinsights_sitenote_note":"","_monsterinsights_sitenote_category":0,"footnotes":""},"categories":[70],"tags":[],"class_list":["post-20395","post","type-post","status-publish","format-standard","has-post-thumbnail","hentry","category-salud"],"featured_image_urls":{"full":["https:\/\/diariotiempo.com.uy\/noticias\/wp-content\/uploads\/2025\/08\/MSP.jpg",900,620,false],"thumbnail":["https:\/\/diariotiempo.com.uy\/noticias\/wp-content\/uploads\/2025\/08\/MSP-150x150.jpg",150,150,true],"medium":["https:\/\/diariotiempo.com.uy\/noticias\/wp-content\/uploads\/2025\/08\/MSP-300x207.jpg",300,207,true],"medium_large":["https:\/\/diariotiempo.com.uy\/noticias\/wp-content\/uploads\/2025\/08\/MSP-768x529.jpg",640,441,true],"large":["https:\/\/diariotiempo.com.uy\/noticias\/wp-content\/uploads\/2025\/08\/MSP.jpg",640,441,false],"rpg_gallery_admin_thumb":["https:\/\/diariotiempo.com.uy\/noticias\/wp-content\/uploads\/2025\/08\/MSP-150x150.jpg",150,150,true],"rpg_gallery_thumb":["https:\/\/diariotiempo.com.uy\/noticias\/wp-content\/uploads\/2025\/08\/MSP-150x150.jpg",150,150,true],"1536x1536":["https:\/\/diariotiempo.com.uy\/noticias\/wp-content\/uploads\/2025\/08\/MSP.jpg",900,620,false],"2048x2048":["https:\/\/diariotiempo.com.uy\/noticias\/wp-content\/uploads\/2025\/08\/MSP.jpg",900,620,false],"covernews-slider-full":["https:\/\/diariotiempo.com.uy\/noticias\/wp-content\/uploads\/2025\/08\/MSP.jpg",900,620,false],"covernews-slider-center":["https:\/\/diariotiempo.com.uy\/noticias\/wp-content\/uploads\/2025\/08\/MSP-800x500.jpg",800,500,true],"covernews-featured":["https:\/\/diariotiempo.com.uy\/noticias\/wp-content\/uploads\/2025\/08\/MSP.jpg",900,620,false],"covernews-medium":["https:\/\/diariotiempo.com.uy\/noticias\/wp-content\/uploads\/2025\/08\/MSP-540x340.jpg",540,340,true],"covernews-medium-square":["https:\/\/diariotiempo.com.uy\/noticias\/wp-content\/uploads\/2025\/08\/MSP-400x250.jpg",400,250,true]},"author_info":{"display_name":"diario","author_link":"https:\/\/diariotiempo.com.uy\/noticias\/author\/diario\/"},"category_info":"<a href=\"https:\/\/diariotiempo.com.uy\/noticias\/category\/salud\/\" rel=\"category tag\">SALUD<\/a>","tag_info":"SALUD","comment_count":"0","_links":{"self":[{"href":"https:\/\/diariotiempo.com.uy\/noticias\/wp-json\/wp\/v2\/posts\/20395","targetHints":{"allow":["GET"]}}],"collection":[{"href":"https:\/\/diariotiempo.com.uy\/noticias\/wp-json\/wp\/v2\/posts"}],"about":[{"href":"https:\/\/diariotiempo.com.uy\/noticias\/wp-json\/wp\/v2\/types\/post"}],"author":[{"embeddable":true,"href":"https:\/\/diariotiempo.com.uy\/noticias\/wp-json\/wp\/v2\/users\/1"}],"replies":[{"embeddable":true,"href":"https:\/\/diariotiempo.com.uy\/noticias\/wp-json\/wp\/v2\/comments?post=20395"}],"version-history":[{"count":1,"href":"https:\/\/diariotiempo.com.uy\/noticias\/wp-json\/wp\/v2\/posts\/20395\/revisions"}],"predecessor-version":[{"id":20397,"href":"https:\/\/diariotiempo.com.uy\/noticias\/wp-json\/wp\/v2\/posts\/20395\/revisions\/20397"}],"wp:featuredmedia":[{"embeddable":true,"href":"https:\/\/diariotiempo.com.uy\/noticias\/wp-json\/wp\/v2\/media\/20396"}],"wp:attachment":[{"href":"https:\/\/diariotiempo.com.uy\/noticias\/wp-json\/wp\/v2\/media?parent=20395"}],"wp:term":[{"taxonomy":"category","embeddable":true,"href":"https:\/\/diariotiempo.com.uy\/noticias\/wp-json\/wp\/v2\/categories?post=20395"},{"taxonomy":"post_tag","embeddable":true,"href":"https:\/\/diariotiempo.com.uy\/noticias\/wp-json\/wp\/v2\/tags?post=20395"}],"curies":[{"name":"wp","href":"https:\/\/api.w.org\/{rel}","templated":true}]}}