{"id":20412,"date":"2025-08-19T15:33:16","date_gmt":"2025-08-19T15:33:16","guid":{"rendered":"https:\/\/diariotiempo.com.uy\/noticias\/?p=20412"},"modified":"2025-08-19T15:33:16","modified_gmt":"2025-08-19T15:33:16","slug":"fue-asesinado-y-tirado-en-el-rio-santa-lucia","status":"publish","type":"post","link":"https:\/\/diariotiempo.com.uy\/noticias\/2025\/08\/19\/fue-asesinado-y-tirado-en-el-rio-santa-lucia\/","title":{"rendered":"Fue asesinado y tirado en el R\u00edo Santa Luc\u00eda"},"content":{"rendered":"\n<p>Un hombre de 31 a\u00f1os fue detenido en la noche de este lunes como presunto responsable de asesinar a un anciano de 84 a\u00f1os y arrojarlo al R\u00edo Santa Luc\u00eda, en el puente Carretero Nuevo. Una persona que hac\u00eda deporte por la ruta 11 vio cuando lo arrastraba al r\u00edo.<\/p>\n\n\n\n<p>Un vecino de la zona presenci\u00f3 cuando el hombre de 31 a\u00f1os arrastraba al anciano para tirarlo a las aguas del Santa Luc\u00eda, y avis\u00f3 a la polic\u00eda.<\/p>\n\n\n\n<p>El testigo cont\u00f3 a Telemundo;<\/p>\n\n\n\n<p>\u201cMe encontraba corriendo por la ruta 11 y vi una situaci\u00f3n rara, de una persona que arrastraba algo, y unos metros m\u00e1s adelante me di cuenta de que arrastraba a otra persona. Lo que hice fue correr unos metros m\u00e1s y llamar al 911, dar aviso para que vinieran las autoridades\u201d, cont\u00f3, y explic\u00f3 que tras el llamado se qued\u00f3 en el lugar a esperar a que llegaran las autoridades.<\/p>\n\n\n\n<p>Fue en ese rato que vio c\u00f3mo la persona que arrastraba a otra se dispon\u00eda a tirarla al agua. \u201cLo que vi es que lo arrastraba hacia el agua con intenciones de tirarlo. Yo lo que vi fue una persona que arrastraba a otra y la tir\u00f3 al agua; despu\u00e9s, lo que pas\u00f3 antes, no lo puedo decir\u201d, apunt\u00f3.<\/p>\n\n\n\n<p>Antes de que llegara la Polic\u00eda se acercaron otras personas; una de ellas aport\u00f3 datos clave para que los efectivos pudiesen dar con el hombre de 31 a\u00f1os, que posteriormente fue detenido.<\/p>\n\n\n\n<p>Ahora la Polic\u00eda y la Fiscal\u00eda investigan lo sucedido.<\/p>\n","protected":false},"excerpt":{"rendered":"<p>Un hombre de 31 a\u00f1os fue detenido en la noche de este lunes como presunto&#8230;<\/p>\n","protected":false},"author":1,"featured_media":10433,"comment_status":"closed","ping_status":"closed","sticky":false,"template":"","format":"standard","meta":{"_monsterinsights_skip_tracking":false,"_monsterinsights_sitenote_active":false,"_monsterinsights_sitenote_note":"","_monsterinsights_sitenote_category":0,"footnotes":""},"categories":[6],"tags":[],"class_list":["post-20412","post","type-post","status-publish","format-standard","has-post-thumbnail","hentry","category-policial"],"featured_image_urls":{"full":["https:\/\/diariotiempo.com.uy\/noticias\/wp-content\/uploads\/2023\/04\/camioneta-poli.jpg",800,565,false],"thumbnail":["https:\/\/diariotiempo.com.uy\/noticias\/wp-content\/uploads\/2023\/04\/camioneta-poli-150x150.jpg",150,150,true],"medium":["https:\/\/diariotiempo.com.uy\/noticias\/wp-content\/uploads\/2023\/04\/camioneta-poli-300x212.jpg",300,212,true],"medium_large":["https:\/\/diariotiempo.com.uy\/noticias\/wp-content\/uploads\/2023\/04\/camioneta-poli-768x542.jpg",640,452,true],"large":["https:\/\/diariotiempo.com.uy\/noticias\/wp-content\/uploads\/2023\/04\/camioneta-poli.jpg",640,452,false],"rpg_gallery_admin_thumb":["https:\/\/diariotiempo.com.uy\/noticias\/wp-content\/uploads\/2023\/04\/camioneta-poli.jpg",150,106,false],"rpg_gallery_thumb":["https:\/\/diariotiempo.com.uy\/noticias\/wp-content\/uploads\/2023\/04\/camioneta-poli.jpg",150,106,false],"1536x1536":["https:\/\/diariotiempo.com.uy\/noticias\/wp-content\/uploads\/2023\/04\/camioneta-poli.jpg",800,565,false],"2048x2048":["https:\/\/diariotiempo.com.uy\/noticias\/wp-content\/uploads\/2023\/04\/camioneta-poli.jpg",800,565,false],"covernews-slider-full":["https:\/\/diariotiempo.com.uy\/noticias\/wp-content\/uploads\/2023\/04\/camioneta-poli.jpg",800,565,false],"covernews-slider-center":["https:\/\/diariotiempo.com.uy\/noticias\/wp-content\/uploads\/2023\/04\/camioneta-poli-800x500.jpg",800,500,true],"covernews-featured":["https:\/\/diariotiempo.com.uy\/noticias\/wp-content\/uploads\/2023\/04\/camioneta-poli.jpg",800,565,false],"covernews-medium":["https:\/\/diariotiempo.com.uy\/noticias\/wp-content\/uploads\/2023\/04\/camioneta-poli-540x340.jpg",540,340,true],"covernews-medium-square":["https:\/\/diariotiempo.com.uy\/noticias\/wp-content\/uploads\/2023\/04\/camioneta-poli-400x250.jpg",400,250,true]},"author_info":{"display_name":"diario","author_link":"https:\/\/diariotiempo.com.uy\/noticias\/author\/diario\/"},"category_info":"<a href=\"https:\/\/diariotiempo.com.uy\/noticias\/category\/policial\/\" rel=\"category tag\">POLICIAL<\/a>","tag_info":"POLICIAL","comment_count":"0","_links":{"self":[{"href":"https:\/\/diariotiempo.com.uy\/noticias\/wp-json\/wp\/v2\/posts\/20412","targetHints":{"allow":["GET"]}}],"collection":[{"href":"https:\/\/diariotiempo.com.uy\/noticias\/wp-json\/wp\/v2\/posts"}],"about":[{"href":"https:\/\/diariotiempo.com.uy\/noticias\/wp-json\/wp\/v2\/types\/post"}],"author":[{"embeddable":true,"href":"https:\/\/diariotiempo.com.uy\/noticias\/wp-json\/wp\/v2\/users\/1"}],"replies":[{"embeddable":true,"href":"https:\/\/diariotiempo.com.uy\/noticias\/wp-json\/wp\/v2\/comments?post=20412"}],"version-history":[{"count":1,"href":"https:\/\/diariotiempo.com.uy\/noticias\/wp-json\/wp\/v2\/posts\/20412\/revisions"}],"predecessor-version":[{"id":20413,"href":"https:\/\/diariotiempo.com.uy\/noticias\/wp-json\/wp\/v2\/posts\/20412\/revisions\/20413"}],"wp:featuredmedia":[{"embeddable":true,"href":"https:\/\/diariotiempo.com.uy\/noticias\/wp-json\/wp\/v2\/media\/10433"}],"wp:attachment":[{"href":"https:\/\/diariotiempo.com.uy\/noticias\/wp-json\/wp\/v2\/media?parent=20412"}],"wp:term":[{"taxonomy":"category","embeddable":true,"href":"https:\/\/diariotiempo.com.uy\/noticias\/wp-json\/wp\/v2\/categories?post=20412"},{"taxonomy":"post_tag","embeddable":true,"href":"https:\/\/diariotiempo.com.uy\/noticias\/wp-json\/wp\/v2\/tags?post=20412"}],"curies":[{"name":"wp","href":"https:\/\/api.w.org\/{rel}","templated":true}]}}