{"id":20479,"date":"2025-08-22T15:00:15","date_gmt":"2025-08-22T15:00:15","guid":{"rendered":"https:\/\/diariotiempo.com.uy\/noticias\/?p=20479"},"modified":"2025-08-22T15:00:18","modified_gmt":"2025-08-22T15:00:18","slug":"temu-entre-nosotros","status":"publish","type":"post","link":"https:\/\/diariotiempo.com.uy\/noticias\/2025\/08\/22\/temu-entre-nosotros\/","title":{"rendered":"TEMU ENTRE NOSOTROS"},"content":{"rendered":"\n<p>Desde 2024, Uruguay, al igual que casi todos los pa\u00edses, vive un fen\u00f3meno comercial impensado a\u00f1os antes, nos referimos a \u00abTemu\u00bb. Se trata de una plataforma, cuya aplicaci\u00f3n se puede instalar en cualquier tel\u00e9fono celular, a trav\u00e9s de la cual, teniendo una tarjeta de d\u00e9bito o cr\u00e9dito, se puede comprar casi todo tipo de cosas a un precio sensiblemente inferior al que se paga en plaza. Las posibilidades van desde la ropa y el calzado, hasta implementos para el uso diario en el hogar, pasando por todo cuanto se puede encontrar en los comercios. Cuando la gente supo de la existencia de la mencionada plataforma, de inmediato comenz\u00f3 a informarse sobre la misma y se dispuso a aprender a utilizarla. \u00a1M\u00e1s que claro estaba todo el asunto! Si con un sistema como el de Temu, se accede a todo tipo de bienes a la tercera parte o menos de lo que se pueden adquirir en cualquier comercio, el mismo pasa a ser una bendici\u00f3n. Es humano, claro est\u00e1. La gente necesita o, simplemente, quiere tener cosas y muchas de ellas, hoy d\u00eda, le resultan caras por los impuestos con los que las mismas son gravados, que el comerciante los traslada al p\u00fablico. Entonces, \u00bfc\u00f3mo se encara un tema de esta naturaleza por parte del gobierno? Los bienes que se pueden comprar en esta plataforma comercial, en su mayor\u00eda, no provienen de Estados Unidos. Si as\u00ed fuera, no se podr\u00edan gravar ya que lo que se compra en dicho pa\u00eds est\u00e1 protegido por el \u00abAcuerdo Marco de Comercio e Inversiones\u00bb signado por nuestra naci\u00f3n y la del norte. Entonces, el Sr. Ministro Gabriel Oddone ha manifestado que, en la pr\u00f3xima Ley de Presupuesto, se va a plantear un grav\u00e1men del 22% (veintid\u00f3s por ciento) para los productos adquiridos mediante Temu, que no sean provenientes de Estados Unidos. Andr\u00e9s Marrero, presidente de la C\u00e1mara de Econom\u00eda Digital, entiende que no es adecuada la medida del impuesto \u00abTemu\u00bb. Sostiene, a nuestro juicio con raz\u00f3n, que los costos para el consumidor final van a seguir siendo menores que en el comercio local. De acuerdo a Marrero, lo ideal ser\u00eda facilitar la gesti\u00f3n comercial a los importadores, lo que se traducir\u00eda en la eliminaci\u00f3n de trabas para que no les sea necesario trasladar altos grav\u00e1menes al comercio, que al final los termina pagando el consumidor final. Ser\u00eda una medida de cu\u00f1o liberal y habr\u00e1 que ver si hay \u00e1nimo de aplicarla. Hay dos visiones en pugna. Por un lado, el comercio, como tal, necesita ser protegido; de eso no le caben dudas a nadie. Pero, por otro, est\u00e1 la situaci\u00f3n de la gente que busca \u00abtener\u00bb cosas, ora por que las precisa, ora porque la publicidad la lleva a quererlas y muchas veces esas cosas est\u00e1n fuera de su presupuesto y las puede conseguir mediante Temu. Sabemos de sobra que la mentalidad de los pueblos ha cambiado y que la visi\u00f3n que se tiene de todo es diferente. Hoy en d\u00eda, especialmente en occidente, los pueblos buscan avanzar en todos y cada uno de los aspectos de la vida. Seguramente los que implementaron la plataforma de Temu consideraron esas cuestiones. Hay que ver c\u00f3mo son manejadas las mismas por parte del actual gobierno.<\/p>\n","protected":false},"excerpt":{"rendered":"<p>Desde 2024, Uruguay, al igual que casi todos los pa\u00edses, vive un fen\u00f3meno comercial impensado&#8230;<\/p>\n","protected":false},"author":1,"featured_media":1161,"comment_status":"closed","ping_status":"closed","sticky":false,"template":"","format":"standard","meta":{"_monsterinsights_skip_tracking":false,"_monsterinsights_sitenote_active":false,"_monsterinsights_sitenote_note":"","_monsterinsights_sitenote_category":0,"footnotes":""},"categories":[13],"tags":[],"class_list":["post-20479","post","type-post","status-publish","format-standard","has-post-thumbnail","hentry","category-articulos-de-opinion"],"featured_image_urls":{"full":["https:\/\/diariotiempo.com.uy\/noticias\/wp-content\/uploads\/2021\/06\/Master-Escribe-Cardozo.jpg",300,185,false],"thumbnail":["https:\/\/diariotiempo.com.uy\/noticias\/wp-content\/uploads\/2021\/06\/Master-Escribe-Cardozo-150x150.jpg",150,150,true],"medium":["https:\/\/diariotiempo.com.uy\/noticias\/wp-content\/uploads\/2021\/06\/Master-Escribe-Cardozo.jpg",300,185,false],"medium_large":["https:\/\/diariotiempo.com.uy\/noticias\/wp-content\/uploads\/2021\/06\/Master-Escribe-Cardozo.jpg",300,185,false],"large":["https:\/\/diariotiempo.com.uy\/noticias\/wp-content\/uploads\/2021\/06\/Master-Escribe-Cardozo.jpg",300,185,false],"rpg_gallery_admin_thumb":["https:\/\/diariotiempo.com.uy\/noticias\/wp-content\/uploads\/2021\/06\/Master-Escribe-Cardozo.jpg",150,93,false],"rpg_gallery_thumb":["https:\/\/diariotiempo.com.uy\/noticias\/wp-content\/uploads\/2021\/06\/Master-Escribe-Cardozo.jpg",150,93,false],"1536x1536":["https:\/\/diariotiempo.com.uy\/noticias\/wp-content\/uploads\/2021\/06\/Master-Escribe-Cardozo.jpg",300,185,false],"2048x2048":["https:\/\/diariotiempo.com.uy\/noticias\/wp-content\/uploads\/2021\/06\/Master-Escribe-Cardozo.jpg",300,185,false],"covernews-slider-full":["https:\/\/diariotiempo.com.uy\/noticias\/wp-content\/uploads\/2021\/06\/Master-Escribe-Cardozo.jpg",300,185,false],"covernews-slider-center":["https:\/\/diariotiempo.com.uy\/noticias\/wp-content\/uploads\/2021\/06\/Master-Escribe-Cardozo.jpg",300,185,false],"covernews-featured":["https:\/\/diariotiempo.com.uy\/noticias\/wp-content\/uploads\/2021\/06\/Master-Escribe-Cardozo.jpg",300,185,false],"covernews-medium":["https:\/\/diariotiempo.com.uy\/noticias\/wp-content\/uploads\/2021\/06\/Master-Escribe-Cardozo.jpg",300,185,false],"covernews-medium-square":["https:\/\/diariotiempo.com.uy\/noticias\/wp-content\/uploads\/2021\/06\/Master-Escribe-Cardozo.jpg",300,185,false]},"author_info":{"display_name":"diario","author_link":"https:\/\/diariotiempo.com.uy\/noticias\/author\/diario\/"},"category_info":"<a href=\"https:\/\/diariotiempo.com.uy\/noticias\/category\/opinion\/articulos-de-opinion\/\" rel=\"category tag\">Art\u00edculos de Opini\u00f3n<\/a>","tag_info":"Art\u00edculos de Opini\u00f3n","comment_count":"0","_links":{"self":[{"href":"https:\/\/diariotiempo.com.uy\/noticias\/wp-json\/wp\/v2\/posts\/20479","targetHints":{"allow":["GET"]}}],"collection":[{"href":"https:\/\/diariotiempo.com.uy\/noticias\/wp-json\/wp\/v2\/posts"}],"about":[{"href":"https:\/\/diariotiempo.com.uy\/noticias\/wp-json\/wp\/v2\/types\/post"}],"author":[{"embeddable":true,"href":"https:\/\/diariotiempo.com.uy\/noticias\/wp-json\/wp\/v2\/users\/1"}],"replies":[{"embeddable":true,"href":"https:\/\/diariotiempo.com.uy\/noticias\/wp-json\/wp\/v2\/comments?post=20479"}],"version-history":[{"count":1,"href":"https:\/\/diariotiempo.com.uy\/noticias\/wp-json\/wp\/v2\/posts\/20479\/revisions"}],"predecessor-version":[{"id":20480,"href":"https:\/\/diariotiempo.com.uy\/noticias\/wp-json\/wp\/v2\/posts\/20479\/revisions\/20480"}],"wp:featuredmedia":[{"embeddable":true,"href":"https:\/\/diariotiempo.com.uy\/noticias\/wp-json\/wp\/v2\/media\/1161"}],"wp:attachment":[{"href":"https:\/\/diariotiempo.com.uy\/noticias\/wp-json\/wp\/v2\/media?parent=20479"}],"wp:term":[{"taxonomy":"category","embeddable":true,"href":"https:\/\/diariotiempo.com.uy\/noticias\/wp-json\/wp\/v2\/categories?post=20479"},{"taxonomy":"post_tag","embeddable":true,"href":"https:\/\/diariotiempo.com.uy\/noticias\/wp-json\/wp\/v2\/tags?post=20479"}],"curies":[{"name":"wp","href":"https:\/\/api.w.org\/{rel}","templated":true}]}}