{"id":20497,"date":"2025-08-26T15:21:59","date_gmt":"2025-08-26T15:21:59","guid":{"rendered":"https:\/\/diariotiempo.com.uy\/noticias\/?p=20497"},"modified":"2025-08-26T15:23:16","modified_gmt":"2025-08-26T15:23:16","slug":"uruguay-celebro-los-200-anos-de-la-declaratoria-de-la-independencia","status":"publish","type":"post","link":"https:\/\/diariotiempo.com.uy\/noticias\/2025\/08\/26\/uruguay-celebro-los-200-anos-de-la-declaratoria-de-la-independencia\/","title":{"rendered":"Uruguay celebr\u00f3 los 200 a\u00f1os de la Declaratoria de la Independencia"},"content":{"rendered":"\n<figure class=\"wp-block-gallery has-nested-images columns-2 is-cropped wp-block-gallery-1 is-layout-flex wp-block-gallery-is-layout-flex\">\n<figure class=\"wp-block-image size-large\"><img loading=\"lazy\" decoding=\"async\" width=\"700\" height=\"467\" data-id=\"20498\" src=\"https:\/\/diariotiempo.com.uy\/noticias\/wp-content\/uploads\/2025\/08\/autoridades-ind.jpg\" alt=\"\" class=\"wp-image-20498\" srcset=\"https:\/\/diariotiempo.com.uy\/noticias\/wp-content\/uploads\/2025\/08\/autoridades-ind.jpg 700w, https:\/\/diariotiempo.com.uy\/noticias\/wp-content\/uploads\/2025\/08\/autoridades-ind-300x200.jpg 300w\" sizes=\"auto, (max-width: 700px) 100vw, 700px\" \/><figcaption class=\"wp-element-caption\"><br><\/figcaption><\/figure>\n\n\n\n<figure class=\"wp-block-image size-large\"><img loading=\"lazy\" decoding=\"async\" width=\"700\" height=\"467\" data-id=\"20499\" src=\"https:\/\/diariotiempo.com.uy\/noticias\/wp-content\/uploads\/2025\/08\/escudo.jpg\" alt=\"\" class=\"wp-image-20499\" srcset=\"https:\/\/diariotiempo.com.uy\/noticias\/wp-content\/uploads\/2025\/08\/escudo.jpg 700w, https:\/\/diariotiempo.com.uy\/noticias\/wp-content\/uploads\/2025\/08\/escudo-300x200.jpg 300w\" sizes=\"auto, (max-width: 700px) 100vw, 700px\" \/><\/figure>\n\n\n\n<figure class=\"wp-block-image size-large\"><img loading=\"lazy\" decoding=\"async\" width=\"900\" height=\"601\" data-id=\"20500\" src=\"https:\/\/diariotiempo.com.uy\/noticias\/wp-content\/uploads\/2025\/08\/tappa.jpg\" alt=\"\" class=\"wp-image-20500\" srcset=\"https:\/\/diariotiempo.com.uy\/noticias\/wp-content\/uploads\/2025\/08\/tappa.jpg 900w, https:\/\/diariotiempo.com.uy\/noticias\/wp-content\/uploads\/2025\/08\/tappa-300x200.jpg 300w, https:\/\/diariotiempo.com.uy\/noticias\/wp-content\/uploads\/2025\/08\/tappa-768x513.jpg 768w\" sizes=\"auto, (max-width: 900px) 100vw, 900px\" \/><\/figure>\n<\/figure>\n\n\n\n<p>La conmemoraci\u00f3n del inicio del proceso independentista, que culminar\u00e1 en 2030, comenz\u00f3 el pasado 20 de agosto en el Museo de Historia Nacional, donde el presidente Yamand\u00fa Orsi estuvo acompa\u00f1ado por autoridades del Gabinete y jerarcas del \u00e1mbito pol\u00edtico y departamental. &nbsp;<\/p>\n\n\n\n<p>Este 25 de agosto, en el acto realizado en la Piedra Alta de Florida, Orsi hizo una rese\u00f1a hist\u00f3rica de los momentos acaecidos entre 1825 y 1830.<\/p>\n\n\n\n<p>Inform\u00f3 que durante los pr\u00f3ximos cinco a\u00f1os el pa\u00eds tendr\u00e1 una festividad en cada lugar por donde \u201cpasaron los patriotas\u201d, porque la independencia de la naci\u00f3n fue un proceso que involucra a todo el territorio.<\/p>\n\n\n\n<p>Asegur\u00f3 que no se debe contraponer las ideas de independencia y uni\u00f3n, porque el proceso fue la conjunci\u00f3n de ambas. \u201cEntre 1825 y 1830 pasaron cosas que debemos explicar, y ser capaces de entender que los procesos no son lineales\u201d, sostuvo.<\/p>\n\n\n\n<p>Asimismo, reconoci\u00f3 que la mirada al futuro, la astucia, la inteligencia y el sentido de pertenencia de los patriotas fueron factores determinantes para lograr la independencia.<\/p>\n\n\n\n<p><strong>Homenaje y \u00a0reconocimientos<\/strong><\/p>\n\n\n\n<p>Una vez finalizada la oratoria protocolar, el presidente Orsi y el intendente Enciso descubrieron una placa conmemorativa por los 200 a\u00f1os y depositaron una ofrenda floral al pie de la placa de la ley fundamental de 1825.<\/p>\n\n\n\n<p>A continuaci\u00f3n, Enciso hizo entrega de medallas conmemorativas al presidente de la Rep\u00fablica, Yamand\u00fa Orsi, y a los expresidentes, Luis Lacalle Pou y Julio Mar\u00eda Sanguinetti.<\/p>\n\n\n\n<p>Tambi\u00e9n recibieron medallas la vicepresidenta de la Rep\u00fablica, Carolina Cosse; las exvicepresidentas Beatriz Argim\u00f3n y Luc\u00eda Topolansky; el presidente de la C\u00e1mara de Representantes, Sebasti\u00e1n Valdomir, y el presidente de la Suprema Corte, John P\u00e9rez Brignani. En el evento tambi\u00e9n estuvo presente el secretario de la Presidencia, Alejandro S\u00e1nchez, y otros integrantes del equipo de gobierno.<\/p>\n\n\n\n<p>Antes de finalizar la ceremonia, Orsi recibi\u00f3 un obsequio del artesano local \u00c1lvaro Sanjorge y posteriormente comenz\u00f3 un desfile del cual participaron instituciones culturales, sociales, caballer\u00eda gaucha, efectivos policiales y militares.<\/p>\n\n\n\n<p>Por la noche, habr\u00e1 escenarios con espect\u00e1culos musicales, entre los que se presentar\u00e1n, a partir de la hora 19:00, la Sinf\u00f3nica de Florida, Luc\u00eda Aramburu, Luc\u00eda Chappe, la campeona nacional de malambo, Gimena Gonz\u00e1lez, y Chacho Ramos, junto con artistas invitados.<\/p>\n\n\n\n<p>Artistas uruguayos participaron en festejos por 200 a\u00f1os de Declaratoria de la \u00a0Independencia.<\/p>\n\n\n\n<p>El cierre de la jornada de celebraci\u00f3n en Florida estuvo a cargo de m\u00fasicos compatriotas cuyos espect\u00e1culos incorporaron la lengua de se\u00f1as. Para el director de Educaci\u00f3n, Gabriel Quirici, estos artistas reflejan \u00abuna genuina mezcla de lo que somos los uruguayos\u00bb.<\/p>\n\n\n\n<p>Los festejos comenzaron con un acto protocolar desarrollado en la Piedra Alta de la ciudad de Florida, donde el presidente Yamand\u00fa Orsi y el intendente Carlos Enciso expusieron sobre la fiesta patria.<\/p>\n\n\n\n<p>Por su parte, el director nacional de Educaci\u00f3n, Gabriel Quirici, resalt\u00f3 el valor hist\u00f3rico de la jornada, en la cual se celebran los 200 a\u00f1os de la Declaratoria de la Independencia, lo que signific\u00f3 el inicio de un ciclo independentista que culmin\u00f3 cinco a\u00f1os despu\u00e9s.<\/p>\n\n\n\n<p>Explic\u00f3 que en esta celebraci\u00f3n se cuid\u00f3 el legado de todos los hombres y mujeres que lucharon para crear una comunidad republicana, lo cual supone convivir en diversidad, no solo en lo pol\u00edtico, sino en lo vinculado a los territorios y a las expresiones culturales. \u00abTratamos de cumplir con mirada de futuro el legado de estos 200 a\u00f1os\u00bb, a\u00f1adi\u00f3.<\/p>\n\n\n\n<p><strong>Intervenciones art\u00edsticas<\/strong><\/p>\n\n\n\n<p>Quirici asegur\u00f3 que el conjunto de artistas a cargo el espect\u00e1culo refleja \u00abuna genuina mezcla de lo que somos los uruguayos\u00bb.<\/p>\n\n\n\n<p>La participaci\u00f3n de los artistas comenz\u00f3 a las 19:00 horas, en el teatro de verano de la capital floridense, y sus intervenciones musicales incorporaron la lengua de se\u00f1as uruguaya (LSU). Tambi\u00e9n fueron transmitidas por Canal 5, TV Ciudad, Antel TV y el canal YouTube de Presidencia de la Rep\u00fablica. &nbsp;<\/p>\n\n\n\n<p>La Sinf\u00f3nica de Florida inaugur\u00f3 el encuentro, seguida por las cantantes de estilo folcl\u00f3rico, Luc\u00eda Aramburu y Luc\u00eda Chappe, ambas nativas de Sarand\u00ed Grande.<\/p>\n\n\n\n<p>Posteriormente, la bailarina Gimena Gonz\u00e1lez, oriunda de Sarand\u00ed del Y\u00ed y campeona nacional de malambo, comparti\u00f3 su espect\u00e1culo art\u00edstico y, pasadas las 20:00 horas cerraron la velada Chacho Ramos, Ruben Rada y Maia Castro.<\/p>\n\n\n\n<p>En la oportunidad, los presentes pudieron disfrutar de un video realizado por estudiantes de Historia del Instituto de Formaci\u00f3n Docente de Florida, recordando el 25 de agosto de 1825, as\u00ed como tambi\u00e9n el audiovisual elaborado por Presidencia de la Rep\u00fablica.<\/p>\n\n\n\n<p><\/p>\n","protected":false},"excerpt":{"rendered":"<p>La conmemoraci\u00f3n del inicio del proceso independentista, que culminar\u00e1 en 2030, comenz\u00f3 el pasado 20&#8230;<\/p>\n","protected":false},"author":1,"featured_media":20500,"comment_status":"closed","ping_status":"closed","sticky":false,"template":"","format":"standard","meta":{"_monsterinsights_skip_tracking":false,"_monsterinsights_sitenote_active":false,"_monsterinsights_sitenote_note":"","_monsterinsights_sitenote_category":0,"footnotes":""},"categories":[11],"tags":[],"class_list":["post-20497","post","type-post","status-publish","format-standard","has-post-thumbnail","hentry","category-noticia-destacada"],"featured_image_urls":{"full":["https:\/\/diariotiempo.com.uy\/noticias\/wp-content\/uploads\/2025\/08\/tappa.jpg",900,601,false],"thumbnail":["https:\/\/diariotiempo.com.uy\/noticias\/wp-content\/uploads\/2025\/08\/tappa-150x150.jpg",150,150,true],"medium":["https:\/\/diariotiempo.com.uy\/noticias\/wp-content\/uploads\/2025\/08\/tappa-300x200.jpg",300,200,true],"medium_large":["https:\/\/diariotiempo.com.uy\/noticias\/wp-content\/uploads\/2025\/08\/tappa-768x513.jpg",640,428,true],"large":["https:\/\/diariotiempo.com.uy\/noticias\/wp-content\/uploads\/2025\/08\/tappa.jpg",640,427,false],"rpg_gallery_admin_thumb":["https:\/\/diariotiempo.com.uy\/noticias\/wp-content\/uploads\/2025\/08\/tappa-150x150.jpg",150,150,true],"rpg_gallery_thumb":["https:\/\/diariotiempo.com.uy\/noticias\/wp-content\/uploads\/2025\/08\/tappa-150x150.jpg",150,150,true],"1536x1536":["https:\/\/diariotiempo.com.uy\/noticias\/wp-content\/uploads\/2025\/08\/tappa.jpg",900,601,false],"2048x2048":["https:\/\/diariotiempo.com.uy\/noticias\/wp-content\/uploads\/2025\/08\/tappa.jpg",900,601,false],"covernews-slider-full":["https:\/\/diariotiempo.com.uy\/noticias\/wp-content\/uploads\/2025\/08\/tappa.jpg",900,601,false],"covernews-slider-center":["https:\/\/diariotiempo.com.uy\/noticias\/wp-content\/uploads\/2025\/08\/tappa-800x500.jpg",800,500,true],"covernews-featured":["https:\/\/diariotiempo.com.uy\/noticias\/wp-content\/uploads\/2025\/08\/tappa.jpg",900,601,false],"covernews-medium":["https:\/\/diariotiempo.com.uy\/noticias\/wp-content\/uploads\/2025\/08\/tappa-540x340.jpg",540,340,true],"covernews-medium-square":["https:\/\/diariotiempo.com.uy\/noticias\/wp-content\/uploads\/2025\/08\/tappa-400x250.jpg",400,250,true]},"author_info":{"display_name":"diario","author_link":"https:\/\/diariotiempo.com.uy\/noticias\/author\/diario\/"},"category_info":"<a href=\"https:\/\/diariotiempo.com.uy\/noticias\/category\/noticia-destacada\/\" rel=\"category tag\">NOTICIA DESTACADA<\/a>","tag_info":"NOTICIA DESTACADA","comment_count":"0","_links":{"self":[{"href":"https:\/\/diariotiempo.com.uy\/noticias\/wp-json\/wp\/v2\/posts\/20497","targetHints":{"allow":["GET"]}}],"collection":[{"href":"https:\/\/diariotiempo.com.uy\/noticias\/wp-json\/wp\/v2\/posts"}],"about":[{"href":"https:\/\/diariotiempo.com.uy\/noticias\/wp-json\/wp\/v2\/types\/post"}],"author":[{"embeddable":true,"href":"https:\/\/diariotiempo.com.uy\/noticias\/wp-json\/wp\/v2\/users\/1"}],"replies":[{"embeddable":true,"href":"https:\/\/diariotiempo.com.uy\/noticias\/wp-json\/wp\/v2\/comments?post=20497"}],"version-history":[{"count":3,"href":"https:\/\/diariotiempo.com.uy\/noticias\/wp-json\/wp\/v2\/posts\/20497\/revisions"}],"predecessor-version":[{"id":20504,"href":"https:\/\/diariotiempo.com.uy\/noticias\/wp-json\/wp\/v2\/posts\/20497\/revisions\/20504"}],"wp:featuredmedia":[{"embeddable":true,"href":"https:\/\/diariotiempo.com.uy\/noticias\/wp-json\/wp\/v2\/media\/20500"}],"wp:attachment":[{"href":"https:\/\/diariotiempo.com.uy\/noticias\/wp-json\/wp\/v2\/media?parent=20497"}],"wp:term":[{"taxonomy":"category","embeddable":true,"href":"https:\/\/diariotiempo.com.uy\/noticias\/wp-json\/wp\/v2\/categories?post=20497"},{"taxonomy":"post_tag","embeddable":true,"href":"https:\/\/diariotiempo.com.uy\/noticias\/wp-json\/wp\/v2\/tags?post=20497"}],"curies":[{"name":"wp","href":"https:\/\/api.w.org\/{rel}","templated":true}]}}