{"id":20511,"date":"2025-08-26T15:28:03","date_gmt":"2025-08-26T15:28:03","guid":{"rendered":"https:\/\/diariotiempo.com.uy\/noticias\/?p=20511"},"modified":"2025-08-26T15:28:05","modified_gmt":"2025-08-26T15:28:05","slug":"panamericanos-juniors","status":"publish","type":"post","link":"https:\/\/diariotiempo.com.uy\/noticias\/2025\/08\/26\/panamericanos-juniors\/","title":{"rendered":"Panamericanos Juniors"},"content":{"rendered":"\n<figure class=\"wp-block-image size-full\"><img loading=\"lazy\" decoding=\"async\" width=\"900\" height=\"494\" src=\"https:\/\/diariotiempo.com.uy\/noticias\/wp-content\/uploads\/2025\/08\/todos.jpg\" alt=\"\" class=\"wp-image-20512\" srcset=\"https:\/\/diariotiempo.com.uy\/noticias\/wp-content\/uploads\/2025\/08\/todos.jpg 900w, https:\/\/diariotiempo.com.uy\/noticias\/wp-content\/uploads\/2025\/08\/todos-300x165.jpg 300w, https:\/\/diariotiempo.com.uy\/noticias\/wp-content\/uploads\/2025\/08\/todos-768x422.jpg 768w\" sizes=\"auto, (max-width: 900px) 100vw, 900px\" \/><\/figure>\n\n\n\n<p><strong>Dio por terminada la hist\u00f3rica participaci\u00f3n deportiva de Uruguay.<\/strong><\/p>\n\n\n\n<p>Se dio por terminada la participaci\u00f3n deportiva de Uruguay en los II Juegos Panamericanos Junior Asunci\u00f3n 2025.<\/p>\n\n\n\n<p>La hist\u00f3rica delegaci\u00f3n celeste, compuesta por 121 deportistas, logr\u00f3 un total de 13 medallas (1oro\/ 6plata \/6 bronce ) y consigui\u00f3 una clasificaci\u00f3n directa a los Juegos Panamericanos Lima 2027, gracias a la medalla de oro de Luciano Garc\u00eda en rem<\/p>\n\n\n\n<p>La ceremonia de clausura cont\u00f3 con la actuaci\u00f3n de la banda uruguaya Rombai<\/p>\n\n\n\n<p>Los abanderados del desfile de cierre ser\u00e1n Tom\u00e1s Dotta (karate) y Emilia Milich (canotaje).<\/p>\n\n\n\n<p>Estos fueron los medallistas celestes en ASU2025:<\/p>\n\n\n\n<p><strong>ORO (1)<\/strong><\/p>\n\n\n\n<p>*Luciano Garc\u00eda \u2013 Remo (single abierto) \u2013 Clasificado a Lima 2027<\/p>\n\n\n\n<p><strong>PLATA (6)<\/strong><\/p>\n\n\n\n<p>*Ciro P\u00e9rez \u2013 Ciclismo (Ruta individual)<\/p>\n\n\n\n<p>*Mar\u00eda Sara Grippoli \u2013 Taekwondo (-49kg)<\/p>\n\n\n\n<p>*Rugby 7\u2019s \u2013 Equipo masculino<\/p>\n\n\n\n<p>*Tom\u00e1s Dotta \u2013 Karate (-84kg)<\/p>\n\n\n\n<p>*Manuela Rotundo \u2013 Atletismo (jabalina)<\/p>\n\n\n\n<p>*Tadeo Arca y Mat\u00edas Maccio \u2013 Canotaje (K2 500m)<\/p>\n\n\n\n<p><strong>BRONCE (6)<\/strong><\/p>\n\n\n\n<p>*Cloe Callorda \u2013 Remo (single abierto)<\/p>\n\n\n\n<p>*Angelina Solari \u2013 Nataci\u00f3n (50m libre)<\/p>\n\n\n\n<p>*Emilia Milich \u2013 Canotaje (K1 200m)<\/p>\n\n\n\n<p>*Emilia Milich \u2013 Canotaje (K1 500m)<\/p>\n\n\n\n<p>*Mat\u00edas L\u00f3pez \u2013 Taekwondo (-68kg)<\/p>\n\n\n\n<p>*Bruno Ayphassorho \u2013 Karate (-67kg).Fotos Comit\u00e9 O. U.<\/p>\n","protected":false},"excerpt":{"rendered":"<p>Dio por terminada la hist\u00f3rica participaci\u00f3n deportiva de Uruguay. Se dio por terminada la participaci\u00f3n&#8230;<\/p>\n","protected":false},"author":1,"featured_media":20512,"comment_status":"closed","ping_status":"closed","sticky":false,"template":"","format":"standard","meta":{"_monsterinsights_skip_tracking":false,"_monsterinsights_sitenote_active":false,"_monsterinsights_sitenote_note":"","_monsterinsights_sitenote_category":0,"footnotes":""},"categories":[8],"tags":[],"class_list":["post-20511","post","type-post","status-publish","format-standard","has-post-thumbnail","hentry","category-deporte"],"featured_image_urls":{"full":["https:\/\/diariotiempo.com.uy\/noticias\/wp-content\/uploads\/2025\/08\/todos.jpg",900,494,false],"thumbnail":["https:\/\/diariotiempo.com.uy\/noticias\/wp-content\/uploads\/2025\/08\/todos-150x150.jpg",150,150,true],"medium":["https:\/\/diariotiempo.com.uy\/noticias\/wp-content\/uploads\/2025\/08\/todos-300x165.jpg",300,165,true],"medium_large":["https:\/\/diariotiempo.com.uy\/noticias\/wp-content\/uploads\/2025\/08\/todos-768x422.jpg",640,352,true],"large":["https:\/\/diariotiempo.com.uy\/noticias\/wp-content\/uploads\/2025\/08\/todos.jpg",640,351,false],"rpg_gallery_admin_thumb":["https:\/\/diariotiempo.com.uy\/noticias\/wp-content\/uploads\/2025\/08\/todos-150x150.jpg",150,150,true],"rpg_gallery_thumb":["https:\/\/diariotiempo.com.uy\/noticias\/wp-content\/uploads\/2025\/08\/todos-150x150.jpg",150,150,true],"1536x1536":["https:\/\/diariotiempo.com.uy\/noticias\/wp-content\/uploads\/2025\/08\/todos.jpg",900,494,false],"2048x2048":["https:\/\/diariotiempo.com.uy\/noticias\/wp-content\/uploads\/2025\/08\/todos.jpg",900,494,false],"covernews-slider-full":["https:\/\/diariotiempo.com.uy\/noticias\/wp-content\/uploads\/2025\/08\/todos.jpg",900,494,false],"covernews-slider-center":["https:\/\/diariotiempo.com.uy\/noticias\/wp-content\/uploads\/2025\/08\/todos-800x494.jpg",800,494,true],"covernews-featured":["https:\/\/diariotiempo.com.uy\/noticias\/wp-content\/uploads\/2025\/08\/todos.jpg",900,494,false],"covernews-medium":["https:\/\/diariotiempo.com.uy\/noticias\/wp-content\/uploads\/2025\/08\/todos-540x340.jpg",540,340,true],"covernews-medium-square":["https:\/\/diariotiempo.com.uy\/noticias\/wp-content\/uploads\/2025\/08\/todos-400x250.jpg",400,250,true]},"author_info":{"display_name":"diario","author_link":"https:\/\/diariotiempo.com.uy\/noticias\/author\/diario\/"},"category_info":"<a href=\"https:\/\/diariotiempo.com.uy\/noticias\/category\/deporte\/\" rel=\"category tag\">DEPORTE<\/a>","tag_info":"DEPORTE","comment_count":"0","_links":{"self":[{"href":"https:\/\/diariotiempo.com.uy\/noticias\/wp-json\/wp\/v2\/posts\/20511","targetHints":{"allow":["GET"]}}],"collection":[{"href":"https:\/\/diariotiempo.com.uy\/noticias\/wp-json\/wp\/v2\/posts"}],"about":[{"href":"https:\/\/diariotiempo.com.uy\/noticias\/wp-json\/wp\/v2\/types\/post"}],"author":[{"embeddable":true,"href":"https:\/\/diariotiempo.com.uy\/noticias\/wp-json\/wp\/v2\/users\/1"}],"replies":[{"embeddable":true,"href":"https:\/\/diariotiempo.com.uy\/noticias\/wp-json\/wp\/v2\/comments?post=20511"}],"version-history":[{"count":1,"href":"https:\/\/diariotiempo.com.uy\/noticias\/wp-json\/wp\/v2\/posts\/20511\/revisions"}],"predecessor-version":[{"id":20513,"href":"https:\/\/diariotiempo.com.uy\/noticias\/wp-json\/wp\/v2\/posts\/20511\/revisions\/20513"}],"wp:featuredmedia":[{"embeddable":true,"href":"https:\/\/diariotiempo.com.uy\/noticias\/wp-json\/wp\/v2\/media\/20512"}],"wp:attachment":[{"href":"https:\/\/diariotiempo.com.uy\/noticias\/wp-json\/wp\/v2\/media?parent=20511"}],"wp:term":[{"taxonomy":"category","embeddable":true,"href":"https:\/\/diariotiempo.com.uy\/noticias\/wp-json\/wp\/v2\/categories?post=20511"},{"taxonomy":"post_tag","embeddable":true,"href":"https:\/\/diariotiempo.com.uy\/noticias\/wp-json\/wp\/v2\/tags?post=20511"}],"curies":[{"name":"wp","href":"https:\/\/api.w.org\/{rel}","templated":true}]}}