{"id":20514,"date":"2025-08-26T15:29:26","date_gmt":"2025-08-26T15:29:26","guid":{"rendered":"https:\/\/diariotiempo.com.uy\/noticias\/?p=20514"},"modified":"2025-08-26T15:29:28","modified_gmt":"2025-08-26T15:29:28","slug":"palacio-legislativo-simbolo-de-la-democracia-uruguaya-cumplio-100-anos","status":"publish","type":"post","link":"https:\/\/diariotiempo.com.uy\/noticias\/2025\/08\/26\/palacio-legislativo-simbolo-de-la-democracia-uruguaya-cumplio-100-anos\/","title":{"rendered":"Palacio Legislativo, s\u00edmbolo de la\u00a0democracia uruguaya, cumpli\u00f3 100 a\u00f1os"},"content":{"rendered":"\n<figure class=\"wp-block-gallery has-nested-images columns-default is-cropped wp-block-gallery-1 is-layout-flex wp-block-gallery-is-layout-flex\">\n<figure class=\"wp-block-image size-large\"><img loading=\"lazy\" decoding=\"async\" width=\"682\" height=\"453\" data-id=\"20516\" src=\"https:\/\/diariotiempo.com.uy\/noticias\/wp-content\/uploads\/2025\/08\/PARLAMENTO-1.jpg\" alt=\"\" class=\"wp-image-20516\" srcset=\"https:\/\/diariotiempo.com.uy\/noticias\/wp-content\/uploads\/2025\/08\/PARLAMENTO-1.jpg 682w, https:\/\/diariotiempo.com.uy\/noticias\/wp-content\/uploads\/2025\/08\/PARLAMENTO-1-300x199.jpg 300w\" sizes=\"auto, (max-width: 682px) 100vw, 682px\" \/><\/figure>\n\n\n\n<figure class=\"wp-block-image size-large\"><img loading=\"lazy\" decoding=\"async\" width=\"682\" height=\"453\" data-id=\"20515\" src=\"https:\/\/diariotiempo.com.uy\/noticias\/wp-content\/uploads\/2025\/08\/PALACIO-TODO.jpg\" alt=\"\" class=\"wp-image-20515\" srcset=\"https:\/\/diariotiempo.com.uy\/noticias\/wp-content\/uploads\/2025\/08\/PALACIO-TODO.jpg 682w, https:\/\/diariotiempo.com.uy\/noticias\/wp-content\/uploads\/2025\/08\/PALACIO-TODO-300x199.jpg 300w\" sizes=\"auto, (max-width: 682px) 100vw, 682px\" \/><\/figure>\n<\/figure>\n\n\n\n<p>La celebraci\u00f3n del centenario del Palacio Legislativo cont\u00f3 con la asistencia del presidente de la Rep\u00fablica, Yamand\u00fa Orsi, parlamentarios, autoridades nacionales y departamentales. Como parte de los festejos, sesion\u00f3 la Asamblea General, se emiti\u00f3 un audiovisual y la Orquesta Sinf\u00f3nica del Sodre y su Coro Nacional ofrecieron un concierto.<\/p>\n\n\n\n<p>El Palacio de las Leyes, nombre con el que fue concebido originalmente, se fund\u00f3 el 25 de agosto de 1925, en ocasi\u00f3n del centenario de la Declaratoria de la Independencia del pa\u00eds. Se considera un s\u00edmbolo de la democracia uruguaya, y en 1975 fue declarado Monumento Hist\u00f3rico Nacional.<\/p>\n\n\n\n<p>La conmemoraci\u00f3n comenz\u00f3 en horas de la tarde de este 25 de agosto, jornada en la cual tambi\u00e9n se celebraron los 200 a\u00f1os de la Declaratoria de la Independencia en Florida. En ambas ceremonias estuvo presente el presidente Yamand\u00fa Orsi.<\/p>\n\n\n\n<p>Al palacio asistieron el secretario y el prosecretario de la Presidencia, Alejandro S\u00e1nchez, y Jorge D\u00edaz, respectivamente; la vicepresidenta, Carolina Cosse; las exvicepresidentas Luc\u00eda Topolansky y Beatriz Argim\u00f3n; el expresidente Julio Mar\u00eda Sanguinetti; representantes del Gabinete ministerial, legisladores, jerarcas estatales y diplom\u00e1ticos, entre otras personalidades.<\/p>\n\n\n\n<p>Al comienzo de la sesi\u00f3n de la Asamblea General, se emiti\u00f3 una pieza audiovisual con los principales hitos hist\u00f3ricos del palacio. A continuaci\u00f3n, las autoridades se trasladaron al sal\u00f3n de los Pasos Perdidos para presenciar un concierto de la Orquesta Sinf\u00f3nica del Sodre y la interpretaci\u00f3n de su Coro Nacional.<\/p>\n\n\n\n<p>Como cierre de la celebraci\u00f3n, se procedi\u00f3 al arriado de los pabellones patrios ubicados a los lados de las escalinatas exteriores del palacio.<\/p>\n\n\n\n<p>Aspectos constructivos del Palacio Legislativo<\/p>\n\n\n\n<p>Dise\u00f1ado por el arquitecto italiano V\u00edctor Meano, y finalizado por su hom\u00f3logo Cayetano Moretti, fue construido entre 1904 y 1925, con un estilo neocl\u00e1sico inspirado en la arquitectura griega.<\/p>\n\n\n\n<p>Moretti incorpor\u00f3 a los planos originales la b\u00f3veda romana como techo de la nave central del Sal\u00f3n de Pasos Perdidos. Tambi\u00e9n cre\u00f3 el crucero, abovedado, y el lucernario que corona el cruce de ambas b\u00f3vedas.<\/p>\n\n\n\n<p>El crucero crea el espacio previo de la llegada a las antesalas de las salas de sesiones de Diputados y de Senadores.<\/p>\n\n\n\n<p>Sobre cada una de ellas, se observa un peque\u00f1o front\u00f3n griego, esculturas y bajorrelieves, obras del escultor uruguayo Edmundo Prati. En la parte superior, se ubican vitrales en colores en forma de media circunferencia que complementan la iluminaci\u00f3n del Sal\u00f3n de Pasos Perdidos.<\/p>\n\n\n\n<p>La b\u00f3veda de la nave central est\u00e1 enriquecida con relieves del escultor uruguayo Jos\u00e9 Belloni, finaliza en dos lunetos cubiertos por mosaicos.<\/p>\n\n\n\n<p>En el exterior del edificio se encuentra el p\u00f3rtico de entrada, con un t\u00edmpano decorado con relieves de gran jerarqu\u00eda realizados por el escultor italiano Gianino Castiglioni.<\/p>\n\n\n\n<p>Los arquitectos colaboradores, V\u00e1zquez Varela y Banchini, adaptaron las rampas exteriores originales descendiendo su nivel a la mitad de la altura inicial. Moretti mantuvo esta \u00faltima soluci\u00f3n, pero a\u00f1adi\u00f3 el enganche con el p\u00f3rtico, lo cual acentu\u00f3 el car\u00e1cter monumental del edificio.<\/p>\n\n\n\n<p><strong>Revestimientos<\/strong><\/p>\n\n\n\n<p>El exterior del palacio est\u00e1 cubierto por distintos m\u00e1rmoles, as\u00ed como gran parte de su interior. Las antesalas est\u00e1n revestidas en sedas y nogal, presentan vitrales en sus extremos, y un techo artesonado. La salas de sesiones del Senado y Diputados tienen coberturas de lambriz caoba y vitrales en los techos<\/p>\n\n\n\n<p>El sal\u00f3n de fiestas, ubicado en el extremo del Sal\u00f3n de Pasos Perdidos, est\u00e1 compuesto por un espacio central importante y dos salas menores a cada lado. La decoraci\u00f3n de sus techos fue realizada por el artista nacional Enrique Albertazza . En sus paredes, a\u00fan no tapizadas, cuelgan grandes cuadros murales como Las Instrucciones del a\u00f1o XIII, de Pedro Blanes Viale, y La Batalla de las Piedras, de Manuel Ros\u00e9. Tambi\u00e9n retratos de h\u00e9roes nacionales , Rivera, Oribe, y Lavalleja, pintados por Jos\u00e9 Luis Zorrilla de San Mart\u00edn y por Manuel Ros\u00e9.<\/p>\n\n\n\n<p>El sal\u00f3n central de la biblioteca, ubicado en el segundo piso del edificio, est\u00e1 revestido en su doble altura con anaqueles de caoba en dos cuerpos superpuestos, separados por un balc\u00f3n, del que se accede a los libros de la parte superior. Capiteles de bronce, delgadas columnas de maderas claras, refinadas taraceas, y un plaf\u00f3n de caoba artesonado, culminan la decoraci\u00f3n.<\/p>\n\n\n\n<p><strong>Ubicaci\u00f3n<\/strong><\/p>\n\n\n\n<p>Emplazado en el barrio La Aguada, el palacio est\u00e1 rodeado por la Avenida de Las Leyes. Su ingreso principal ostenta unas importantes escalinatas orientadas hacia el centro de la ciudad, frente a la Avenida de Libertador Brigadier General Juan Antonio Lavalleja. &nbsp;<\/p>\n\n\n\n<p>\u00abDepartamento de Fotograf\u00eda del Parlamento del Uruguay\u00bb.<\/p>\n","protected":false},"excerpt":{"rendered":"<p>La celebraci\u00f3n del centenario del Palacio Legislativo cont\u00f3 con la asistencia del presidente de la&#8230;<\/p>\n","protected":false},"author":1,"featured_media":20515,"comment_status":"closed","ping_status":"closed","sticky":false,"template":"","format":"standard","meta":{"_monsterinsights_skip_tracking":false,"_monsterinsights_sitenote_active":false,"_monsterinsights_sitenote_note":"","_monsterinsights_sitenote_category":0,"footnotes":""},"categories":[79],"tags":[],"class_list":["post-20514","post","type-post","status-publish","format-standard","has-post-thumbnail","hentry","category-nacionales"],"featured_image_urls":{"full":["https:\/\/diariotiempo.com.uy\/noticias\/wp-content\/uploads\/2025\/08\/PALACIO-TODO.jpg",682,453,false],"thumbnail":["https:\/\/diariotiempo.com.uy\/noticias\/wp-content\/uploads\/2025\/08\/PALACIO-TODO-150x150.jpg",150,150,true],"medium":["https:\/\/diariotiempo.com.uy\/noticias\/wp-content\/uploads\/2025\/08\/PALACIO-TODO-300x199.jpg",300,199,true],"medium_large":["https:\/\/diariotiempo.com.uy\/noticias\/wp-content\/uploads\/2025\/08\/PALACIO-TODO.jpg",640,425,false],"large":["https:\/\/diariotiempo.com.uy\/noticias\/wp-content\/uploads\/2025\/08\/PALACIO-TODO.jpg",640,425,false],"rpg_gallery_admin_thumb":["https:\/\/diariotiempo.com.uy\/noticias\/wp-content\/uploads\/2025\/08\/PALACIO-TODO-150x150.jpg",150,150,true],"rpg_gallery_thumb":["https:\/\/diariotiempo.com.uy\/noticias\/wp-content\/uploads\/2025\/08\/PALACIO-TODO-150x150.jpg",150,150,true],"1536x1536":["https:\/\/diariotiempo.com.uy\/noticias\/wp-content\/uploads\/2025\/08\/PALACIO-TODO.jpg",682,453,false],"2048x2048":["https:\/\/diariotiempo.com.uy\/noticias\/wp-content\/uploads\/2025\/08\/PALACIO-TODO.jpg",682,453,false],"covernews-slider-full":["https:\/\/diariotiempo.com.uy\/noticias\/wp-content\/uploads\/2025\/08\/PALACIO-TODO.jpg",682,453,false],"covernews-slider-center":["https:\/\/diariotiempo.com.uy\/noticias\/wp-content\/uploads\/2025\/08\/PALACIO-TODO.jpg",682,453,false],"covernews-featured":["https:\/\/diariotiempo.com.uy\/noticias\/wp-content\/uploads\/2025\/08\/PALACIO-TODO.jpg",682,453,false],"covernews-medium":["https:\/\/diariotiempo.com.uy\/noticias\/wp-content\/uploads\/2025\/08\/PALACIO-TODO-540x340.jpg",540,340,true],"covernews-medium-square":["https:\/\/diariotiempo.com.uy\/noticias\/wp-content\/uploads\/2025\/08\/PALACIO-TODO-400x250.jpg",400,250,true]},"author_info":{"display_name":"diario","author_link":"https:\/\/diariotiempo.com.uy\/noticias\/author\/diario\/"},"category_info":"<a href=\"https:\/\/diariotiempo.com.uy\/noticias\/category\/nacionales\/\" rel=\"category tag\">NACIONALES<\/a>","tag_info":"NACIONALES","comment_count":"0","_links":{"self":[{"href":"https:\/\/diariotiempo.com.uy\/noticias\/wp-json\/wp\/v2\/posts\/20514","targetHints":{"allow":["GET"]}}],"collection":[{"href":"https:\/\/diariotiempo.com.uy\/noticias\/wp-json\/wp\/v2\/posts"}],"about":[{"href":"https:\/\/diariotiempo.com.uy\/noticias\/wp-json\/wp\/v2\/types\/post"}],"author":[{"embeddable":true,"href":"https:\/\/diariotiempo.com.uy\/noticias\/wp-json\/wp\/v2\/users\/1"}],"replies":[{"embeddable":true,"href":"https:\/\/diariotiempo.com.uy\/noticias\/wp-json\/wp\/v2\/comments?post=20514"}],"version-history":[{"count":1,"href":"https:\/\/diariotiempo.com.uy\/noticias\/wp-json\/wp\/v2\/posts\/20514\/revisions"}],"predecessor-version":[{"id":20517,"href":"https:\/\/diariotiempo.com.uy\/noticias\/wp-json\/wp\/v2\/posts\/20514\/revisions\/20517"}],"wp:featuredmedia":[{"embeddable":true,"href":"https:\/\/diariotiempo.com.uy\/noticias\/wp-json\/wp\/v2\/media\/20515"}],"wp:attachment":[{"href":"https:\/\/diariotiempo.com.uy\/noticias\/wp-json\/wp\/v2\/media?parent=20514"}],"wp:term":[{"taxonomy":"category","embeddable":true,"href":"https:\/\/diariotiempo.com.uy\/noticias\/wp-json\/wp\/v2\/categories?post=20514"},{"taxonomy":"post_tag","embeddable":true,"href":"https:\/\/diariotiempo.com.uy\/noticias\/wp-json\/wp\/v2\/tags?post=20514"}],"curies":[{"name":"wp","href":"https:\/\/api.w.org\/{rel}","templated":true}]}}