{"id":20521,"date":"2025-08-27T12:42:50","date_gmt":"2025-08-27T12:42:50","guid":{"rendered":"https:\/\/diariotiempo.com.uy\/noticias\/?p=20521"},"modified":"2025-08-27T12:42:52","modified_gmt":"2025-08-27T12:42:52","slug":"inedita-intervencion-toracica-en-el-hospital-maciel","status":"publish","type":"post","link":"https:\/\/diariotiempo.com.uy\/noticias\/2025\/08\/27\/inedita-intervencion-toracica-en-el-hospital-maciel\/","title":{"rendered":"In\u00e9dita intervenci\u00f3n tor\u00e1cica en el Hospital Maciel"},"content":{"rendered":"\n<figure class=\"wp-block-image size-full\"><img loading=\"lazy\" decoding=\"async\" width=\"900\" height=\"497\" src=\"https:\/\/diariotiempo.com.uy\/noticias\/wp-content\/uploads\/2025\/08\/pulmon.jpg\" alt=\"\" class=\"wp-image-20522\" srcset=\"https:\/\/diariotiempo.com.uy\/noticias\/wp-content\/uploads\/2025\/08\/pulmon.jpg 900w, https:\/\/diariotiempo.com.uy\/noticias\/wp-content\/uploads\/2025\/08\/pulmon-300x166.jpg 300w, https:\/\/diariotiempo.com.uy\/noticias\/wp-content\/uploads\/2025\/08\/pulmon-768x424.jpg 768w\" sizes=\"auto, (max-width: 900px) 100vw, 900px\" \/><\/figure>\n\n\n\n<p>El equipo de T\u00f3rax del Hospital Maciel concret\u00f3 de forma exitosa una intervenci\u00f3n quir\u00fargica con un doble objetivo: extirpar un tumor y colocar una pr\u00f3tesis 3D para reconstruir la zona afectada.<\/p>\n\n\n\n<p>La operaci\u00f3n realizada en agosto de 2025 representa un hito para la salud p\u00fablica del Uruguay desde el punto de vista quir\u00fargico y tecnol\u00f3gico. Esta intervenci\u00f3n representa un paso adelante en materia asistencial y de innovaci\u00f3n, permitiendo a los usuarios de ASSE poder acceder a este tipo de cirug\u00edas de alta complejidad.<\/p>\n\n\n\n<p>El caso corresponde a una mujer de 26 a\u00f1os, diagnosticada con un sarcoma de Ewing. Se trata de un tumor raro y agresivo, que invadi\u00f3 su pared tor\u00e1cica.<\/p>\n\n\n\n<p>El tratamiento se inici\u00f3 un a\u00f1o atr\u00e1s, buscando a trav\u00e9s de radioterapia y quimioterapia, reducir el volumen del tumor, de forma tal de poder proceder con la intervenci\u00f3n para retirarlo. Su ubicaci\u00f3n determinaba la necesidad de extirpar el pulm\u00f3n derecho y tambi\u00e9n quitar m\u00fasculos y costillas de la pared tor\u00e1cica.<\/p>\n\n\n\n<p>El Dr. Emilio Durand explic\u00f3 que \u00abCuando lleg\u00f3 a un tama\u00f1o que permit\u00eda su remoci\u00f3n, se planifica la cirug\u00eda. No solo para sacar el tumor sino tambi\u00e9n para remover estructuras alrededor que nosotros llamamos el margen; que sea un margen oncol\u00f3gico suficiente para que el tumor no vuelva\u00bb.<\/p>\n\n\n\n<p>Para la reconstrucci\u00f3n de esa zona se procedi\u00f3, con la participaci\u00f3n de profesionales de varias especialidades, a dise\u00f1ar una pr\u00f3tesis 3D de titanio. Se trata de una pieza confeccionada en Argentina. Fue dise\u00f1ada digitalmente y hecha a medida para la anatom\u00eda exacta de la paciente. La pr\u00f3tesis permite dar estabilidad, protecci\u00f3n a \u00f3rganos vitales y mejor recuperaci\u00f3n respiratoria. Se coloc\u00f3 con barras y mallas, fijadas a medida. El costo de esta pieza fue absorbido por el Hospital Maciel.<\/p>\n\n\n\n<p>Desde el punto de vista de la atenci\u00f3n al paciente, el director del Maciel, Dr. Fernando Ramos, indic\u00f3 que \u00abEs clave explicar, brindar informaci\u00f3n. Que el paciente sepa lo que se va a hacer. Y tambi\u00e9n es importante el apoyo en psicolog\u00eda para acompa\u00f1ar determinados procesos\u00bb. Ramos agreg\u00f3 que el equipo de psicolog\u00eda m\u00e9dica sigue acompa\u00f1ando a la paciente en todo lo necesario tras la operaci\u00f3n.<\/p>\n\n\n\n<p>Ramos destac\u00f3 la capacidad instalada en el hospital para lograr este tipo de intervenciones in\u00e9ditas: \u00abEstamos orgullosos que se pueda hacer esto para los pacientes de ASSE\u00bb.<\/p>\n\n\n\n<p>El procedimiento fue realizado por el Centro de Referencia de Cirug\u00eda de T\u00f3rax del Hospital Maciel, cuyo equipo est\u00e1 integrado por el Prof. Gerardo Bruno, Dr. Emilio Durand, Dr. Julio Trostchansky, Dr. Luis Chaparro y Dr. Atahualpa Campos. Dicho centro es de referencia nacional y cuenta con la tecnolog\u00eda para atender a pacientes de todo el pa\u00eds.<\/p>\n\n\n\n<p><\/p>\n","protected":false},"excerpt":{"rendered":"<p>El equipo de T\u00f3rax del Hospital Maciel concret\u00f3 de forma exitosa una intervenci\u00f3n quir\u00fargica con&#8230;<\/p>\n","protected":false},"author":1,"featured_media":20522,"comment_status":"closed","ping_status":"closed","sticky":false,"template":"","format":"standard","meta":{"_monsterinsights_skip_tracking":false,"_monsterinsights_sitenote_active":false,"_monsterinsights_sitenote_note":"","_monsterinsights_sitenote_category":0,"footnotes":""},"categories":[70],"tags":[],"class_list":["post-20521","post","type-post","status-publish","format-standard","has-post-thumbnail","hentry","category-salud"],"featured_image_urls":{"full":["https:\/\/diariotiempo.com.uy\/noticias\/wp-content\/uploads\/2025\/08\/pulmon.jpg",900,497,false],"thumbnail":["https:\/\/diariotiempo.com.uy\/noticias\/wp-content\/uploads\/2025\/08\/pulmon-150x150.jpg",150,150,true],"medium":["https:\/\/diariotiempo.com.uy\/noticias\/wp-content\/uploads\/2025\/08\/pulmon-300x166.jpg",300,166,true],"medium_large":["https:\/\/diariotiempo.com.uy\/noticias\/wp-content\/uploads\/2025\/08\/pulmon-768x424.jpg",640,353,true],"large":["https:\/\/diariotiempo.com.uy\/noticias\/wp-content\/uploads\/2025\/08\/pulmon.jpg",640,353,false],"rpg_gallery_admin_thumb":["https:\/\/diariotiempo.com.uy\/noticias\/wp-content\/uploads\/2025\/08\/pulmon-150x150.jpg",150,150,true],"rpg_gallery_thumb":["https:\/\/diariotiempo.com.uy\/noticias\/wp-content\/uploads\/2025\/08\/pulmon-150x150.jpg",150,150,true],"1536x1536":["https:\/\/diariotiempo.com.uy\/noticias\/wp-content\/uploads\/2025\/08\/pulmon.jpg",900,497,false],"2048x2048":["https:\/\/diariotiempo.com.uy\/noticias\/wp-content\/uploads\/2025\/08\/pulmon.jpg",900,497,false],"covernews-slider-full":["https:\/\/diariotiempo.com.uy\/noticias\/wp-content\/uploads\/2025\/08\/pulmon.jpg",900,497,false],"covernews-slider-center":["https:\/\/diariotiempo.com.uy\/noticias\/wp-content\/uploads\/2025\/08\/pulmon-800x497.jpg",800,497,true],"covernews-featured":["https:\/\/diariotiempo.com.uy\/noticias\/wp-content\/uploads\/2025\/08\/pulmon.jpg",900,497,false],"covernews-medium":["https:\/\/diariotiempo.com.uy\/noticias\/wp-content\/uploads\/2025\/08\/pulmon-540x340.jpg",540,340,true],"covernews-medium-square":["https:\/\/diariotiempo.com.uy\/noticias\/wp-content\/uploads\/2025\/08\/pulmon-400x250.jpg",400,250,true]},"author_info":{"display_name":"diario","author_link":"https:\/\/diariotiempo.com.uy\/noticias\/author\/diario\/"},"category_info":"<a href=\"https:\/\/diariotiempo.com.uy\/noticias\/category\/salud\/\" rel=\"category tag\">SALUD<\/a>","tag_info":"SALUD","comment_count":"0","_links":{"self":[{"href":"https:\/\/diariotiempo.com.uy\/noticias\/wp-json\/wp\/v2\/posts\/20521","targetHints":{"allow":["GET"]}}],"collection":[{"href":"https:\/\/diariotiempo.com.uy\/noticias\/wp-json\/wp\/v2\/posts"}],"about":[{"href":"https:\/\/diariotiempo.com.uy\/noticias\/wp-json\/wp\/v2\/types\/post"}],"author":[{"embeddable":true,"href":"https:\/\/diariotiempo.com.uy\/noticias\/wp-json\/wp\/v2\/users\/1"}],"replies":[{"embeddable":true,"href":"https:\/\/diariotiempo.com.uy\/noticias\/wp-json\/wp\/v2\/comments?post=20521"}],"version-history":[{"count":1,"href":"https:\/\/diariotiempo.com.uy\/noticias\/wp-json\/wp\/v2\/posts\/20521\/revisions"}],"predecessor-version":[{"id":20523,"href":"https:\/\/diariotiempo.com.uy\/noticias\/wp-json\/wp\/v2\/posts\/20521\/revisions\/20523"}],"wp:featuredmedia":[{"embeddable":true,"href":"https:\/\/diariotiempo.com.uy\/noticias\/wp-json\/wp\/v2\/media\/20522"}],"wp:attachment":[{"href":"https:\/\/diariotiempo.com.uy\/noticias\/wp-json\/wp\/v2\/media?parent=20521"}],"wp:term":[{"taxonomy":"category","embeddable":true,"href":"https:\/\/diariotiempo.com.uy\/noticias\/wp-json\/wp\/v2\/categories?post=20521"},{"taxonomy":"post_tag","embeddable":true,"href":"https:\/\/diariotiempo.com.uy\/noticias\/wp-json\/wp\/v2\/tags?post=20521"}],"curies":[{"name":"wp","href":"https:\/\/api.w.org\/{rel}","templated":true}]}}