{"id":20534,"date":"2025-08-29T14:13:23","date_gmt":"2025-08-29T14:13:23","guid":{"rendered":"https:\/\/diariotiempo.com.uy\/noticias\/?p=20534"},"modified":"2025-08-29T14:13:24","modified_gmt":"2025-08-29T14:13:24","slug":"con-planteos-de-movilidad-y-seguridad-vial-culmino-la-recorrida-de-ministra-etcheverry-en-el-departamento","status":"publish","type":"post","link":"https:\/\/diariotiempo.com.uy\/noticias\/2025\/08\/29\/con-planteos-de-movilidad-y-seguridad-vial-culmino-la-recorrida-de-ministra-etcheverry-en-el-departamento\/","title":{"rendered":"Con planteos de movilidad y seguridad vial culmin\u00f3 la recorrida de ministra Etcheverry en el departamento"},"content":{"rendered":"\n<figure class=\"wp-block-image size-full\"><img loading=\"lazy\" decoding=\"async\" width=\"800\" height=\"432\" src=\"https:\/\/diariotiempo.com.uy\/noticias\/wp-content\/uploads\/2025\/08\/TRANSPORTE.jpg\" alt=\"\" class=\"wp-image-20535\" srcset=\"https:\/\/diariotiempo.com.uy\/noticias\/wp-content\/uploads\/2025\/08\/TRANSPORTE.jpg 800w, https:\/\/diariotiempo.com.uy\/noticias\/wp-content\/uploads\/2025\/08\/TRANSPORTE-300x162.jpg 300w, https:\/\/diariotiempo.com.uy\/noticias\/wp-content\/uploads\/2025\/08\/TRANSPORTE-768x415.jpg 768w\" sizes=\"auto, (max-width: 800px) 100vw, 800px\" \/><\/figure>\n\n\n\n<p>La ministra de Transporte y Obras P\u00fablicas, Luc\u00eda Etcheverry, junto a su equipo, culmin\u00f3 una importante recorrida de dos jornadas por el departamento de Canelones. Esta visita, enmarcada en una gira nacional, tuvo como objetivo principal establecer un intercambio con el gobierno departamental y los municipios, buscando poner en com\u00fan prioridades especialmente en la etapa de elaboraci\u00f3n de presupuestos.<\/p>\n\n\n\n<p>La agenda incluy\u00f3 encuentros claves con el intendente de Canelones, Francisco Legnani, y su equipo de gobierno departamental, as\u00ed como reuniones con los 32 alcaldes de Canelones, divididos en diversas instancias de di\u00e1logo. Los encuentros contaron con la participaci\u00f3n del equipo de direcci\u00f3n y t\u00e9cnico del ministerio, as\u00ed como autoridades departamentales y legisladores nacionales. El director general de Descentralizaci\u00f3n y Participaci\u00f3n, Ruben Moreno, destac\u00f3 la importancia de la coordinaci\u00f3n y el trabajo multinivel entre el gobierno nacional, los gobiernos departamentales y los municipios, calificando la participaci\u00f3n de los 32 alcaldes como \u201cmuy gratificante\u201d. <\/p>\n\n\n\n<p>Entre las necesidades y problem\u00e1ticas planteadas se mencionaron el transporte de carga y la necesidad de bypass en la zona noreste del departamento, particularmente en el Santoral, y la caminer\u00eda rural como prioridad. En este apartado, Etcheverry remarc\u00f3 la necesaria inclusi\u00f3n de prioridades m\u00e1s all\u00e1 de las competencias de la Intendencia y el Ministerio. Otra de las preocupaciones planteadas en estas jornadas fue el ferrocarril y su impacto en el eje de Ruta 5. Adem\u00e1s, la necesidad de conectividad norte-sur en la Costa de Oro y Ciudad de la Costa, incluyendo rutas importantes como la Interbalnearia o la Ruta 11, y la seguridad vial debido a la convivencia con peatones y ciclistas. Entre otros planteos, se habl\u00f3 de la importancia del transporte p\u00fablico y la conectividad interna y con Montevideo en el eje de Ruta 8 como temas centrales de la segunda jornada.<\/p>\n\n\n\n<p>La ministra Etcheverry se\u00f1al\u00f3 que esta visita fue parte de una gira nacional que culmina en los pr\u00f3ximos d\u00edas en Colonia y busca mantener un contacto directo con las autoridades locales, \u201cquienes est\u00e1n en territorio y quienes viven cotidianamente distintas situaciones\u201d. Finalmente, este tipo de contacto directo es una constante que se piensa mantener, por lo que destac\u00f3 la \u201cmadurez pol\u00edtica para acordar\u201d, lo que es \u201cun desvelo por el bienestar de nuestra gente y que el pa\u00eds crezca\u201d, buscando distribuir mejor los recursos en un marco de di\u00e1logo como el vivido en estas instancias.<\/p>\n","protected":false},"excerpt":{"rendered":"<p>La ministra de Transporte y Obras P\u00fablicas, Luc\u00eda Etcheverry, junto a su equipo, culmin\u00f3 una&#8230;<\/p>\n","protected":false},"author":1,"featured_media":20535,"comment_status":"closed","ping_status":"closed","sticky":false,"template":"","format":"standard","meta":{"_monsterinsights_skip_tracking":false,"_monsterinsights_sitenote_active":false,"_monsterinsights_sitenote_note":"","_monsterinsights_sitenote_category":0,"footnotes":""},"categories":[4],"tags":[],"class_list":["post-20534","post","type-post","status-publish","format-standard","has-post-thumbnail","hentry","category-departamental"],"featured_image_urls":{"full":["https:\/\/diariotiempo.com.uy\/noticias\/wp-content\/uploads\/2025\/08\/TRANSPORTE.jpg",800,432,false],"thumbnail":["https:\/\/diariotiempo.com.uy\/noticias\/wp-content\/uploads\/2025\/08\/TRANSPORTE-150x150.jpg",150,150,true],"medium":["https:\/\/diariotiempo.com.uy\/noticias\/wp-content\/uploads\/2025\/08\/TRANSPORTE-300x162.jpg",300,162,true],"medium_large":["https:\/\/diariotiempo.com.uy\/noticias\/wp-content\/uploads\/2025\/08\/TRANSPORTE-768x415.jpg",640,346,true],"large":["https:\/\/diariotiempo.com.uy\/noticias\/wp-content\/uploads\/2025\/08\/TRANSPORTE.jpg",640,346,false],"rpg_gallery_admin_thumb":["https:\/\/diariotiempo.com.uy\/noticias\/wp-content\/uploads\/2025\/08\/TRANSPORTE-150x150.jpg",150,150,true],"rpg_gallery_thumb":["https:\/\/diariotiempo.com.uy\/noticias\/wp-content\/uploads\/2025\/08\/TRANSPORTE-150x150.jpg",150,150,true],"1536x1536":["https:\/\/diariotiempo.com.uy\/noticias\/wp-content\/uploads\/2025\/08\/TRANSPORTE.jpg",800,432,false],"2048x2048":["https:\/\/diariotiempo.com.uy\/noticias\/wp-content\/uploads\/2025\/08\/TRANSPORTE.jpg",800,432,false],"covernews-slider-full":["https:\/\/diariotiempo.com.uy\/noticias\/wp-content\/uploads\/2025\/08\/TRANSPORTE.jpg",800,432,false],"covernews-slider-center":["https:\/\/diariotiempo.com.uy\/noticias\/wp-content\/uploads\/2025\/08\/TRANSPORTE.jpg",800,432,false],"covernews-featured":["https:\/\/diariotiempo.com.uy\/noticias\/wp-content\/uploads\/2025\/08\/TRANSPORTE.jpg",800,432,false],"covernews-medium":["https:\/\/diariotiempo.com.uy\/noticias\/wp-content\/uploads\/2025\/08\/TRANSPORTE-540x340.jpg",540,340,true],"covernews-medium-square":["https:\/\/diariotiempo.com.uy\/noticias\/wp-content\/uploads\/2025\/08\/TRANSPORTE-400x250.jpg",400,250,true]},"author_info":{"display_name":"diario","author_link":"https:\/\/diariotiempo.com.uy\/noticias\/author\/diario\/"},"category_info":"<a href=\"https:\/\/diariotiempo.com.uy\/noticias\/category\/departamental\/\" rel=\"category tag\">DEPARTAMENTAL<\/a>","tag_info":"DEPARTAMENTAL","comment_count":"0","_links":{"self":[{"href":"https:\/\/diariotiempo.com.uy\/noticias\/wp-json\/wp\/v2\/posts\/20534","targetHints":{"allow":["GET"]}}],"collection":[{"href":"https:\/\/diariotiempo.com.uy\/noticias\/wp-json\/wp\/v2\/posts"}],"about":[{"href":"https:\/\/diariotiempo.com.uy\/noticias\/wp-json\/wp\/v2\/types\/post"}],"author":[{"embeddable":true,"href":"https:\/\/diariotiempo.com.uy\/noticias\/wp-json\/wp\/v2\/users\/1"}],"replies":[{"embeddable":true,"href":"https:\/\/diariotiempo.com.uy\/noticias\/wp-json\/wp\/v2\/comments?post=20534"}],"version-history":[{"count":1,"href":"https:\/\/diariotiempo.com.uy\/noticias\/wp-json\/wp\/v2\/posts\/20534\/revisions"}],"predecessor-version":[{"id":20536,"href":"https:\/\/diariotiempo.com.uy\/noticias\/wp-json\/wp\/v2\/posts\/20534\/revisions\/20536"}],"wp:featuredmedia":[{"embeddable":true,"href":"https:\/\/diariotiempo.com.uy\/noticias\/wp-json\/wp\/v2\/media\/20535"}],"wp:attachment":[{"href":"https:\/\/diariotiempo.com.uy\/noticias\/wp-json\/wp\/v2\/media?parent=20534"}],"wp:term":[{"taxonomy":"category","embeddable":true,"href":"https:\/\/diariotiempo.com.uy\/noticias\/wp-json\/wp\/v2\/categories?post=20534"},{"taxonomy":"post_tag","embeddable":true,"href":"https:\/\/diariotiempo.com.uy\/noticias\/wp-json\/wp\/v2\/tags?post=20534"}],"curies":[{"name":"wp","href":"https:\/\/api.w.org\/{rel}","templated":true}]}}