{"id":20549,"date":"2025-08-29T14:27:08","date_gmt":"2025-08-29T14:27:08","guid":{"rendered":"https:\/\/diariotiempo.com.uy\/noticias\/?p=20549"},"modified":"2025-08-29T14:27:18","modified_gmt":"2025-08-29T14:27:18","slug":"con-cuarenta-puntos-de-control-de-transito-en-todo-el-departamento-realizaron-operativo-noche-de-la-nostalgia","status":"publish","type":"post","link":"https:\/\/diariotiempo.com.uy\/noticias\/2025\/08\/29\/con-cuarenta-puntos-de-control-de-transito-en-todo-el-departamento-realizaron-operativo-noche-de-la-nostalgia\/","title":{"rendered":"Con cuarenta puntos de control de tr\u00e1nsito en todo el departamento realizaron operativo \u201c Noche de la Nostalgia \u201d"},"content":{"rendered":"\n<figure class=\"wp-block-image size-full\"><img loading=\"lazy\" decoding=\"async\" width=\"900\" height=\"600\" src=\"https:\/\/diariotiempo.com.uy\/noticias\/wp-content\/uploads\/2025\/08\/motos-ciudad-de-la-costa.jpg\" alt=\"\" class=\"wp-image-20550\" srcset=\"https:\/\/diariotiempo.com.uy\/noticias\/wp-content\/uploads\/2025\/08\/motos-ciudad-de-la-costa.jpg 900w, https:\/\/diariotiempo.com.uy\/noticias\/wp-content\/uploads\/2025\/08\/motos-ciudad-de-la-costa-300x200.jpg 300w, https:\/\/diariotiempo.com.uy\/noticias\/wp-content\/uploads\/2025\/08\/motos-ciudad-de-la-costa-768x512.jpg 768w\" sizes=\"auto, (max-width: 900px) 100vw, 900px\" \/><\/figure>\n\n\n\n<p>A trav\u00e9s de un trabajo coordinado de la Intendencia de Canelones, la Jefatura de Polic\u00eda y el Ministerio del Interior, se desarroll\u00f3 desde las 19:30 horas del domingo el operativo especial de tr\u00e1nsito y seguridad por la tradicional Noche de la Nostalgia. El despliegue dio inicio en tres puntos base: Ciudad de la Costa, Las Piedras y Pando. Incluye controles de alcoholemia, THC, documentaci\u00f3n y elementos de seguridad en cerca de 40 puntos de todo el territorio, con la participaci\u00f3n de 30 cuerpos inspectivos del gobierno departamental, efectivos policiales y dispositivos de seguridad.<\/p>\n\n\n\n<p>El movimiento vehicular en rutas y avenidas del departamento se incrementa paulatinamente. En el este, el retorno de veh\u00edculos hacia Montevideo es muy abundante y se suma a quienes se dirigen a los diferentes eventos, generando un tr\u00e1nsito enlentecido en la Ruta Interbalnearia y en la avenida Giannattasio. Lo mismo sucede en otras regiones.Es una noche en la que unas 60.000 personas circulen por el departamento, donde se habilitaron diez fiestas especiales, adem\u00e1s de los centros bailables habituales.<\/p>\n\n\n\n<p>En el punto de salida ubicado en Costa Urbana de Ciudad de la Costa, el director general interino de Tr\u00e1nsito y Transporte de la Intendencia, Hern\u00e1n Echeverr\u00eda, hizo un llamado a la poblaci\u00f3n a \u201cser conscientes y responsables con lo que hacemos cuando salimos esta noche, como el resto del a\u00f1o\u201d. Agradeci\u00f3 el trabajo comprometido de la Polic\u00eda Caminera y de todos los efectivos del Ministerio del Interior que se sumaron al operativo. Record\u00f3 que el pasado a\u00f1o se realizaron unas 900 espirometr\u00edas y test de THC, resultando 40 de ellas positivas, y expres\u00f3 su deseo de que en esta oportunidad se pueda llegar al 0% de casos.<\/p>\n\n\n\n<p>Por su parte, el Subjefe de Polic\u00eda de Canelones, crio. mayor Roberto Elizalde, inform\u00f3 que desde la Jefatura se dispusieron unos 160 efectivos, en m\u00e1s de 70 m\u00f3viles entre autopatrullas y motocicletas. Asegur\u00f3 que, si bien existen zonas con mayor movimiento vehicular, como Las Piedras, Ciudad de la Costa y Costa de Oro, el control abarcar\u00e1 todos los rincones del departamento.La jornada continu\u00f3 hasta la hora 09:00 del lunes 25, con el foco en la prevenci\u00f3n de siniestros y la concientizaci\u00f3n sobre la importancia de conducir con responsabilidad.<\/p>\n\n\n\n<p>Por su parte, el director general interino de Tr\u00e1nsito y Transporte, Hern\u00e1n Echeverr\u00eda, consider\u00f3 que este tipo de campa\u00f1as y operativos sirven para educar, para que la poblaci\u00f3n escuche y tome conciencia de que se trata de una instancia para pasarla bien, pero es necesario saber que no se puede manejar cuando se ha consumido drogas o alcohol.<\/p>\n","protected":false},"excerpt":{"rendered":"<p>A trav\u00e9s de un trabajo coordinado de la Intendencia de Canelones, la Jefatura de Polic\u00eda&#8230;<\/p>\n","protected":false},"author":1,"featured_media":20550,"comment_status":"closed","ping_status":"closed","sticky":false,"template":"","format":"standard","meta":{"_monsterinsights_skip_tracking":false,"_monsterinsights_sitenote_active":false,"_monsterinsights_sitenote_note":"","_monsterinsights_sitenote_category":0,"footnotes":""},"categories":[6],"tags":[],"class_list":["post-20549","post","type-post","status-publish","format-standard","has-post-thumbnail","hentry","category-policial"],"featured_image_urls":{"full":["https:\/\/diariotiempo.com.uy\/noticias\/wp-content\/uploads\/2025\/08\/motos-ciudad-de-la-costa.jpg",900,600,false],"thumbnail":["https:\/\/diariotiempo.com.uy\/noticias\/wp-content\/uploads\/2025\/08\/motos-ciudad-de-la-costa-150x150.jpg",150,150,true],"medium":["https:\/\/diariotiempo.com.uy\/noticias\/wp-content\/uploads\/2025\/08\/motos-ciudad-de-la-costa-300x200.jpg",300,200,true],"medium_large":["https:\/\/diariotiempo.com.uy\/noticias\/wp-content\/uploads\/2025\/08\/motos-ciudad-de-la-costa-768x512.jpg",640,427,true],"large":["https:\/\/diariotiempo.com.uy\/noticias\/wp-content\/uploads\/2025\/08\/motos-ciudad-de-la-costa.jpg",640,427,false],"rpg_gallery_admin_thumb":["https:\/\/diariotiempo.com.uy\/noticias\/wp-content\/uploads\/2025\/08\/motos-ciudad-de-la-costa-150x150.jpg",150,150,true],"rpg_gallery_thumb":["https:\/\/diariotiempo.com.uy\/noticias\/wp-content\/uploads\/2025\/08\/motos-ciudad-de-la-costa-150x150.jpg",150,150,true],"1536x1536":["https:\/\/diariotiempo.com.uy\/noticias\/wp-content\/uploads\/2025\/08\/motos-ciudad-de-la-costa.jpg",900,600,false],"2048x2048":["https:\/\/diariotiempo.com.uy\/noticias\/wp-content\/uploads\/2025\/08\/motos-ciudad-de-la-costa.jpg",900,600,false],"covernews-slider-full":["https:\/\/diariotiempo.com.uy\/noticias\/wp-content\/uploads\/2025\/08\/motos-ciudad-de-la-costa.jpg",900,600,false],"covernews-slider-center":["https:\/\/diariotiempo.com.uy\/noticias\/wp-content\/uploads\/2025\/08\/motos-ciudad-de-la-costa-800x500.jpg",800,500,true],"covernews-featured":["https:\/\/diariotiempo.com.uy\/noticias\/wp-content\/uploads\/2025\/08\/motos-ciudad-de-la-costa.jpg",900,600,false],"covernews-medium":["https:\/\/diariotiempo.com.uy\/noticias\/wp-content\/uploads\/2025\/08\/motos-ciudad-de-la-costa-540x340.jpg",540,340,true],"covernews-medium-square":["https:\/\/diariotiempo.com.uy\/noticias\/wp-content\/uploads\/2025\/08\/motos-ciudad-de-la-costa-400x250.jpg",400,250,true]},"author_info":{"display_name":"diario","author_link":"https:\/\/diariotiempo.com.uy\/noticias\/author\/diario\/"},"category_info":"<a href=\"https:\/\/diariotiempo.com.uy\/noticias\/category\/policial\/\" rel=\"category tag\">POLICIAL<\/a>","tag_info":"POLICIAL","comment_count":"0","_links":{"self":[{"href":"https:\/\/diariotiempo.com.uy\/noticias\/wp-json\/wp\/v2\/posts\/20549","targetHints":{"allow":["GET"]}}],"collection":[{"href":"https:\/\/diariotiempo.com.uy\/noticias\/wp-json\/wp\/v2\/posts"}],"about":[{"href":"https:\/\/diariotiempo.com.uy\/noticias\/wp-json\/wp\/v2\/types\/post"}],"author":[{"embeddable":true,"href":"https:\/\/diariotiempo.com.uy\/noticias\/wp-json\/wp\/v2\/users\/1"}],"replies":[{"embeddable":true,"href":"https:\/\/diariotiempo.com.uy\/noticias\/wp-json\/wp\/v2\/comments?post=20549"}],"version-history":[{"count":2,"href":"https:\/\/diariotiempo.com.uy\/noticias\/wp-json\/wp\/v2\/posts\/20549\/revisions"}],"predecessor-version":[{"id":20552,"href":"https:\/\/diariotiempo.com.uy\/noticias\/wp-json\/wp\/v2\/posts\/20549\/revisions\/20552"}],"wp:featuredmedia":[{"embeddable":true,"href":"https:\/\/diariotiempo.com.uy\/noticias\/wp-json\/wp\/v2\/media\/20550"}],"wp:attachment":[{"href":"https:\/\/diariotiempo.com.uy\/noticias\/wp-json\/wp\/v2\/media?parent=20549"}],"wp:term":[{"taxonomy":"category","embeddable":true,"href":"https:\/\/diariotiempo.com.uy\/noticias\/wp-json\/wp\/v2\/categories?post=20549"},{"taxonomy":"post_tag","embeddable":true,"href":"https:\/\/diariotiempo.com.uy\/noticias\/wp-json\/wp\/v2\/tags?post=20549"}],"curies":[{"name":"wp","href":"https:\/\/api.w.org\/{rel}","templated":true}]}}