{"id":20553,"date":"2025-08-29T14:28:35","date_gmt":"2025-08-29T14:28:35","guid":{"rendered":"https:\/\/diariotiempo.com.uy\/noticias\/?p=20553"},"modified":"2025-08-29T14:28:36","modified_gmt":"2025-08-29T14:28:36","slug":"sesiono-por-segunda-vez-la-junta-departamental-de-drogas","status":"publish","type":"post","link":"https:\/\/diariotiempo.com.uy\/noticias\/2025\/08\/29\/sesiono-por-segunda-vez-la-junta-departamental-de-drogas\/","title":{"rendered":"Sesion\u00f3 por segunda vez la Junta Departamental de Drogas"},"content":{"rendered":"\n<figure class=\"wp-block-image size-full\"><img loading=\"lazy\" decoding=\"async\" width=\"900\" height=\"601\" src=\"https:\/\/diariotiempo.com.uy\/noticias\/wp-content\/uploads\/2025\/08\/DROGA.jpg\" alt=\"\" class=\"wp-image-20554\" srcset=\"https:\/\/diariotiempo.com.uy\/noticias\/wp-content\/uploads\/2025\/08\/DROGA.jpg 900w, https:\/\/diariotiempo.com.uy\/noticias\/wp-content\/uploads\/2025\/08\/DROGA-300x200.jpg 300w, https:\/\/diariotiempo.com.uy\/noticias\/wp-content\/uploads\/2025\/08\/DROGA-768x513.jpg 768w\" sizes=\"auto, (max-width: 900px) 100vw, 900px\" \/><\/figure>\n\n\n\n<p>La Junta Departamental de Drogas sesion\u00f3 este martes por segunda vez en el per\u00edodo 2025-2030. Esta sesi\u00f3n tuvo como objetivo hacer una puesta a punto del estado de situaci\u00f3n actual de adicciones en el territorio, los desaf\u00edos que hay y comenzar a planificar acciones conjuntas que ayuden en la neutralizaci\u00f3n de la problem\u00e1tica. Uno de los principales ejes de acci\u00f3n a corto plazo se concentra en poblaciones j\u00f3venes, mujeres y personas que est\u00e1n privadas de libertad. Otro de los desaf\u00edos que se enfrentan desde este organismo tiene que ver con las personas que se encuentran en el proceso de rehabilitaci\u00f3n y el acompa\u00f1amiento de profesionales cuando entran a la c\u00e1rcel, ya que es considerado un ambiente hostil, en el que pueden llegar a recaer en el consumo de drogas y que ralentiza el trabajo de los profesionales. Las zonas con m\u00e1s urgencia en la atenci\u00f3n a esta problem\u00e1tica son Las Piedras y Pando porque concentran mayor cantidad de poblaci\u00f3n y se encuentran cerca de Montevideo. Asimismo, el equipo plantea el desaf\u00edo de estar en continua capacitaci\u00f3n para afrontar la situaci\u00f3n, adem\u00e1s del acompa\u00f1amiento sociopedag\u00f3gico y la posibilidad de brindar acceso al empleo.<\/p>\n\n\n\n<p>La coordinadora departamental de Drogas, Nadia Barreto, coment\u00f3 que en la jornada hubo un encuentro con equipos de distintos dispositivos de tratamiento y prevenci\u00f3n con la idea de \u201cver y analizar los desaf\u00edos que tenemos por delante y poder proyectarnos con un cronograma en base al quinquenio, escuchar los territorios, saber c\u00f3mo estamos en todo el departamento, c\u00f3mo est\u00e1n estos dispositivos de tratamiento y prevenci\u00f3n y desde la Junta, desde nuestro rol y nuestra responsabilidad, qu\u00e9 acciones podemos generar para apoyar el trabajo de estos equipos\u201d.Por su parte, la coordinadora del \u00e1rea de Gesti\u00f3n Territorial de la Secretar\u00eda Nacional de Drogas, Sheila Atahides, explic\u00f3 que se trat\u00f3 de un encuentro de equipos que trabajan espec\u00edficamente el tema de drogas en todo Canelones, \u201cpara presentarles a los nuevos integrantes de la Junta Departamental cu\u00e1les son las necesidades, los desaf\u00edos, d\u00f3nde est\u00e1n los puntos a ponerle un pienso en el dise\u00f1o de pol\u00edtica p\u00fablica a nivel departamental en el tema espec\u00edficamente de drogas\u201d, concluy\u00f3. Adem\u00e1s de la Secretar\u00eda Nacional de Drogas y el Gobierno de Canelones, participaron profesionales y autoridades nacionales y departamentales que forman parte de las instituciones que la conforman: Ministerio de Desarrollo Social (MIDES), Instituto del Ni\u00f1o y Adolescente (INAU), la Administraci\u00f3n de los Servicios de Salud del Estado (ASSE) y el Ministerio del Interior.<\/p>\n","protected":false},"excerpt":{"rendered":"<p>La Junta Departamental de Drogas sesion\u00f3 este martes por segunda vez en el per\u00edodo 2025-2030&#8230;.<\/p>\n","protected":false},"author":1,"featured_media":20554,"comment_status":"closed","ping_status":"closed","sticky":false,"template":"","format":"standard","meta":{"_monsterinsights_skip_tracking":false,"_monsterinsights_sitenote_active":false,"_monsterinsights_sitenote_note":"","_monsterinsights_sitenote_category":0,"footnotes":""},"categories":[4],"tags":[],"class_list":["post-20553","post","type-post","status-publish","format-standard","has-post-thumbnail","hentry","category-departamental"],"featured_image_urls":{"full":["https:\/\/diariotiempo.com.uy\/noticias\/wp-content\/uploads\/2025\/08\/DROGA.jpg",900,601,false],"thumbnail":["https:\/\/diariotiempo.com.uy\/noticias\/wp-content\/uploads\/2025\/08\/DROGA-150x150.jpg",150,150,true],"medium":["https:\/\/diariotiempo.com.uy\/noticias\/wp-content\/uploads\/2025\/08\/DROGA-300x200.jpg",300,200,true],"medium_large":["https:\/\/diariotiempo.com.uy\/noticias\/wp-content\/uploads\/2025\/08\/DROGA-768x513.jpg",640,428,true],"large":["https:\/\/diariotiempo.com.uy\/noticias\/wp-content\/uploads\/2025\/08\/DROGA.jpg",640,427,false],"rpg_gallery_admin_thumb":["https:\/\/diariotiempo.com.uy\/noticias\/wp-content\/uploads\/2025\/08\/DROGA-150x150.jpg",150,150,true],"rpg_gallery_thumb":["https:\/\/diariotiempo.com.uy\/noticias\/wp-content\/uploads\/2025\/08\/DROGA-150x150.jpg",150,150,true],"1536x1536":["https:\/\/diariotiempo.com.uy\/noticias\/wp-content\/uploads\/2025\/08\/DROGA.jpg",900,601,false],"2048x2048":["https:\/\/diariotiempo.com.uy\/noticias\/wp-content\/uploads\/2025\/08\/DROGA.jpg",900,601,false],"covernews-slider-full":["https:\/\/diariotiempo.com.uy\/noticias\/wp-content\/uploads\/2025\/08\/DROGA.jpg",900,601,false],"covernews-slider-center":["https:\/\/diariotiempo.com.uy\/noticias\/wp-content\/uploads\/2025\/08\/DROGA-800x500.jpg",800,500,true],"covernews-featured":["https:\/\/diariotiempo.com.uy\/noticias\/wp-content\/uploads\/2025\/08\/DROGA.jpg",900,601,false],"covernews-medium":["https:\/\/diariotiempo.com.uy\/noticias\/wp-content\/uploads\/2025\/08\/DROGA-540x340.jpg",540,340,true],"covernews-medium-square":["https:\/\/diariotiempo.com.uy\/noticias\/wp-content\/uploads\/2025\/08\/DROGA-400x250.jpg",400,250,true]},"author_info":{"display_name":"diario","author_link":"https:\/\/diariotiempo.com.uy\/noticias\/author\/diario\/"},"category_info":"<a href=\"https:\/\/diariotiempo.com.uy\/noticias\/category\/departamental\/\" rel=\"category tag\">DEPARTAMENTAL<\/a>","tag_info":"DEPARTAMENTAL","comment_count":"0","_links":{"self":[{"href":"https:\/\/diariotiempo.com.uy\/noticias\/wp-json\/wp\/v2\/posts\/20553","targetHints":{"allow":["GET"]}}],"collection":[{"href":"https:\/\/diariotiempo.com.uy\/noticias\/wp-json\/wp\/v2\/posts"}],"about":[{"href":"https:\/\/diariotiempo.com.uy\/noticias\/wp-json\/wp\/v2\/types\/post"}],"author":[{"embeddable":true,"href":"https:\/\/diariotiempo.com.uy\/noticias\/wp-json\/wp\/v2\/users\/1"}],"replies":[{"embeddable":true,"href":"https:\/\/diariotiempo.com.uy\/noticias\/wp-json\/wp\/v2\/comments?post=20553"}],"version-history":[{"count":1,"href":"https:\/\/diariotiempo.com.uy\/noticias\/wp-json\/wp\/v2\/posts\/20553\/revisions"}],"predecessor-version":[{"id":20555,"href":"https:\/\/diariotiempo.com.uy\/noticias\/wp-json\/wp\/v2\/posts\/20553\/revisions\/20555"}],"wp:featuredmedia":[{"embeddable":true,"href":"https:\/\/diariotiempo.com.uy\/noticias\/wp-json\/wp\/v2\/media\/20554"}],"wp:attachment":[{"href":"https:\/\/diariotiempo.com.uy\/noticias\/wp-json\/wp\/v2\/media?parent=20553"}],"wp:term":[{"taxonomy":"category","embeddable":true,"href":"https:\/\/diariotiempo.com.uy\/noticias\/wp-json\/wp\/v2\/categories?post=20553"},{"taxonomy":"post_tag","embeddable":true,"href":"https:\/\/diariotiempo.com.uy\/noticias\/wp-json\/wp\/v2\/tags?post=20553"}],"curies":[{"name":"wp","href":"https:\/\/api.w.org\/{rel}","templated":true}]}}