{"id":20740,"date":"2025-09-15T13:37:33","date_gmt":"2025-09-15T13:37:33","guid":{"rendered":"https:\/\/diariotiempo.com.uy\/noticias\/?p=20740"},"modified":"2025-09-15T13:37:35","modified_gmt":"2025-09-15T13:37:35","slug":"julia-paternain-hizo-historia-en-el-mundial-de-atletismo-en-tokio","status":"publish","type":"post","link":"https:\/\/diariotiempo.com.uy\/noticias\/2025\/09\/15\/julia-paternain-hizo-historia-en-el-mundial-de-atletismo-en-tokio\/","title":{"rendered":"Julia Paternain hizo historia en el mundial de atletismo en Tokio"},"content":{"rendered":"\n<figure class=\"wp-block-gallery has-nested-images columns-default is-cropped wp-block-gallery-1 is-layout-flex wp-block-gallery-is-layout-flex\">\n<figure class=\"wp-block-image size-large\"><img loading=\"lazy\" decoding=\"async\" width=\"700\" height=\"875\" data-id=\"20741\" src=\"https:\/\/diariotiempo.com.uy\/noticias\/wp-content\/uploads\/2025\/09\/MEDALLA-TAPA.jpg\" alt=\"\" class=\"wp-image-20741\" srcset=\"https:\/\/diariotiempo.com.uy\/noticias\/wp-content\/uploads\/2025\/09\/MEDALLA-TAPA.jpg 700w, https:\/\/diariotiempo.com.uy\/noticias\/wp-content\/uploads\/2025\/09\/MEDALLA-TAPA-240x300.jpg 240w\" sizes=\"auto, (max-width: 700px) 100vw, 700px\" \/><\/figure>\n\n\n\n<figure class=\"wp-block-image size-large\"><img loading=\"lazy\" decoding=\"async\" width=\"700\" height=\"467\" data-id=\"20742\" src=\"https:\/\/diariotiempo.com.uy\/noticias\/wp-content\/uploads\/2025\/09\/MEDALLA-SORPRESA.jpg\" alt=\"\" class=\"wp-image-20742\" srcset=\"https:\/\/diariotiempo.com.uy\/noticias\/wp-content\/uploads\/2025\/09\/MEDALLA-SORPRESA.jpg 700w, https:\/\/diariotiempo.com.uy\/noticias\/wp-content\/uploads\/2025\/09\/MEDALLA-SORPRESA-300x200.jpg 300w\" sizes=\"auto, (max-width: 700px) 100vw, 700px\" \/><\/figure>\n<\/figure>\n\n\n\n<p>Tras una sorprendente carrera y un excelente desempe\u00f1o durante los 42 kil\u00f3metros, Julia Paternain se colg\u00f3 la medalla de bronce en el marat\u00f3n femenino del Mundial de Atletismo en Tokio, un logro que no estaba en los c\u00e1lculos de nadie.<\/p>\n\n\n\n<p>Especialista en los 5.000 y 10.000 metros, Tokio representaba apenas su segunda marat\u00f3n en toda su carrera, lo que realza a\u00fan m\u00e1s la magnitud de lo conseguido por esta atleta de 25 a\u00f1os.<\/p>\n\n\n\n<p>Lleg\u00f3 al campeonato como n\u00famero 288 del ranking mundial en esta prueba, pero en las calles de la capital nipona demostr\u00f3 un alt\u00edsimo nivel, cruzando la meta en 2:27:23 y logrando as\u00ed la primera medalla para nuestro pa\u00eds en la historia de los Mundiales de Atletismo.<\/p>\n\n\n\n<p>\u00a1Felicitaciones Julia por esta actuaci\u00f3n hist\u00f3rica y gracias por representarnos con tanto orgullo! <\/p>\n\n\n\n<p>Fotos COU<\/p>\n\n\n\n<p><\/p>\n","protected":false},"excerpt":{"rendered":"<p>Tras una sorprendente carrera y un excelente desempe\u00f1o durante los 42 kil\u00f3metros, Julia Paternain se&#8230;<\/p>\n","protected":false},"author":1,"featured_media":20741,"comment_status":"closed","ping_status":"closed","sticky":false,"template":"","format":"standard","meta":{"_monsterinsights_skip_tracking":false,"_monsterinsights_sitenote_active":false,"_monsterinsights_sitenote_note":"","_monsterinsights_sitenote_category":0,"footnotes":""},"categories":[8],"tags":[],"class_list":["post-20740","post","type-post","status-publish","format-standard","has-post-thumbnail","hentry","category-deporte"],"featured_image_urls":{"full":["https:\/\/diariotiempo.com.uy\/noticias\/wp-content\/uploads\/2025\/09\/MEDALLA-TAPA.jpg",700,875,false],"thumbnail":["https:\/\/diariotiempo.com.uy\/noticias\/wp-content\/uploads\/2025\/09\/MEDALLA-TAPA-150x150.jpg",150,150,true],"medium":["https:\/\/diariotiempo.com.uy\/noticias\/wp-content\/uploads\/2025\/09\/MEDALLA-TAPA-240x300.jpg",240,300,true],"medium_large":["https:\/\/diariotiempo.com.uy\/noticias\/wp-content\/uploads\/2025\/09\/MEDALLA-TAPA.jpg",640,800,false],"large":["https:\/\/diariotiempo.com.uy\/noticias\/wp-content\/uploads\/2025\/09\/MEDALLA-TAPA.jpg",640,800,false],"rpg_gallery_admin_thumb":["https:\/\/diariotiempo.com.uy\/noticias\/wp-content\/uploads\/2025\/09\/MEDALLA-TAPA-150x150.jpg",150,150,true],"rpg_gallery_thumb":["https:\/\/diariotiempo.com.uy\/noticias\/wp-content\/uploads\/2025\/09\/MEDALLA-TAPA-150x150.jpg",150,150,true],"1536x1536":["https:\/\/diariotiempo.com.uy\/noticias\/wp-content\/uploads\/2025\/09\/MEDALLA-TAPA.jpg",700,875,false],"2048x2048":["https:\/\/diariotiempo.com.uy\/noticias\/wp-content\/uploads\/2025\/09\/MEDALLA-TAPA.jpg",700,875,false],"covernews-slider-full":["https:\/\/diariotiempo.com.uy\/noticias\/wp-content\/uploads\/2025\/09\/MEDALLA-TAPA-700x715.jpg",700,715,true],"covernews-slider-center":["https:\/\/diariotiempo.com.uy\/noticias\/wp-content\/uploads\/2025\/09\/MEDALLA-TAPA-700x500.jpg",700,500,true],"covernews-featured":["https:\/\/diariotiempo.com.uy\/noticias\/wp-content\/uploads\/2025\/09\/MEDALLA-TAPA.jpg",700,875,false],"covernews-medium":["https:\/\/diariotiempo.com.uy\/noticias\/wp-content\/uploads\/2025\/09\/MEDALLA-TAPA-540x340.jpg",540,340,true],"covernews-medium-square":["https:\/\/diariotiempo.com.uy\/noticias\/wp-content\/uploads\/2025\/09\/MEDALLA-TAPA-400x250.jpg",400,250,true]},"author_info":{"display_name":"diario","author_link":"https:\/\/diariotiempo.com.uy\/noticias\/author\/diario\/"},"category_info":"<a href=\"https:\/\/diariotiempo.com.uy\/noticias\/category\/deporte\/\" rel=\"category tag\">DEPORTE<\/a>","tag_info":"DEPORTE","comment_count":"0","_links":{"self":[{"href":"https:\/\/diariotiempo.com.uy\/noticias\/wp-json\/wp\/v2\/posts\/20740","targetHints":{"allow":["GET"]}}],"collection":[{"href":"https:\/\/diariotiempo.com.uy\/noticias\/wp-json\/wp\/v2\/posts"}],"about":[{"href":"https:\/\/diariotiempo.com.uy\/noticias\/wp-json\/wp\/v2\/types\/post"}],"author":[{"embeddable":true,"href":"https:\/\/diariotiempo.com.uy\/noticias\/wp-json\/wp\/v2\/users\/1"}],"replies":[{"embeddable":true,"href":"https:\/\/diariotiempo.com.uy\/noticias\/wp-json\/wp\/v2\/comments?post=20740"}],"version-history":[{"count":1,"href":"https:\/\/diariotiempo.com.uy\/noticias\/wp-json\/wp\/v2\/posts\/20740\/revisions"}],"predecessor-version":[{"id":20743,"href":"https:\/\/diariotiempo.com.uy\/noticias\/wp-json\/wp\/v2\/posts\/20740\/revisions\/20743"}],"wp:featuredmedia":[{"embeddable":true,"href":"https:\/\/diariotiempo.com.uy\/noticias\/wp-json\/wp\/v2\/media\/20741"}],"wp:attachment":[{"href":"https:\/\/diariotiempo.com.uy\/noticias\/wp-json\/wp\/v2\/media?parent=20740"}],"wp:term":[{"taxonomy":"category","embeddable":true,"href":"https:\/\/diariotiempo.com.uy\/noticias\/wp-json\/wp\/v2\/categories?post=20740"},{"taxonomy":"post_tag","embeddable":true,"href":"https:\/\/diariotiempo.com.uy\/noticias\/wp-json\/wp\/v2\/tags?post=20740"}],"curies":[{"name":"wp","href":"https:\/\/api.w.org\/{rel}","templated":true}]}}