{"id":20747,"date":"2025-09-16T14:46:42","date_gmt":"2025-09-16T14:46:42","guid":{"rendered":"https:\/\/diariotiempo.com.uy\/noticias\/?p=20747"},"modified":"2025-09-16T14:46:44","modified_gmt":"2025-09-16T14:46:44","slug":"fue-enviado-a-prision-preventiva-homicida-de-joven-en-barrio-el-talar","status":"publish","type":"post","link":"https:\/\/diariotiempo.com.uy\/noticias\/2025\/09\/16\/fue-enviado-a-prision-preventiva-homicida-de-joven-en-barrio-el-talar\/","title":{"rendered":"Fue enviado a prisi\u00f3n preventiva homicida de joven en barrio El Talar"},"content":{"rendered":"\n<figure class=\"wp-block-gallery has-nested-images columns-default is-cropped wp-block-gallery-1 is-layout-flex wp-block-gallery-is-layout-flex\">\n<figure class=\"wp-block-image size-large\"><img loading=\"lazy\" decoding=\"async\" width=\"600\" height=\"376\" data-id=\"20748\" src=\"https:\/\/diariotiempo.com.uy\/noticias\/wp-content\/uploads\/2025\/09\/heli.jpg\" alt=\"\" class=\"wp-image-20748\" srcset=\"https:\/\/diariotiempo.com.uy\/noticias\/wp-content\/uploads\/2025\/09\/heli.jpg 600w, https:\/\/diariotiempo.com.uy\/noticias\/wp-content\/uploads\/2025\/09\/heli-300x188.jpg 300w, https:\/\/diariotiempo.com.uy\/noticias\/wp-content\/uploads\/2025\/09\/heli-400x250.jpg 400w\" sizes=\"auto, (max-width: 600px) 100vw, 600px\" \/><\/figure>\n\n\n\n<figure class=\"wp-block-image size-large\"><img loading=\"lazy\" decoding=\"async\" width=\"600\" height=\"332\" data-id=\"20749\" src=\"https:\/\/diariotiempo.com.uy\/noticias\/wp-content\/uploads\/2025\/09\/deteni-casas.jpg\" alt=\"\" class=\"wp-image-20749\" srcset=\"https:\/\/diariotiempo.com.uy\/noticias\/wp-content\/uploads\/2025\/09\/deteni-casas.jpg 600w, https:\/\/diariotiempo.com.uy\/noticias\/wp-content\/uploads\/2025\/09\/deteni-casas-300x166.jpg 300w\" sizes=\"auto, (max-width: 600px) 100vw, 600px\" \/><\/figure>\n<\/figure>\n\n\n\n<p>Un hombre fue imputado este lunes por el homicidio de un joven de 24 a\u00f1os, cometido en la ma\u00f1ana del s\u00e1bado en un horno de ladrillos del barrio Talar, en Pando, Canelones.<\/p>\n\n\n\n<p>La v\u00edctima y el imputado mantuvieron una discusi\u00f3n y este \u00faltimo tom\u00f3 un arma de fuego y le dispar\u00f3 en el pecho. Si bien el herido fue trasladado al hospital de Pando, muri\u00f3 minutos m\u00e1s tarde.<\/p>\n\n\n\n<p>Fue detenido en la tarde del s\u00e1bado por el Departamento de Homicidios recibi\u00f3 informaci\u00f3n sobre d\u00f3nde pudiera estar el sospechoso. Polic\u00edas de la Direcci\u00f3n de Aviaci\u00f3n sobrevolaron la zona con un helic\u00f3ptero y observaron al hombre en un monte. Fue rodeado por polic\u00edas en tierra y llevado ante la Justicia.<\/p>\n\n\n\n<p>El sospechoso, que cuenta con antecedentes penales, fue imputado con prisi\u00f3n preventiva por 90 d\u00edas, por los delitos de homicidio y tr\u00e1fico interno de armas. En ese lapso la Fiscal\u00eda lo seguir\u00e1 investigando y la Justicia fallar\u00e1 de forma definitiva.<\/p>\n\n\n\n<p>Este fue uno de los dos homicidios que ocurrieron en menos de 24 horas en Pando. El otro ocurri\u00f3 en el barrio Estadio en la tarde del viernes. Tras un ataque a tiros contra una vivienda de Jos\u00e9 Pedro Varela y Diamante, un hombre de 31 a\u00f1os recibi\u00f3 un disparo que le caus\u00f3 la muerte. El autor ya fue identificado pero est\u00e1 pr\u00f3fugo. Foto captura<\/p>\n","protected":false},"excerpt":{"rendered":"<p>Un hombre fue imputado este lunes por el homicidio de un joven de 24 a\u00f1os,&#8230;<\/p>\n","protected":false},"author":1,"featured_media":20748,"comment_status":"closed","ping_status":"closed","sticky":false,"template":"","format":"standard","meta":{"_monsterinsights_skip_tracking":false,"_monsterinsights_sitenote_active":false,"_monsterinsights_sitenote_note":"","_monsterinsights_sitenote_category":0,"footnotes":""},"categories":[11],"tags":[],"class_list":["post-20747","post","type-post","status-publish","format-standard","has-post-thumbnail","hentry","category-noticia-destacada"],"featured_image_urls":{"full":["https:\/\/diariotiempo.com.uy\/noticias\/wp-content\/uploads\/2025\/09\/heli.jpg",600,376,false],"thumbnail":["https:\/\/diariotiempo.com.uy\/noticias\/wp-content\/uploads\/2025\/09\/heli-150x150.jpg",150,150,true],"medium":["https:\/\/diariotiempo.com.uy\/noticias\/wp-content\/uploads\/2025\/09\/heli-300x188.jpg",300,188,true],"medium_large":["https:\/\/diariotiempo.com.uy\/noticias\/wp-content\/uploads\/2025\/09\/heli.jpg",600,376,false],"large":["https:\/\/diariotiempo.com.uy\/noticias\/wp-content\/uploads\/2025\/09\/heli.jpg",600,376,false],"rpg_gallery_admin_thumb":["https:\/\/diariotiempo.com.uy\/noticias\/wp-content\/uploads\/2025\/09\/heli-150x150.jpg",150,150,true],"rpg_gallery_thumb":["https:\/\/diariotiempo.com.uy\/noticias\/wp-content\/uploads\/2025\/09\/heli-150x150.jpg",150,150,true],"1536x1536":["https:\/\/diariotiempo.com.uy\/noticias\/wp-content\/uploads\/2025\/09\/heli.jpg",600,376,false],"2048x2048":["https:\/\/diariotiempo.com.uy\/noticias\/wp-content\/uploads\/2025\/09\/heli.jpg",600,376,false],"covernews-slider-full":["https:\/\/diariotiempo.com.uy\/noticias\/wp-content\/uploads\/2025\/09\/heli.jpg",600,376,false],"covernews-slider-center":["https:\/\/diariotiempo.com.uy\/noticias\/wp-content\/uploads\/2025\/09\/heli.jpg",600,376,false],"covernews-featured":["https:\/\/diariotiempo.com.uy\/noticias\/wp-content\/uploads\/2025\/09\/heli.jpg",600,376,false],"covernews-medium":["https:\/\/diariotiempo.com.uy\/noticias\/wp-content\/uploads\/2025\/09\/heli-540x340.jpg",540,340,true],"covernews-medium-square":["https:\/\/diariotiempo.com.uy\/noticias\/wp-content\/uploads\/2025\/09\/heli-400x250.jpg",400,250,true]},"author_info":{"display_name":"diario","author_link":"https:\/\/diariotiempo.com.uy\/noticias\/author\/diario\/"},"category_info":"<a href=\"https:\/\/diariotiempo.com.uy\/noticias\/category\/noticia-destacada\/\" rel=\"category tag\">NOTICIA DESTACADA<\/a>","tag_info":"NOTICIA DESTACADA","comment_count":"0","_links":{"self":[{"href":"https:\/\/diariotiempo.com.uy\/noticias\/wp-json\/wp\/v2\/posts\/20747","targetHints":{"allow":["GET"]}}],"collection":[{"href":"https:\/\/diariotiempo.com.uy\/noticias\/wp-json\/wp\/v2\/posts"}],"about":[{"href":"https:\/\/diariotiempo.com.uy\/noticias\/wp-json\/wp\/v2\/types\/post"}],"author":[{"embeddable":true,"href":"https:\/\/diariotiempo.com.uy\/noticias\/wp-json\/wp\/v2\/users\/1"}],"replies":[{"embeddable":true,"href":"https:\/\/diariotiempo.com.uy\/noticias\/wp-json\/wp\/v2\/comments?post=20747"}],"version-history":[{"count":1,"href":"https:\/\/diariotiempo.com.uy\/noticias\/wp-json\/wp\/v2\/posts\/20747\/revisions"}],"predecessor-version":[{"id":20750,"href":"https:\/\/diariotiempo.com.uy\/noticias\/wp-json\/wp\/v2\/posts\/20747\/revisions\/20750"}],"wp:featuredmedia":[{"embeddable":true,"href":"https:\/\/diariotiempo.com.uy\/noticias\/wp-json\/wp\/v2\/media\/20748"}],"wp:attachment":[{"href":"https:\/\/diariotiempo.com.uy\/noticias\/wp-json\/wp\/v2\/media?parent=20747"}],"wp:term":[{"taxonomy":"category","embeddable":true,"href":"https:\/\/diariotiempo.com.uy\/noticias\/wp-json\/wp\/v2\/categories?post=20747"},{"taxonomy":"post_tag","embeddable":true,"href":"https:\/\/diariotiempo.com.uy\/noticias\/wp-json\/wp\/v2\/tags?post=20747"}],"curies":[{"name":"wp","href":"https:\/\/api.w.org\/{rel}","templated":true}]}}