{"id":20767,"date":"2025-09-19T14:54:39","date_gmt":"2025-09-19T14:54:39","guid":{"rendered":"https:\/\/diariotiempo.com.uy\/noticias\/?p=20767"},"modified":"2025-09-19T14:54:40","modified_gmt":"2025-09-19T14:54:40","slug":"uno-de-los-objetivos-del-gobierno-de-canelones-es-llegar-al-100-de-alumbrado-publico","status":"publish","type":"post","link":"https:\/\/diariotiempo.com.uy\/noticias\/2025\/09\/19\/uno-de-los-objetivos-del-gobierno-de-canelones-es-llegar-al-100-de-alumbrado-publico\/","title":{"rendered":"Uno de los objetivos del Gobierno de Canelones es llegar al 100% de alumbrado p\u00fablico"},"content":{"rendered":"\n<figure class=\"wp-block-image size-full\"><img loading=\"lazy\" decoding=\"async\" width=\"900\" height=\"600\" src=\"https:\/\/diariotiempo.com.uy\/noticias\/wp-content\/uploads\/2025\/09\/LUCES.jpg\" alt=\"\" class=\"wp-image-20768\" srcset=\"https:\/\/diariotiempo.com.uy\/noticias\/wp-content\/uploads\/2025\/09\/LUCES.jpg 900w, https:\/\/diariotiempo.com.uy\/noticias\/wp-content\/uploads\/2025\/09\/LUCES-300x200.jpg 300w, https:\/\/diariotiempo.com.uy\/noticias\/wp-content\/uploads\/2025\/09\/LUCES-768x512.jpg 768w\" sizes=\"auto, (max-width: 900px) 100vw, 900px\" \/><\/figure>\n\n\n\n<p>La coordinadora del Gabinete Territorial, Mar\u00eda Eugenia Gonz\u00e1lez y la directora general de Obras del Gobierno de Canelones, Laura Morales, estuvieron presentes en el pabell\u00f3n del departamento en la Expo Prado 2025 y anunciaron la hoja de ruta prevista por su cartera para este per\u00edodo de gesti\u00f3n.<\/p>\n\n\n\n<p>Gonz\u00e1lez, con el objetivo de explicarle a quien no lo conoce, manifest\u00f3 que desde su rol intenta trabajar en la planificaci\u00f3n para plasmar \u201clos distintos programas y proyectos para el desarrollo de las pol\u00edticas p\u00fablicas departamentales, siempre teniendo el cometido de generar ese desarrollo sostenible a trav\u00e9s de la gesti\u00f3n ambiental del departamento\u201d.Una de las premisas de su gesti\u00f3n es terminar el quinquenio con intervenci\u00f3n de obras en los 32 municipios canarios. En momentos de armado de presupuesto para el desarrollo de pol\u00edticas p\u00fablicas, Morales destac\u00f3 que la prioridad se centra en vialidad, drenaje y alumbrado.<\/p>\n\n\n\n<p>En lo que tiene que ver con alumbrado p\u00fablico, la jerarca se\u00f1al\u00f3 que buscar\u00e1 continuar lo que ya se viene desarrollando desde hace varios per\u00edodos, pero que uno de los objetivos que se trazaron es \u201clograr llegar al 100 % del alumbrado\u201d.Morales remarc\u00f3 que un hito importante es que est\u00e1n trabajando para realizar el saneamiento de Atl\u00e1ntida, en conjunto con OSE en un formato que, seg\u00fan explic\u00f3, \u201ces muy interesante y es distinto al que se ven\u00eda ejecutando en Ciudad de la Costa\u201d. En esta l\u00ednea, puntualiz\u00f3 que se le atribuye al Gobierno de Canelones el financiamiento de esas obras con un fondo extrapresupuestal y OSE es la encargada de elaborar el proyecto. Este di\u00e1logo se dio en el marco de una entrevista para la transmisi\u00f3n en vivo del Gobierno de Canelones a trav\u00e9s de YouTube, Facebook y Antel TV, de 16:00 a 18:00 horas.. Foto IMC\u00a0<\/p>\n","protected":false},"excerpt":{"rendered":"<p>La coordinadora del Gabinete Territorial, Mar\u00eda Eugenia Gonz\u00e1lez y la directora general de Obras del&#8230;<\/p>\n","protected":false},"author":1,"featured_media":20768,"comment_status":"closed","ping_status":"closed","sticky":false,"template":"","format":"standard","meta":{"_monsterinsights_skip_tracking":false,"_monsterinsights_sitenote_active":false,"_monsterinsights_sitenote_note":"","_monsterinsights_sitenote_category":0,"footnotes":""},"categories":[4],"tags":[],"class_list":["post-20767","post","type-post","status-publish","format-standard","has-post-thumbnail","hentry","category-departamental"],"featured_image_urls":{"full":["https:\/\/diariotiempo.com.uy\/noticias\/wp-content\/uploads\/2025\/09\/LUCES.jpg",900,600,false],"thumbnail":["https:\/\/diariotiempo.com.uy\/noticias\/wp-content\/uploads\/2025\/09\/LUCES-150x150.jpg",150,150,true],"medium":["https:\/\/diariotiempo.com.uy\/noticias\/wp-content\/uploads\/2025\/09\/LUCES-300x200.jpg",300,200,true],"medium_large":["https:\/\/diariotiempo.com.uy\/noticias\/wp-content\/uploads\/2025\/09\/LUCES-768x512.jpg",640,427,true],"large":["https:\/\/diariotiempo.com.uy\/noticias\/wp-content\/uploads\/2025\/09\/LUCES.jpg",640,427,false],"rpg_gallery_admin_thumb":["https:\/\/diariotiempo.com.uy\/noticias\/wp-content\/uploads\/2025\/09\/LUCES-150x150.jpg",150,150,true],"rpg_gallery_thumb":["https:\/\/diariotiempo.com.uy\/noticias\/wp-content\/uploads\/2025\/09\/LUCES-150x150.jpg",150,150,true],"1536x1536":["https:\/\/diariotiempo.com.uy\/noticias\/wp-content\/uploads\/2025\/09\/LUCES.jpg",900,600,false],"2048x2048":["https:\/\/diariotiempo.com.uy\/noticias\/wp-content\/uploads\/2025\/09\/LUCES.jpg",900,600,false],"covernews-slider-full":["https:\/\/diariotiempo.com.uy\/noticias\/wp-content\/uploads\/2025\/09\/LUCES.jpg",900,600,false],"covernews-slider-center":["https:\/\/diariotiempo.com.uy\/noticias\/wp-content\/uploads\/2025\/09\/LUCES-800x500.jpg",800,500,true],"covernews-featured":["https:\/\/diariotiempo.com.uy\/noticias\/wp-content\/uploads\/2025\/09\/LUCES.jpg",900,600,false],"covernews-medium":["https:\/\/diariotiempo.com.uy\/noticias\/wp-content\/uploads\/2025\/09\/LUCES-540x340.jpg",540,340,true],"covernews-medium-square":["https:\/\/diariotiempo.com.uy\/noticias\/wp-content\/uploads\/2025\/09\/LUCES-400x250.jpg",400,250,true]},"author_info":{"display_name":"diario","author_link":"https:\/\/diariotiempo.com.uy\/noticias\/author\/diario\/"},"category_info":"<a href=\"https:\/\/diariotiempo.com.uy\/noticias\/category\/departamental\/\" rel=\"category tag\">DEPARTAMENTAL<\/a>","tag_info":"DEPARTAMENTAL","comment_count":"0","_links":{"self":[{"href":"https:\/\/diariotiempo.com.uy\/noticias\/wp-json\/wp\/v2\/posts\/20767","targetHints":{"allow":["GET"]}}],"collection":[{"href":"https:\/\/diariotiempo.com.uy\/noticias\/wp-json\/wp\/v2\/posts"}],"about":[{"href":"https:\/\/diariotiempo.com.uy\/noticias\/wp-json\/wp\/v2\/types\/post"}],"author":[{"embeddable":true,"href":"https:\/\/diariotiempo.com.uy\/noticias\/wp-json\/wp\/v2\/users\/1"}],"replies":[{"embeddable":true,"href":"https:\/\/diariotiempo.com.uy\/noticias\/wp-json\/wp\/v2\/comments?post=20767"}],"version-history":[{"count":1,"href":"https:\/\/diariotiempo.com.uy\/noticias\/wp-json\/wp\/v2\/posts\/20767\/revisions"}],"predecessor-version":[{"id":20769,"href":"https:\/\/diariotiempo.com.uy\/noticias\/wp-json\/wp\/v2\/posts\/20767\/revisions\/20769"}],"wp:featuredmedia":[{"embeddable":true,"href":"https:\/\/diariotiempo.com.uy\/noticias\/wp-json\/wp\/v2\/media\/20768"}],"wp:attachment":[{"href":"https:\/\/diariotiempo.com.uy\/noticias\/wp-json\/wp\/v2\/media?parent=20767"}],"wp:term":[{"taxonomy":"category","embeddable":true,"href":"https:\/\/diariotiempo.com.uy\/noticias\/wp-json\/wp\/v2\/categories?post=20767"},{"taxonomy":"post_tag","embeddable":true,"href":"https:\/\/diariotiempo.com.uy\/noticias\/wp-json\/wp\/v2\/tags?post=20767"}],"curies":[{"name":"wp","href":"https:\/\/api.w.org\/{rel}","templated":true}]}}