{"id":20807,"date":"2025-09-19T16:54:28","date_gmt":"2025-09-19T16:54:28","guid":{"rendered":"https:\/\/diariotiempo.com.uy\/noticias\/?p=20807"},"modified":"2025-09-19T16:54:29","modified_gmt":"2025-09-19T16:54:29","slug":"celebraron-el-dia-nacional-de-la-agroecologia-en-el-parque-roosevelt","status":"publish","type":"post","link":"https:\/\/diariotiempo.com.uy\/noticias\/2025\/09\/19\/celebraron-el-dia-nacional-de-la-agroecologia-en-el-parque-roosevelt\/","title":{"rendered":"Celebraron el D\u00eda Nacional de la Agroecolog\u00eda en el Parque Roosevelt"},"content":{"rendered":"\n<figure class=\"wp-block-gallery has-nested-images columns-default is-cropped wp-block-gallery-1 is-layout-flex wp-block-gallery-is-layout-flex\">\n<figure class=\"wp-block-image size-large\"><img loading=\"lazy\" decoding=\"async\" width=\"700\" height=\"525\" data-id=\"20808\" src=\"https:\/\/diariotiempo.com.uy\/noticias\/wp-content\/uploads\/2025\/09\/FERIA-AGROPECUARIA.jpg\" alt=\"\" class=\"wp-image-20808\" srcset=\"https:\/\/diariotiempo.com.uy\/noticias\/wp-content\/uploads\/2025\/09\/FERIA-AGROPECUARIA.jpg 700w, https:\/\/diariotiempo.com.uy\/noticias\/wp-content\/uploads\/2025\/09\/FERIA-AGROPECUARIA-300x225.jpg 300w\" sizes=\"auto, (max-width: 700px) 100vw, 700px\" \/><\/figure>\n\n\n\n<figure class=\"wp-block-image size-large\"><img loading=\"lazy\" decoding=\"async\" width=\"700\" height=\"525\" data-id=\"20809\" src=\"https:\/\/diariotiempo.com.uy\/noticias\/wp-content\/uploads\/2025\/09\/feria-agro.jpg\" alt=\"\" class=\"wp-image-20809\" srcset=\"https:\/\/diariotiempo.com.uy\/noticias\/wp-content\/uploads\/2025\/09\/feria-agro.jpg 700w, https:\/\/diariotiempo.com.uy\/noticias\/wp-content\/uploads\/2025\/09\/feria-agro-300x225.jpg 300w\" sizes=\"auto, (max-width: 700px) 100vw, 700px\" \/><\/figure>\n<\/figure>\n\n\n\n<p>El Parque Roosevelt-Parque de los Derechos se convirti\u00f3 en una fiesta de encuentros durante la celebraci\u00f3n del D\u00eda Nacional de la Agroecolog\u00eda, jornada que se realiz\u00f3 por segundo a\u00f1o consecutivo junto a la Red de Agroecolog\u00eda del Uruguay, la Red de semillas criollas y Nativas, la Red de Mujeres Rurales y la Red de Huertas Comunitarias. La producci\u00f3n agroecol\u00f3gica se puso en contacto directo con la ciudadan\u00eda en una hermosa feria de productos org\u00e1nicos, espacio para infancias, bandas musicales y varios conversatorios que fueron espacios de intercambo, reflexi\u00f3nes e ideas sobre temas esenciales para la agroecolog\u00eda y el medio ambiente como el cambio clim\u00e1tico y cuestiones de g\u00e9nero, los diferentes tipos de producci\u00f3n, la certificaci\u00f3n y muchos m\u00e1s que reunieron personas de diferentes partes del pa\u00eds,.Los espacios de intercambio de semillas estuvieron presentes junto a la Red de Semillas criollas y nativas, as\u00ed como el stand de Facultad de Agronom\u00eda, con interesantes muestras de ma\u00edz y de papa no transg\u00e9nica. <\/p>\n\n\n\n<p>Hubo t\u00edteres en el espacio para infancias, impresiones en serigraf\u00eda, m\u00fasica y charlas. La jornada fue fruto del trabajo de las organizaciones sociales antes mencionadas, que lograron que el 3 de setiembre sea declarado el D\u00eda Nacional de la Agrocolog\u00eda, realizando actividades en torno a esa fecha para culminar con la principal en el Parque Roosevelt. La integrante de la Red Nacional de Agroecolog\u00eda, Natalia Bajsa, explic\u00f3 que \u201cla agroecolog\u00eda es producir alimentos en consonacia con la noaturaleza, aprovechando los ciclos que ocurren naturalmente, sin usar agroqu\u00edmicos, sin usar trang\u00e9nicos, cuidando el suelo, el agua\u201d, tambi\u00e9n explic\u00f3 que no solo se trata sobre c\u00f3mo se produce sino que tambien sobre la forma de consumo, teniendo en cuenta las relaciones sociales y la cercan\u00eda entre los productos y las personas.El Director de Parques de la Intendencia de Canelones, Arq. Jose freitas inform\u00f3 que la raz\u00f3n fundamentalde que la celebraci\u00f3n se realice en el Roosevelt es porque la pol\u00edtica de parques de la Intendencia de Canelones, desde hace a\u00f1os, combina muy bien con la lucha o los movimientos que buscan una transicion ecol\u00f3gica \u201cy el Parque Roosevelt en particular viene trabajando hace ya unos a\u00f1os, en su plan para transformar un ecocistema basado en ex\u00f3ticas agreg\u00e1ndoles diversidad basado en nativas, conectando con todas las organizaciones que buscan este cambio de modelo\u201d, cuyo resultado es este segundo a\u00f1o de celebraci\u00f3n. La Agencia de Desarrollo Rural de la Intendencia de Canelones est\u00e1 comprometida con el proyecto y apoya a productores con perspectiva agroecol\u00f3gica con acciones que van desde enfrentar crisis h\u00eddrica, certificaciones a las l\u00edneas de mejor\u00eda y protecci\u00f3n de las semillas, seg\u00fan inform\u00f3 Gustavo Gonzalez, Director de la agencia. <\/p>\n\n\n\n<p>La actidad fue apoyada por la Intendencia de Canelones, la Intendecia \u00a0de Montevideo, el Ministerio de Desarrollo Social, el Ministerio de Ambiente, el Ministerio de Ganader\u00eda Agricultura Pesca, as\u00ed como con fondos de la Uni\u00f3n Europea, Udelar y varias organizaciones sociales.La jornada se cerr\u00f3 bailando, con un atardecer lleno de alegr\u00eda. Estos encuentros, festejos dan fuerza a productores, activistas, artesanas y artesanos y muchas personas m\u00e1s a continuar, en red, un camino que, como qued\u00f3 demostrado en la jornada de hoy, es alegre y lleno de compromiso. Fotos IMC<\/p>\n","protected":false},"excerpt":{"rendered":"<p>El Parque Roosevelt-Parque de los Derechos se convirti\u00f3 en una fiesta de encuentros durante la&#8230;<\/p>\n","protected":false},"author":1,"featured_media":20808,"comment_status":"closed","ping_status":"closed","sticky":false,"template":"","format":"standard","meta":{"_monsterinsights_skip_tracking":false,"_monsterinsights_sitenote_active":false,"_monsterinsights_sitenote_note":"","_monsterinsights_sitenote_category":0,"footnotes":""},"categories":[83],"tags":[],"class_list":["post-20807","post","type-post","status-publish","format-standard","has-post-thumbnail","hentry","category-ciudad-de-la-costa"],"featured_image_urls":{"full":["https:\/\/diariotiempo.com.uy\/noticias\/wp-content\/uploads\/2025\/09\/FERIA-AGROPECUARIA.jpg",700,525,false],"thumbnail":["https:\/\/diariotiempo.com.uy\/noticias\/wp-content\/uploads\/2025\/09\/FERIA-AGROPECUARIA-150x150.jpg",150,150,true],"medium":["https:\/\/diariotiempo.com.uy\/noticias\/wp-content\/uploads\/2025\/09\/FERIA-AGROPECUARIA-300x225.jpg",300,225,true],"medium_large":["https:\/\/diariotiempo.com.uy\/noticias\/wp-content\/uploads\/2025\/09\/FERIA-AGROPECUARIA.jpg",640,480,false],"large":["https:\/\/diariotiempo.com.uy\/noticias\/wp-content\/uploads\/2025\/09\/FERIA-AGROPECUARIA.jpg",640,480,false],"rpg_gallery_admin_thumb":["https:\/\/diariotiempo.com.uy\/noticias\/wp-content\/uploads\/2025\/09\/FERIA-AGROPECUARIA-150x150.jpg",150,150,true],"rpg_gallery_thumb":["https:\/\/diariotiempo.com.uy\/noticias\/wp-content\/uploads\/2025\/09\/FERIA-AGROPECUARIA-150x150.jpg",150,150,true],"1536x1536":["https:\/\/diariotiempo.com.uy\/noticias\/wp-content\/uploads\/2025\/09\/FERIA-AGROPECUARIA.jpg",700,525,false],"2048x2048":["https:\/\/diariotiempo.com.uy\/noticias\/wp-content\/uploads\/2025\/09\/FERIA-AGROPECUARIA.jpg",700,525,false],"covernews-slider-full":["https:\/\/diariotiempo.com.uy\/noticias\/wp-content\/uploads\/2025\/09\/FERIA-AGROPECUARIA.jpg",700,525,false],"covernews-slider-center":["https:\/\/diariotiempo.com.uy\/noticias\/wp-content\/uploads\/2025\/09\/FERIA-AGROPECUARIA-700x500.jpg",700,500,true],"covernews-featured":["https:\/\/diariotiempo.com.uy\/noticias\/wp-content\/uploads\/2025\/09\/FERIA-AGROPECUARIA.jpg",700,525,false],"covernews-medium":["https:\/\/diariotiempo.com.uy\/noticias\/wp-content\/uploads\/2025\/09\/FERIA-AGROPECUARIA-540x340.jpg",540,340,true],"covernews-medium-square":["https:\/\/diariotiempo.com.uy\/noticias\/wp-content\/uploads\/2025\/09\/FERIA-AGROPECUARIA-400x250.jpg",400,250,true]},"author_info":{"display_name":"diario","author_link":"https:\/\/diariotiempo.com.uy\/noticias\/author\/diario\/"},"category_info":"<a href=\"https:\/\/diariotiempo.com.uy\/noticias\/category\/departamental\/ciudad-de-la-costa\/\" rel=\"category tag\">Ciudad de la Costa<\/a>","tag_info":"Ciudad de la Costa","comment_count":"0","_links":{"self":[{"href":"https:\/\/diariotiempo.com.uy\/noticias\/wp-json\/wp\/v2\/posts\/20807","targetHints":{"allow":["GET"]}}],"collection":[{"href":"https:\/\/diariotiempo.com.uy\/noticias\/wp-json\/wp\/v2\/posts"}],"about":[{"href":"https:\/\/diariotiempo.com.uy\/noticias\/wp-json\/wp\/v2\/types\/post"}],"author":[{"embeddable":true,"href":"https:\/\/diariotiempo.com.uy\/noticias\/wp-json\/wp\/v2\/users\/1"}],"replies":[{"embeddable":true,"href":"https:\/\/diariotiempo.com.uy\/noticias\/wp-json\/wp\/v2\/comments?post=20807"}],"version-history":[{"count":1,"href":"https:\/\/diariotiempo.com.uy\/noticias\/wp-json\/wp\/v2\/posts\/20807\/revisions"}],"predecessor-version":[{"id":20810,"href":"https:\/\/diariotiempo.com.uy\/noticias\/wp-json\/wp\/v2\/posts\/20807\/revisions\/20810"}],"wp:featuredmedia":[{"embeddable":true,"href":"https:\/\/diariotiempo.com.uy\/noticias\/wp-json\/wp\/v2\/media\/20808"}],"wp:attachment":[{"href":"https:\/\/diariotiempo.com.uy\/noticias\/wp-json\/wp\/v2\/media?parent=20807"}],"wp:term":[{"taxonomy":"category","embeddable":true,"href":"https:\/\/diariotiempo.com.uy\/noticias\/wp-json\/wp\/v2\/categories?post=20807"},{"taxonomy":"post_tag","embeddable":true,"href":"https:\/\/diariotiempo.com.uy\/noticias\/wp-json\/wp\/v2\/tags?post=20807"}],"curies":[{"name":"wp","href":"https:\/\/api.w.org\/{rel}","templated":true}]}}