{"id":20878,"date":"2025-09-26T15:20:13","date_gmt":"2025-09-26T15:20:13","guid":{"rendered":"https:\/\/diariotiempo.com.uy\/noticias\/?p=20878"},"modified":"2025-09-26T15:20:15","modified_gmt":"2025-09-26T15:20:15","slug":"ministerio-anuncio-1-200-nuevas-camaras-de-videovigilancia-para-el-departamento-de-canelones","status":"publish","type":"post","link":"https:\/\/diariotiempo.com.uy\/noticias\/2025\/09\/26\/ministerio-anuncio-1-200-nuevas-camaras-de-videovigilancia-para-el-departamento-de-canelones\/","title":{"rendered":"Ministerio anunci\u00f3 1.200 nuevas c\u00e1maras de videovigilancia para el departamento de Canelones"},"content":{"rendered":"\n<figure class=\"wp-block-gallery has-nested-images columns-2 is-cropped wp-block-gallery-1 is-layout-flex wp-block-gallery-is-layout-flex\">\n<figure class=\"wp-block-image size-large\"><img loading=\"lazy\" decoding=\"async\" width=\"700\" height=\"394\" data-id=\"20879\" src=\"https:\/\/diariotiempo.com.uy\/noticias\/wp-content\/uploads\/2025\/09\/camaras-canelones.jpeg\" alt=\"\" class=\"wp-image-20879\" srcset=\"https:\/\/diariotiempo.com.uy\/noticias\/wp-content\/uploads\/2025\/09\/camaras-canelones.jpeg 700w, https:\/\/diariotiempo.com.uy\/noticias\/wp-content\/uploads\/2025\/09\/camaras-canelones-300x169.jpeg 300w\" sizes=\"auto, (max-width: 700px) 100vw, 700px\" \/><\/figure>\n\n\n\n<figure class=\"wp-block-image size-large\"><img loading=\"lazy\" decoding=\"async\" width=\"700\" height=\"394\" data-id=\"20881\" src=\"https:\/\/diariotiempo.com.uy\/noticias\/wp-content\/uploads\/2025\/09\/camaras.jpeg\" alt=\"\" class=\"wp-image-20881\" srcset=\"https:\/\/diariotiempo.com.uy\/noticias\/wp-content\/uploads\/2025\/09\/camaras.jpeg 700w, https:\/\/diariotiempo.com.uy\/noticias\/wp-content\/uploads\/2025\/09\/camaras-300x169.jpeg 300w\" sizes=\"auto, (max-width: 700px) 100vw, 700px\" \/><\/figure>\n\n\n\n<figure class=\"wp-block-image size-large\"><img loading=\"lazy\" decoding=\"async\" width=\"945\" height=\"532\" data-id=\"20880\" src=\"https:\/\/diariotiempo.com.uy\/noticias\/wp-content\/uploads\/2025\/09\/camaras-ministro.jpeg\" alt=\"\" class=\"wp-image-20880\" srcset=\"https:\/\/diariotiempo.com.uy\/noticias\/wp-content\/uploads\/2025\/09\/camaras-ministro.jpeg 945w, https:\/\/diariotiempo.com.uy\/noticias\/wp-content\/uploads\/2025\/09\/camaras-ministro-300x169.jpeg 300w, https:\/\/diariotiempo.com.uy\/noticias\/wp-content\/uploads\/2025\/09\/camaras-ministro-768x432.jpeg 768w\" sizes=\"auto, (max-width: 945px) 100vw, 945px\" \/><\/figure>\n<\/figure>\n\n\n\n<p>El Ministro del Interior, Dr. Carlos Negro, junto al Intendente de Canelones, Francisco Legnani, anunci\u00f3 la incorporaci\u00f3n de 1.200 c\u00e1maras destinadas a la videovigilancia del departamento. Los dispositivos se suman a las 1800 c\u00e1maras de la Unidad de Monitoreo y Observatorio Canario que ya gestionan de manera conjunta el Ministerio y el gobierno departamental.En rueda de prensa, el Ministro del Interior, Dr. Carlos Negro, destac\u00f3: \u201caspiramos a contar con toda la ciudadan\u00eda, con todo el Estado en los temas de seguridad, y venimos a Canelones y el Intendente nos manifiesta que pr\u00f3ximamente se van a inaugurar 1.200 c\u00e1maras\u201d. Estas c\u00e1maras se conectar\u00e1n autom\u00e1ticamente con el Centro de Comando Unificado (CCU) del Ministerio del Interior.Asimismo, el Ministro resalt\u00f3 que \u201ceste apoyo significa much\u00edsimo en t\u00e9rminos de seguridad, de tranquilidad, de disuasi\u00f3n y de prevenci\u00f3n, una comunidad controlada y vigilada es una comunidad segura\u201d. Y se\u00f1al\u00f3 que el Ministerio del Interior estar\u00e1 colocando pr\u00f3ximamente, 5000 c\u00e1maras de monitoreo en todo el pa\u00eds.El Intendente de Canelones, Francisco Legnani, destac\u00f3 que \u201cen Canelones este \u00faltimo a\u00f1o han bajado los delitos como el homicidio, pero particularmente ha bajado tambi\u00e9n el abigeato\u201d.El Intendente de Canelones afirm\u00f3 que en el marco de la complementariedad del trabajo realizado con el Minsterio se acord\u00f3 sumar estos nuevos dispositivos a los 1800 ya existententes, por lo que el departamento contar\u00e1 con 3000 c\u00e1maras de videovigilancia conectados al sistema de monitoreo.Esta instancia se da en el marco de trabajos conjuntos desde la cartera hacia las Intendencias de todos los departamentos del pa\u00eds, generando v\u00ednculos de trabajo proyectados a mejorar la seguridad nacional. Fuente y foto MI<\/p>\n\n\n\n<p>Intendencia de Rivera visit\u00f3 Unidad de Monitoreo Canario para replicar experiencia de seguridad y convivencia<\/p>\n\n\n\n<p>Autoridades de la Intendencia de Rivera visitaron la Unidad de Monitoreo y Observatorio Canario y se reunieron con el intendente de Canelones en funciones para conocer de primera mano la experiencia exitosa que ha implementado el gobierno departamental en materia de seguridad y convivencia, y poder replicar el sistema en Rivera.Tanto las autoridades riverenses como las de la Oficina de Planeamiento y Presupuesto de Presidencia de La Rep\u00fablica (OPP) presentes en el lugar, destacaron el car\u00e1cter ejemplar del sistema canario que cuenta con 1800 c\u00e1maras en todo el departamento, monitoreadas en conjunto con el Ministerio del Interior, a las que en breve se sumar\u00e1n otras 1200.La Intendencia de Rivera se ve ante dificultades en el control del territorio fronterizo con Brasil y nuevos desaf\u00edos debido al crecimiento de los espacios p\u00fablicos. Por esto, comenz\u00f3 a trabajar con el asesoramiento de la OPP para desarrollar un centro de monitoreo como el que posee Canelones. El coordinador de descentralizaci\u00f3n de OPP, Jos\u00e9 Manuel Arenas, expuso que \u201ctenemos el cometido de interactuar con todos los gobiernos departamentales\u201d y en esta ocasi\u00f3n se coordin\u00f3 para \u201cdar a conocer la Unidad de Monitoreo como una experiencia exitosa que trasciende a Canelones\u201d. El gobierno departamental comenz\u00f3 el proceso de desarrollo de la unidad en el a\u00f1o 2021, pudi\u00e9ndola materializar en julio de 2024. El desarrollo del proceso ha implicado m\u00faltiples desaf\u00edos, los mismos que en este momento enfrenta la Intendencia de Rivera y el gobierno canario se ha dispuesto a compartir en esta instancia el camino recorrido. El intendente en funciones, Pedro Irigoin, expres\u00f3 que la jornada fue para \u201ctransmitir experiencia y compartirla, especialmente sobre el proceso que se atraves\u00f3 con el Ministerio del Interior\u201d.El director general de Obras de la Intendencia de Rivera, Mart\u00edn Garc\u00eda, expres\u00f3 que Canelones tiene mucho para destacar y les sirve de ejemplo en la forma en la que desarroll\u00f3 el proyecto y articul\u00f3 con los organismos estatales, \u201cnosotros venimos haciendo trabajo de investigaci\u00f3n, una hoja de ruta con OPP. Canelones ya lo ha implementado y su camino nos ayuda a nosotros a acortar los tiempos para concretar el objetivo\u201d.&nbsp;<\/p>\n","protected":false},"excerpt":{"rendered":"<p>El Ministro del Interior, Dr. Carlos Negro, junto al Intendente de Canelones, Francisco Legnani, anunci\u00f3&#8230;<\/p>\n","protected":false},"author":1,"featured_media":20881,"comment_status":"closed","ping_status":"closed","sticky":false,"template":"","format":"standard","meta":{"_monsterinsights_skip_tracking":false,"_monsterinsights_sitenote_active":false,"_monsterinsights_sitenote_note":"","_monsterinsights_sitenote_category":0,"footnotes":""},"categories":[4],"tags":[],"class_list":["post-20878","post","type-post","status-publish","format-standard","has-post-thumbnail","hentry","category-departamental"],"featured_image_urls":{"full":["https:\/\/diariotiempo.com.uy\/noticias\/wp-content\/uploads\/2025\/09\/camaras.jpeg",700,394,false],"thumbnail":["https:\/\/diariotiempo.com.uy\/noticias\/wp-content\/uploads\/2025\/09\/camaras-150x150.jpeg",150,150,true],"medium":["https:\/\/diariotiempo.com.uy\/noticias\/wp-content\/uploads\/2025\/09\/camaras-300x169.jpeg",300,169,true],"medium_large":["https:\/\/diariotiempo.com.uy\/noticias\/wp-content\/uploads\/2025\/09\/camaras.jpeg",640,360,false],"large":["https:\/\/diariotiempo.com.uy\/noticias\/wp-content\/uploads\/2025\/09\/camaras.jpeg",640,360,false],"rpg_gallery_admin_thumb":["https:\/\/diariotiempo.com.uy\/noticias\/wp-content\/uploads\/2025\/09\/camaras-150x150.jpeg",150,150,true],"rpg_gallery_thumb":["https:\/\/diariotiempo.com.uy\/noticias\/wp-content\/uploads\/2025\/09\/camaras-150x150.jpeg",150,150,true],"1536x1536":["https:\/\/diariotiempo.com.uy\/noticias\/wp-content\/uploads\/2025\/09\/camaras.jpeg",700,394,false],"2048x2048":["https:\/\/diariotiempo.com.uy\/noticias\/wp-content\/uploads\/2025\/09\/camaras.jpeg",700,394,false],"covernews-slider-full":["https:\/\/diariotiempo.com.uy\/noticias\/wp-content\/uploads\/2025\/09\/camaras.jpeg",700,394,false],"covernews-slider-center":["https:\/\/diariotiempo.com.uy\/noticias\/wp-content\/uploads\/2025\/09\/camaras.jpeg",700,394,false],"covernews-featured":["https:\/\/diariotiempo.com.uy\/noticias\/wp-content\/uploads\/2025\/09\/camaras.jpeg",700,394,false],"covernews-medium":["https:\/\/diariotiempo.com.uy\/noticias\/wp-content\/uploads\/2025\/09\/camaras-540x340.jpeg",540,340,true],"covernews-medium-square":["https:\/\/diariotiempo.com.uy\/noticias\/wp-content\/uploads\/2025\/09\/camaras-400x250.jpeg",400,250,true]},"author_info":{"display_name":"diario","author_link":"https:\/\/diariotiempo.com.uy\/noticias\/author\/diario\/"},"category_info":"<a href=\"https:\/\/diariotiempo.com.uy\/noticias\/category\/departamental\/\" rel=\"category tag\">DEPARTAMENTAL<\/a>","tag_info":"DEPARTAMENTAL","comment_count":"0","_links":{"self":[{"href":"https:\/\/diariotiempo.com.uy\/noticias\/wp-json\/wp\/v2\/posts\/20878","targetHints":{"allow":["GET"]}}],"collection":[{"href":"https:\/\/diariotiempo.com.uy\/noticias\/wp-json\/wp\/v2\/posts"}],"about":[{"href":"https:\/\/diariotiempo.com.uy\/noticias\/wp-json\/wp\/v2\/types\/post"}],"author":[{"embeddable":true,"href":"https:\/\/diariotiempo.com.uy\/noticias\/wp-json\/wp\/v2\/users\/1"}],"replies":[{"embeddable":true,"href":"https:\/\/diariotiempo.com.uy\/noticias\/wp-json\/wp\/v2\/comments?post=20878"}],"version-history":[{"count":1,"href":"https:\/\/diariotiempo.com.uy\/noticias\/wp-json\/wp\/v2\/posts\/20878\/revisions"}],"predecessor-version":[{"id":20882,"href":"https:\/\/diariotiempo.com.uy\/noticias\/wp-json\/wp\/v2\/posts\/20878\/revisions\/20882"}],"wp:featuredmedia":[{"embeddable":true,"href":"https:\/\/diariotiempo.com.uy\/noticias\/wp-json\/wp\/v2\/media\/20881"}],"wp:attachment":[{"href":"https:\/\/diariotiempo.com.uy\/noticias\/wp-json\/wp\/v2\/media?parent=20878"}],"wp:term":[{"taxonomy":"category","embeddable":true,"href":"https:\/\/diariotiempo.com.uy\/noticias\/wp-json\/wp\/v2\/categories?post=20878"},{"taxonomy":"post_tag","embeddable":true,"href":"https:\/\/diariotiempo.com.uy\/noticias\/wp-json\/wp\/v2\/tags?post=20878"}],"curies":[{"name":"wp","href":"https:\/\/api.w.org\/{rel}","templated":true}]}}