{"id":20883,"date":"2025-09-26T15:21:18","date_gmt":"2025-09-26T15:21:18","guid":{"rendered":"https:\/\/diariotiempo.com.uy\/noticias\/?p=20883"},"modified":"2025-09-26T15:21:19","modified_gmt":"2025-09-26T15:21:19","slug":"con-la-participacion-de-200-patinadores-se-realizo-la-primera-edicion-de-la-shifters-maraton-uruguay","status":"publish","type":"post","link":"https:\/\/diariotiempo.com.uy\/noticias\/2025\/09\/26\/con-la-participacion-de-200-patinadores-se-realizo-la-primera-edicion-de-la-shifters-maraton-uruguay\/","title":{"rendered":"Con la participaci\u00f3n de 200 patinadores se realiz\u00f3 la primera edici\u00f3n de la Shifters Marat\u00f3n Uruguay"},"content":{"rendered":"\n<figure class=\"wp-block-image size-full\"><img loading=\"lazy\" decoding=\"async\" width=\"800\" height=\"432\" src=\"https:\/\/diariotiempo.com.uy\/noticias\/wp-content\/uploads\/2025\/09\/MARATON-PISTA.jpg\" alt=\"\" class=\"wp-image-20884\" srcset=\"https:\/\/diariotiempo.com.uy\/noticias\/wp-content\/uploads\/2025\/09\/MARATON-PISTA.jpg 800w, https:\/\/diariotiempo.com.uy\/noticias\/wp-content\/uploads\/2025\/09\/MARATON-PISTA-300x162.jpg 300w, https:\/\/diariotiempo.com.uy\/noticias\/wp-content\/uploads\/2025\/09\/MARATON-PISTA-768x415.jpg 768w\" sizes=\"auto, (max-width: 800px) 100vw, 800px\" \/><\/figure>\n\n\n\n<p>La pista de patinaje Patinlandia y la rambla costanera frente al Parque Roosevelt-Parque de los Derechos fueron una fiesta al convertirse durante la ma\u00f1ana del domingo en escenario de la primera marat\u00f3n de patinaje Shifters en Uruguay, que cont\u00f3 con la presencia de m\u00e1s de 200 patinadores de distintos puntos del pa\u00eds y del exteriorLa actividad, organizada por el Parque Roosevelt-Parque de los derechos, la Direcci\u00f3n General de Deportes y el colectivo de patinadores Shifters Canelones cont\u00f3 la participaci\u00f3n de personas de todas las edades y niveles, desde amateur a competidores de nivel internacional. Se trat\u00f3 de una carrera competitiva de patines en l\u00ednea (rollers), con cinco diferentes categorias: 6, 12, 21 y 42 km, m\u00e1s la categor\u00eda ni\u00f1as y ni\u00f1os (kids).Las categor\u00edas m\u00e1s concurridas fueron 21 y 12 km, con la particular caracter\u00edstica de gran participaci\u00f3n en la carrera de 42 kil\u00f3metros de la que participaron 40 patinadores. En total la competencia cont\u00f3 con 200 participantes, principalmente de Argentina y Uruguay. Fue destacada la presencia de Guadalupe Delfino, llegada desde Argentina, quien lleva 5 a\u00f1os organizando maratones de este tipo en su pa\u00eds y fue invitada por el colectivo canario que se puso en contacto con el parque y Patinlandia. Delfino expres\u00f3 que fue una hermosa cooperaci\u00f3n entre ambos pa\u00edses y que las personas que participaron (muchas de ellas viajaron desde Argentina) quedaron muy contentas con la pista y el circuito. La organizadora resalt\u00f3 la belleza de la rambla y Patinlandia que permite expresar el mayor potencial de cada patinador debido a sus circuitos largos, \u00abel circuito fue la estrella de la marat\u00f3n y todos los competidores quedaron muy contentos\u201d, expres\u00f3 Delfino.<\/p>\n\n\n\n<p>El Director General de Deportes, Luis de Melo explic\u00f3 que la transformaci\u00f3n que se est\u00e1 llevando a cabo en el Parque Roosevelt y en todo Canelones busca involucrar a toda la sociedad en su conjunto, la promoci\u00f3n de la actividad f\u00edsica comunitaria. De Melo asegur\u00f3 al cierre de la jornada que \u00a0\u00abactividades como \u00e9sta son un \u00e9xito cuando participa tanta gente, de diferentes edades, lo importante es que la gente se sume y participe\u00bb.El arquitecto Jos\u00e9 Freitas, Director de Parques de la Intendencia de Canelones destac\u00f3 el trabajo coordinado de forma internacional junto a la Direcci\u00f3n de Deportes y con las organizaciones de patinadores locales y argentinos, con la colaboraci\u00f3n de la Direcci\u00f3n de Tr\u00e1nsito. Freitas destac\u00f3 la importancia de Patinlandia, \u201ceste gran espacio que han conquistado los patinadores, proyecto estrat\u00e9gico de la Intendencia de Canelones y en especial del Parque Roosevelt-Parque de los Derechos, aqu\u00ed sobre la rambla\u00bb. La actividad tuvo como caracter\u00edstica particular el hecho de que fue la primera vez que se realiz\u00f3 un evento de estas caracter\u00edsticas en Uruguay. Al finalizar se entregaron premios y medallas, y al color que hab\u00eda ganado la ma\u00f1ana del domingo, se sum\u00f3 tambi\u00e9n la m\u00fasica, ya que la pista de patinaje se transform\u00f3 tambi\u00e9n en pista de baile con una banda que toc\u00f3 en vivo.<\/p>\n\n\n\n<p><\/p>\n","protected":false},"excerpt":{"rendered":"<p>La pista de patinaje Patinlandia y la rambla costanera frente al Parque Roosevelt-Parque de los&#8230;<\/p>\n","protected":false},"author":1,"featured_media":20884,"comment_status":"closed","ping_status":"closed","sticky":false,"template":"","format":"standard","meta":{"_monsterinsights_skip_tracking":false,"_monsterinsights_sitenote_active":false,"_monsterinsights_sitenote_note":"","_monsterinsights_sitenote_category":0,"footnotes":""},"categories":[8],"tags":[],"class_list":["post-20883","post","type-post","status-publish","format-standard","has-post-thumbnail","hentry","category-deporte"],"featured_image_urls":{"full":["https:\/\/diariotiempo.com.uy\/noticias\/wp-content\/uploads\/2025\/09\/MARATON-PISTA.jpg",800,432,false],"thumbnail":["https:\/\/diariotiempo.com.uy\/noticias\/wp-content\/uploads\/2025\/09\/MARATON-PISTA-150x150.jpg",150,150,true],"medium":["https:\/\/diariotiempo.com.uy\/noticias\/wp-content\/uploads\/2025\/09\/MARATON-PISTA-300x162.jpg",300,162,true],"medium_large":["https:\/\/diariotiempo.com.uy\/noticias\/wp-content\/uploads\/2025\/09\/MARATON-PISTA-768x415.jpg",640,346,true],"large":["https:\/\/diariotiempo.com.uy\/noticias\/wp-content\/uploads\/2025\/09\/MARATON-PISTA.jpg",640,346,false],"rpg_gallery_admin_thumb":["https:\/\/diariotiempo.com.uy\/noticias\/wp-content\/uploads\/2025\/09\/MARATON-PISTA-150x150.jpg",150,150,true],"rpg_gallery_thumb":["https:\/\/diariotiempo.com.uy\/noticias\/wp-content\/uploads\/2025\/09\/MARATON-PISTA-150x150.jpg",150,150,true],"1536x1536":["https:\/\/diariotiempo.com.uy\/noticias\/wp-content\/uploads\/2025\/09\/MARATON-PISTA.jpg",800,432,false],"2048x2048":["https:\/\/diariotiempo.com.uy\/noticias\/wp-content\/uploads\/2025\/09\/MARATON-PISTA.jpg",800,432,false],"covernews-slider-full":["https:\/\/diariotiempo.com.uy\/noticias\/wp-content\/uploads\/2025\/09\/MARATON-PISTA.jpg",800,432,false],"covernews-slider-center":["https:\/\/diariotiempo.com.uy\/noticias\/wp-content\/uploads\/2025\/09\/MARATON-PISTA.jpg",800,432,false],"covernews-featured":["https:\/\/diariotiempo.com.uy\/noticias\/wp-content\/uploads\/2025\/09\/MARATON-PISTA.jpg",800,432,false],"covernews-medium":["https:\/\/diariotiempo.com.uy\/noticias\/wp-content\/uploads\/2025\/09\/MARATON-PISTA-540x340.jpg",540,340,true],"covernews-medium-square":["https:\/\/diariotiempo.com.uy\/noticias\/wp-content\/uploads\/2025\/09\/MARATON-PISTA-400x250.jpg",400,250,true]},"author_info":{"display_name":"diario","author_link":"https:\/\/diariotiempo.com.uy\/noticias\/author\/diario\/"},"category_info":"<a href=\"https:\/\/diariotiempo.com.uy\/noticias\/category\/deporte\/\" rel=\"category tag\">DEPORTE<\/a>","tag_info":"DEPORTE","comment_count":"0","_links":{"self":[{"href":"https:\/\/diariotiempo.com.uy\/noticias\/wp-json\/wp\/v2\/posts\/20883","targetHints":{"allow":["GET"]}}],"collection":[{"href":"https:\/\/diariotiempo.com.uy\/noticias\/wp-json\/wp\/v2\/posts"}],"about":[{"href":"https:\/\/diariotiempo.com.uy\/noticias\/wp-json\/wp\/v2\/types\/post"}],"author":[{"embeddable":true,"href":"https:\/\/diariotiempo.com.uy\/noticias\/wp-json\/wp\/v2\/users\/1"}],"replies":[{"embeddable":true,"href":"https:\/\/diariotiempo.com.uy\/noticias\/wp-json\/wp\/v2\/comments?post=20883"}],"version-history":[{"count":1,"href":"https:\/\/diariotiempo.com.uy\/noticias\/wp-json\/wp\/v2\/posts\/20883\/revisions"}],"predecessor-version":[{"id":20885,"href":"https:\/\/diariotiempo.com.uy\/noticias\/wp-json\/wp\/v2\/posts\/20883\/revisions\/20885"}],"wp:featuredmedia":[{"embeddable":true,"href":"https:\/\/diariotiempo.com.uy\/noticias\/wp-json\/wp\/v2\/media\/20884"}],"wp:attachment":[{"href":"https:\/\/diariotiempo.com.uy\/noticias\/wp-json\/wp\/v2\/media?parent=20883"}],"wp:term":[{"taxonomy":"category","embeddable":true,"href":"https:\/\/diariotiempo.com.uy\/noticias\/wp-json\/wp\/v2\/categories?post=20883"},{"taxonomy":"post_tag","embeddable":true,"href":"https:\/\/diariotiempo.com.uy\/noticias\/wp-json\/wp\/v2\/tags?post=20883"}],"curies":[{"name":"wp","href":"https:\/\/api.w.org\/{rel}","templated":true}]}}