{"id":20886,"date":"2025-09-26T15:22:23","date_gmt":"2025-09-26T15:22:23","guid":{"rendered":"https:\/\/diariotiempo.com.uy\/noticias\/?p=20886"},"modified":"2025-09-26T15:24:03","modified_gmt":"2025-09-26T15:24:03","slug":"liga-de-fomento-de-atlantida-presente-en-el-bicentenario-de-la-batalla-del-rincon","status":"publish","type":"post","link":"https:\/\/diariotiempo.com.uy\/noticias\/2025\/09\/26\/liga-de-fomento-de-atlantida-presente-en-el-bicentenario-de-la-batalla-del-rincon\/","title":{"rendered":"Liga de Fomento de Atl\u00e1ntida presente en el bicentenario de \u00abLa Batalla del Rinc\u00f3n\u00bb"},"content":{"rendered":"\n<figure class=\"wp-block-image size-full\"><img loading=\"lazy\" decoding=\"async\" width=\"900\" height=\"507\" src=\"https:\/\/diariotiempo.com.uy\/noticias\/wp-content\/uploads\/2025\/09\/liga-fomento-placa.jpg\" alt=\"\" class=\"wp-image-20887\" srcset=\"https:\/\/diariotiempo.com.uy\/noticias\/wp-content\/uploads\/2025\/09\/liga-fomento-placa.jpg 900w, https:\/\/diariotiempo.com.uy\/noticias\/wp-content\/uploads\/2025\/09\/liga-fomento-placa-300x169.jpg 300w, https:\/\/diariotiempo.com.uy\/noticias\/wp-content\/uploads\/2025\/09\/liga-fomento-placa-768x433.jpg 768w\" sizes=\"auto, (max-width: 900px) 100vw, 900px\" \/><\/figure>\n\n\n\n<p>La Liga de Fomento de Atl\u00e1ntida particip\u00f3 de las actividades conmemorativas por el bicentenario de \u00abLa Batalla del Rinc\u00f3n\u00bb, con presencia del presidente de la instituci\u00f3n, Daniel Cervini.La Batalla del Rinc\u00f3n, librada el 24 de setiembre de 1825 en lo que hoy es el departamento de R\u00edo Negro, fue el primer enfrentamiento militar importante entre las fuerzas revolucionarias orientales, al mando del general Fructuoso Rivera, y las tropas portuguesas-brasile\u00f1as.<\/p>\n\n\n\n<p>Con apenas unos 250 hombres, Rivera aprovech\u00f3 el terreno, la sorpresa y el conocimiento del lugar para emboscar al enemigo, capturar una caballada enorme, asegurar armamento y provocar fuertes p\u00e9rdidas en las tropas imperiales. Esta victoria no solo debilit\u00f3 la capacidad militar de los ocupantes, sino que fortaleci\u00f3 la moral y la proyecci\u00f3n del ej\u00e9rcito oriental en la Cruzada Libertadora. \u00a0(Foto LIFA)<\/p>\n\n\n\n<p><\/p>\n","protected":false},"excerpt":{"rendered":"<p>La Liga de Fomento de Atl\u00e1ntida particip\u00f3 de las actividades conmemorativas por el bicentenario de&#8230;<\/p>\n","protected":false},"author":1,"featured_media":20887,"comment_status":"closed","ping_status":"closed","sticky":false,"template":"","format":"standard","meta":{"_monsterinsights_skip_tracking":false,"_monsterinsights_sitenote_active":false,"_monsterinsights_sitenote_note":"","_monsterinsights_sitenote_category":0,"footnotes":""},"categories":[25],"tags":[],"class_list":["post-20886","post","type-post","status-publish","format-standard","has-post-thumbnail","hentry","category-atlantida"],"featured_image_urls":{"full":["https:\/\/diariotiempo.com.uy\/noticias\/wp-content\/uploads\/2025\/09\/liga-fomento-placa.jpg",900,507,false],"thumbnail":["https:\/\/diariotiempo.com.uy\/noticias\/wp-content\/uploads\/2025\/09\/liga-fomento-placa-150x150.jpg",150,150,true],"medium":["https:\/\/diariotiempo.com.uy\/noticias\/wp-content\/uploads\/2025\/09\/liga-fomento-placa-300x169.jpg",300,169,true],"medium_large":["https:\/\/diariotiempo.com.uy\/noticias\/wp-content\/uploads\/2025\/09\/liga-fomento-placa-768x433.jpg",640,361,true],"large":["https:\/\/diariotiempo.com.uy\/noticias\/wp-content\/uploads\/2025\/09\/liga-fomento-placa.jpg",640,361,false],"rpg_gallery_admin_thumb":["https:\/\/diariotiempo.com.uy\/noticias\/wp-content\/uploads\/2025\/09\/liga-fomento-placa-150x150.jpg",150,150,true],"rpg_gallery_thumb":["https:\/\/diariotiempo.com.uy\/noticias\/wp-content\/uploads\/2025\/09\/liga-fomento-placa-150x150.jpg",150,150,true],"1536x1536":["https:\/\/diariotiempo.com.uy\/noticias\/wp-content\/uploads\/2025\/09\/liga-fomento-placa.jpg",900,507,false],"2048x2048":["https:\/\/diariotiempo.com.uy\/noticias\/wp-content\/uploads\/2025\/09\/liga-fomento-placa.jpg",900,507,false],"covernews-slider-full":["https:\/\/diariotiempo.com.uy\/noticias\/wp-content\/uploads\/2025\/09\/liga-fomento-placa.jpg",900,507,false],"covernews-slider-center":["https:\/\/diariotiempo.com.uy\/noticias\/wp-content\/uploads\/2025\/09\/liga-fomento-placa-800x500.jpg",800,500,true],"covernews-featured":["https:\/\/diariotiempo.com.uy\/noticias\/wp-content\/uploads\/2025\/09\/liga-fomento-placa.jpg",900,507,false],"covernews-medium":["https:\/\/diariotiempo.com.uy\/noticias\/wp-content\/uploads\/2025\/09\/liga-fomento-placa-540x340.jpg",540,340,true],"covernews-medium-square":["https:\/\/diariotiempo.com.uy\/noticias\/wp-content\/uploads\/2025\/09\/liga-fomento-placa-400x250.jpg",400,250,true]},"author_info":{"display_name":"diario","author_link":"https:\/\/diariotiempo.com.uy\/noticias\/author\/diario\/"},"category_info":"<a href=\"https:\/\/diariotiempo.com.uy\/noticias\/category\/departamental\/atlantida\/\" rel=\"category tag\">Atl\u00e1ntida<\/a>","tag_info":"Atl\u00e1ntida","comment_count":"0","_links":{"self":[{"href":"https:\/\/diariotiempo.com.uy\/noticias\/wp-json\/wp\/v2\/posts\/20886","targetHints":{"allow":["GET"]}}],"collection":[{"href":"https:\/\/diariotiempo.com.uy\/noticias\/wp-json\/wp\/v2\/posts"}],"about":[{"href":"https:\/\/diariotiempo.com.uy\/noticias\/wp-json\/wp\/v2\/types\/post"}],"author":[{"embeddable":true,"href":"https:\/\/diariotiempo.com.uy\/noticias\/wp-json\/wp\/v2\/users\/1"}],"replies":[{"embeddable":true,"href":"https:\/\/diariotiempo.com.uy\/noticias\/wp-json\/wp\/v2\/comments?post=20886"}],"version-history":[{"count":2,"href":"https:\/\/diariotiempo.com.uy\/noticias\/wp-json\/wp\/v2\/posts\/20886\/revisions"}],"predecessor-version":[{"id":20890,"href":"https:\/\/diariotiempo.com.uy\/noticias\/wp-json\/wp\/v2\/posts\/20886\/revisions\/20890"}],"wp:featuredmedia":[{"embeddable":true,"href":"https:\/\/diariotiempo.com.uy\/noticias\/wp-json\/wp\/v2\/media\/20887"}],"wp:attachment":[{"href":"https:\/\/diariotiempo.com.uy\/noticias\/wp-json\/wp\/v2\/media?parent=20886"}],"wp:term":[{"taxonomy":"category","embeddable":true,"href":"https:\/\/diariotiempo.com.uy\/noticias\/wp-json\/wp\/v2\/categories?post=20886"},{"taxonomy":"post_tag","embeddable":true,"href":"https:\/\/diariotiempo.com.uy\/noticias\/wp-json\/wp\/v2\/tags?post=20886"}],"curies":[{"name":"wp","href":"https:\/\/api.w.org\/{rel}","templated":true}]}}