{"id":20899,"date":"2025-09-26T15:30:18","date_gmt":"2025-09-26T15:30:18","guid":{"rendered":"https:\/\/diariotiempo.com.uy\/noticias\/?p=20899"},"modified":"2025-09-26T15:30:19","modified_gmt":"2025-09-26T15:30:19","slug":"san-ramon-un-mural-monumental-y-un-corto-documental-para-honrar-la-historia","status":"publish","type":"post","link":"https:\/\/diariotiempo.com.uy\/noticias\/2025\/09\/26\/san-ramon-un-mural-monumental-y-un-corto-documental-para-honrar-la-historia\/","title":{"rendered":"San Ram\u00f3n: un mural monumental y un corto documental para honrar la historia"},"content":{"rendered":"\n<figure class=\"wp-block-gallery has-nested-images columns-2 is-cropped wp-block-gallery-1 is-layout-flex wp-block-gallery-is-layout-flex\">\n<figure class=\"wp-block-image size-large\"><img loading=\"lazy\" decoding=\"async\" width=\"700\" height=\"700\" data-id=\"20900\" src=\"https:\/\/diariotiempo.com.uy\/noticias\/wp-content\/uploads\/2025\/09\/CASA-BICI.jpg\" alt=\"\" class=\"wp-image-20900\" srcset=\"https:\/\/diariotiempo.com.uy\/noticias\/wp-content\/uploads\/2025\/09\/CASA-BICI.jpg 700w, https:\/\/diariotiempo.com.uy\/noticias\/wp-content\/uploads\/2025\/09\/CASA-BICI-300x300.jpg 300w, https:\/\/diariotiempo.com.uy\/noticias\/wp-content\/uploads\/2025\/09\/CASA-BICI-150x150.jpg 150w\" sizes=\"auto, (max-width: 700px) 100vw, 700px\" \/><\/figure>\n\n\n\n<figure class=\"wp-block-image size-large\"><img loading=\"lazy\" decoding=\"async\" width=\"700\" height=\"700\" data-id=\"20901\" src=\"https:\/\/diariotiempo.com.uy\/noticias\/wp-content\/uploads\/2025\/09\/CASA-FLORES.jpg\" alt=\"\" class=\"wp-image-20901\" srcset=\"https:\/\/diariotiempo.com.uy\/noticias\/wp-content\/uploads\/2025\/09\/CASA-FLORES.jpg 700w, https:\/\/diariotiempo.com.uy\/noticias\/wp-content\/uploads\/2025\/09\/CASA-FLORES-300x300.jpg 300w, https:\/\/diariotiempo.com.uy\/noticias\/wp-content\/uploads\/2025\/09\/CASA-FLORES-150x150.jpg 150w\" sizes=\"auto, (max-width: 700px) 100vw, 700px\" \/><\/figure>\n\n\n\n<figure class=\"wp-block-image size-large\"><img loading=\"lazy\" decoding=\"async\" width=\"900\" height=\"509\" data-id=\"20902\" src=\"https:\/\/diariotiempo.com.uy\/noticias\/wp-content\/uploads\/2025\/09\/TANQUE.jpg\" alt=\"\" class=\"wp-image-20902\" srcset=\"https:\/\/diariotiempo.com.uy\/noticias\/wp-content\/uploads\/2025\/09\/TANQUE.jpg 900w, https:\/\/diariotiempo.com.uy\/noticias\/wp-content\/uploads\/2025\/09\/TANQUE-300x170.jpg 300w, https:\/\/diariotiempo.com.uy\/noticias\/wp-content\/uploads\/2025\/09\/TANQUE-768x434.jpg 768w\" sizes=\"auto, (max-width: 900px) 100vw, 900px\" \/><\/figure>\n<\/figure>\n\n\n\n<p><strong>El pueblo de las Casas Pintadas redobla la apuesta ahora intervienen el hist\u00f3rico tanque de AFE.<\/strong><\/p>\n\n\n\n<p>Memoria de las V\u00edas es la nueva intervenci\u00f3n en San Ram\u00f3n que se ejecutar\u00e1 entre el 19 de septiembre y el 29 del mismo mes: un mural de gran escala (103m2) que se pintar\u00e1 en el hist\u00f3rico tanque de agua de AFE \u2014visible desde uno de los principales accesos a la ciudad\u2014, acompa\u00f1ado de la elaboraci\u00f3n de un corto documental que comienza a rodarse al mismo tiempo que dan la primera pincelada del mural. El corto recopilar\u00e1 relatos de vecinas y vecinos que vivieron en la \u00e9poca que el tren atravesaba y daba vida a la ciudad, pero tambi\u00e9n de las nuevas generaciones que crecieron con la infraestructura de la estaci\u00f3n y las v\u00edas al abandono. El proceso de pintura del mural ser\u00e1 el escenario de este corto.La propuesta, llevada adelante por el colectivo Pueblo de las Casas Pintadas, fue ganadora de un fondo concursable del MEC 2024, y marca un cambio de estrategia del colectivo, que hasta ahora ven\u00eda realizando m\u00faltiples intervenciones de mediana a peque\u00f1a escala financiadas por fondos anuales de la OPP y el Municipio. Ante la ausencia de financiamiento sostenido, se opt\u00f3 por postular al Fondo Regional de la Cultura del MEC y concentrar los esfuerzos en una gran intervenci\u00f3n anual de alto impacto simb\u00f3lico, est\u00e9tico y emocional.El mural, dise\u00f1ado por el artista Germ\u00e1n Mart\u00ednez, retratar\u00e1 a una ni\u00f1a jugando con un tren de juguete, s\u00edmbolo de transmisi\u00f3n de memoria intergeneracional y conexi\u00f3n con el pasado ferroviario de la ciudad.<\/p>\n\n\n\n<p><strong>El corto documental<\/strong><\/p>\n\n\n\n<p>El corto documental, dirigido por Loredana Morando, se construye a partir de entrevistas \u00edntimas con habitantes del pueblo, ex funcionarios de AFE y familias que vivieron la transformaci\u00f3n del paisaje urbano. El objetivo es recuperar la memoria colectiva, poner en valor las historias que no salen en los libros de historia y preservar un legado cultural profundo.<\/p>\n\n\n\n<p><strong>Cultura, memoria y participaci\u00f3n<\/strong><\/p>\n\n\n\n<p>Memoria de las V\u00edas reafirma el esp\u00edritu del colectivo: construir comunidad desde el arte, recuperar espacios abandonados con sentido, y abrir nuevas formas de habitar el territorio. Como siempre, el proyecto se lleva adelante desde la participaci\u00f3n ciudadana, con convocatoria abierta a compartir recuerdos, colaborar y ser parte de un proceso que transforma no solo el paisaje, sino tambi\u00e9n los v\u00ednculos. San Ram\u00f3n se mueve, se pinta, se filma, se recuerda. Y todo eso lo hace su gente.<\/p>\n\n\n\n<p><strong>Contexto<\/strong><\/p>\n\n\n\n<p>San Ram\u00f3n transforma sus calles en cultura viva desde el 2020: 27 murales y 1 fotogaler\u00eda a cielo abierto. Desde 2020, el colectivo Pueblo de las Casas Pintadas viene trabajando de forma independiente y voluntaria para transformar el espacio p\u00fablico de San Ram\u00f3n a trav\u00e9s del arte urbano. En solo tres a\u00f1os, se han realizado 27 murales de mediana escala, creados por artistas locales, nacionales e internacionales, y se ha instalado la primera fotogaler\u00eda a cielo abierto del santoral con una muestra realizada por 6 fot\u00f3grafos locales, convirtiendo a esta ciudad en un nuevo punto de referencia cultural y tur\u00edstico de la regi\u00f3n.Las intervenciones \u2014que nacieron como respuesta al desv\u00edo de la Ruta 6\u2014 buscan revitalizar el centro urbano, democratizar el acceso al arte y construir identidad comunitaria a trav\u00e9s de la cultura Los muros se han vuelto lugar de encuentro y memoria viva. La comunidad se ha apropiado del proceso y del resultado, no solo cuidando las obras, sino tambi\u00e9n participando activamente en su realizaci\u00f3n y proponiendo nuevos espacios a intervenir.\u201cHoy, este proyecto da un nuevo paso: Memoria de las V\u00edas, una propuesta que suma el lenguaje audiovisual y da un giro de escala para seguir sembrando cultura en el territorio. CONTACTO: @pueblodelas.casaspintadas\u201cSan Ram\u00f3n, Canelones, Uruguay<\/p>\n","protected":false},"excerpt":{"rendered":"<p>El pueblo de las Casas Pintadas redobla la apuesta ahora intervienen el hist\u00f3rico tanque de&#8230;<\/p>\n","protected":false},"author":1,"featured_media":20901,"comment_status":"closed","ping_status":"closed","sticky":false,"template":"","format":"standard","meta":{"_monsterinsights_skip_tracking":false,"_monsterinsights_sitenote_active":false,"_monsterinsights_sitenote_note":"","_monsterinsights_sitenote_category":0,"footnotes":""},"categories":[111],"tags":[],"class_list":["post-20899","post","type-post","status-publish","format-standard","has-post-thumbnail","hentry","category-san-ramon"],"featured_image_urls":{"full":["https:\/\/diariotiempo.com.uy\/noticias\/wp-content\/uploads\/2025\/09\/CASA-FLORES.jpg",700,700,false],"thumbnail":["https:\/\/diariotiempo.com.uy\/noticias\/wp-content\/uploads\/2025\/09\/CASA-FLORES-150x150.jpg",150,150,true],"medium":["https:\/\/diariotiempo.com.uy\/noticias\/wp-content\/uploads\/2025\/09\/CASA-FLORES-300x300.jpg",300,300,true],"medium_large":["https:\/\/diariotiempo.com.uy\/noticias\/wp-content\/uploads\/2025\/09\/CASA-FLORES.jpg",640,640,false],"large":["https:\/\/diariotiempo.com.uy\/noticias\/wp-content\/uploads\/2025\/09\/CASA-FLORES.jpg",640,640,false],"rpg_gallery_admin_thumb":["https:\/\/diariotiempo.com.uy\/noticias\/wp-content\/uploads\/2025\/09\/CASA-FLORES-150x150.jpg",150,150,true],"rpg_gallery_thumb":["https:\/\/diariotiempo.com.uy\/noticias\/wp-content\/uploads\/2025\/09\/CASA-FLORES-150x150.jpg",150,150,true],"1536x1536":["https:\/\/diariotiempo.com.uy\/noticias\/wp-content\/uploads\/2025\/09\/CASA-FLORES.jpg",700,700,false],"2048x2048":["https:\/\/diariotiempo.com.uy\/noticias\/wp-content\/uploads\/2025\/09\/CASA-FLORES.jpg",700,700,false],"covernews-slider-full":["https:\/\/diariotiempo.com.uy\/noticias\/wp-content\/uploads\/2025\/09\/CASA-FLORES.jpg",700,700,false],"covernews-slider-center":["https:\/\/diariotiempo.com.uy\/noticias\/wp-content\/uploads\/2025\/09\/CASA-FLORES-700x500.jpg",700,500,true],"covernews-featured":["https:\/\/diariotiempo.com.uy\/noticias\/wp-content\/uploads\/2025\/09\/CASA-FLORES.jpg",700,700,false],"covernews-medium":["https:\/\/diariotiempo.com.uy\/noticias\/wp-content\/uploads\/2025\/09\/CASA-FLORES-540x340.jpg",540,340,true],"covernews-medium-square":["https:\/\/diariotiempo.com.uy\/noticias\/wp-content\/uploads\/2025\/09\/CASA-FLORES-400x250.jpg",400,250,true]},"author_info":{"display_name":"diario","author_link":"https:\/\/diariotiempo.com.uy\/noticias\/author\/diario\/"},"category_info":"<a href=\"https:\/\/diariotiempo.com.uy\/noticias\/category\/departamental\/san-ramon\/\" rel=\"category tag\">San Ram\u00f3n<\/a>","tag_info":"San Ram\u00f3n","comment_count":"0","_links":{"self":[{"href":"https:\/\/diariotiempo.com.uy\/noticias\/wp-json\/wp\/v2\/posts\/20899","targetHints":{"allow":["GET"]}}],"collection":[{"href":"https:\/\/diariotiempo.com.uy\/noticias\/wp-json\/wp\/v2\/posts"}],"about":[{"href":"https:\/\/diariotiempo.com.uy\/noticias\/wp-json\/wp\/v2\/types\/post"}],"author":[{"embeddable":true,"href":"https:\/\/diariotiempo.com.uy\/noticias\/wp-json\/wp\/v2\/users\/1"}],"replies":[{"embeddable":true,"href":"https:\/\/diariotiempo.com.uy\/noticias\/wp-json\/wp\/v2\/comments?post=20899"}],"version-history":[{"count":1,"href":"https:\/\/diariotiempo.com.uy\/noticias\/wp-json\/wp\/v2\/posts\/20899\/revisions"}],"predecessor-version":[{"id":20903,"href":"https:\/\/diariotiempo.com.uy\/noticias\/wp-json\/wp\/v2\/posts\/20899\/revisions\/20903"}],"wp:featuredmedia":[{"embeddable":true,"href":"https:\/\/diariotiempo.com.uy\/noticias\/wp-json\/wp\/v2\/media\/20901"}],"wp:attachment":[{"href":"https:\/\/diariotiempo.com.uy\/noticias\/wp-json\/wp\/v2\/media?parent=20899"}],"wp:term":[{"taxonomy":"category","embeddable":true,"href":"https:\/\/diariotiempo.com.uy\/noticias\/wp-json\/wp\/v2\/categories?post=20899"},{"taxonomy":"post_tag","embeddable":true,"href":"https:\/\/diariotiempo.com.uy\/noticias\/wp-json\/wp\/v2\/tags?post=20899"}],"curies":[{"name":"wp","href":"https:\/\/api.w.org\/{rel}","templated":true}]}}