{"id":20915,"date":"2025-09-29T15:17:44","date_gmt":"2025-09-29T15:17:44","guid":{"rendered":"https:\/\/diariotiempo.com.uy\/noticias\/?p=20915"},"modified":"2025-09-29T15:19:20","modified_gmt":"2025-09-29T15:19:20","slug":"fiscalia-manifiesta-su-preocupacion-por-la-amenaza-atentado-sufrido-en-la-casa-de-la-fiscal-de-corte-dra-monica-ferrero","status":"publish","type":"post","link":"https:\/\/diariotiempo.com.uy\/noticias\/2025\/09\/29\/fiscalia-manifiesta-su-preocupacion-por-la-amenaza-atentado-sufrido-en-la-casa-de-la-fiscal-de-corte-dra-monica-ferrero\/","title":{"rendered":"Fiscal\u00eda manifiesta su preocupaci\u00f3n por la amenaza\/atentado sufrido en la casa de la fiscal de Corte, Dra. M\u00f3nica Ferrero"},"content":{"rendered":"\n<figure class=\"wp-block-image size-full\"><img loading=\"lazy\" decoding=\"async\" width=\"900\" height=\"508\" src=\"https:\/\/diariotiempo.com.uy\/noticias\/wp-content\/uploads\/2025\/09\/CONFERENCIA.jpg\" alt=\"\" class=\"wp-image-20916\" srcset=\"https:\/\/diariotiempo.com.uy\/noticias\/wp-content\/uploads\/2025\/09\/CONFERENCIA.jpg 900w, https:\/\/diariotiempo.com.uy\/noticias\/wp-content\/uploads\/2025\/09\/CONFERENCIA-300x169.jpg 300w, https:\/\/diariotiempo.com.uy\/noticias\/wp-content\/uploads\/2025\/09\/CONFERENCIA-768x433.jpg 768w\" sizes=\"auto, (max-width: 900px) 100vw, 900px\" \/><\/figure>\n\n\n\n<p>La Fiscal\u00eda General de la Naci\u00f3n expres\u00f3 en un comunicado que \u00abmanifiesta su preocupaci\u00f3n por la amenaza\/atentado sufrido en la madrugada de hoy domingo 28 de setiembre en la casa de la fiscal de Corte, doctora M\u00f3nica Ferrero.<\/p>\n\n\n\n<p>Se informa a la poblaci\u00f3n que afortunadamente tanto la doctora Ferrero como su familia se encuentran bien de salud, m\u00e1s all\u00e1 del impacto emocional que esta situaci\u00f3n genera.<\/p>\n\n\n\n<p>Se realiza un llamado a todos los estamentos del Estado para robustecer a la Fiscal\u00eda y la seguridad de los equipos fiscales, encargados de la persecuci\u00f3n penal de los delitos, especialmente aquellos de crimen organizado que tanto da\u00f1o causan a la sociedad.<\/p>\n\n\n\n<p>Las instituciones s\u00f3lidas son el mejor muro de contenci\u00f3n para que este tipo de criminalidad no avance en Uruguay.\u00bb<\/p>\n\n\n\n<p><strong>MINISTRO DEL INTERIOR<\/strong><\/p>\n\n\n\n<p>El ministro del Interior, Carlos Negro, dio una conferencia de prensa en la tarde de este domingo por el atentado que sufri\u00f3 la fiscal de Corte, M\u00f3nica Ferrero, cerca de las 5:00 horas de la ma\u00f1ana.<\/p>\n\n\n\n<p>En primer lugar, Negro respald\u00f3 a la fiscal frente al \u201ccobarde atentado\u201d. \u201cEste tipo de acciones \u2014 que la Doctora Ferrero ya conoce como fiscal de Estupefacientes y sabe cu\u00e1les son las estrategias de grupos criminales para tratar de impedir que el Estado cumpla con su funci\u00f3n\u2014 no van a poder mover ni un cent\u00edmetro ni el actuar de la Fiscal\u00eda, ni de la Justicia, o la Polic\u00eda Nacional\u201d, expres\u00f3 en conferencia de prensa.<\/p>\n\n\n\n<p>El jerarca ratific\u00f3 que los victimarios no solo \u201cvan a caer\u201d, sino que \u201cya est\u00e1n cayendo\u201d, luego de que Polic\u00eda detuviera a un hombre y una mujer en calidad de sospechosos m\u00e1s temprano.<\/p>\n\n\n\n<p>Asimismo, el ministro afirm\u00f3 que el atentado \u201creconoce patrones comunes con otros que han ocurrido en el pasado en este pa\u00eds\u201d. \u201cNos referimos a las armas utilizadas y a los objetivos. Hoy fue una fiscal de estupefacientes como M\u00f3nica Ferrero, antes lo fue la Direcci\u00f3n General de Represi\u00f3n de Tr\u00e1fico Il\u00edcito de Drogas y despu\u00e9s el atentado contra Luis Eduardo Mendoza, ex director del Instituto Nacional de Rehabilitaci\u00f3n\u201d, detall\u00f3. &nbsp;<\/p>\n\n\n\n<p>\u201cNo nos podemos olvidar que el narcotr\u00e1fico reacciona frente al trabajo y los resultados de las investigaciones de la Polic\u00eda Nacional. Tampoco debemos olvidar que hace menos de dos meses en este pa\u00eds se incautaron 2.200 kilos de coca\u00edna, equivalentes a casi US$ 15 millones en Uruguay y US$ 70 millones en los destinos a los que iba\u201d, record\u00f3 Negro.<\/p>\n\n\n\n<p>Por \u00faltimo, el jerarca anunci\u00f3 que la fiscal que llevar\u00e1 a cabo la investigaci\u00f3n es Angelita Romano.<\/p>\n\n\n\n<p>Orsi: \u201cEl pa\u00eds entero jam\u00e1s bajar\u00e1 los brazos ante el crimen organizado y el narcotr\u00e1fico\u201d<\/p>\n\n\n\n<p>El presidente de la Rep\u00fablica, Yamand\u00fa Orsi, expres\u00f3 su apoyo a la fiscal de Corte, M\u00f3nica Ferrero, y agradeci\u00f3 el trabajo de la Polic\u00eda y la Fiscal\u00eda. \u201cSigamos teniendo confianza en nuestra institucionalidad\u201d, expres\u00f3.<\/p>\n\n\n\n<p>Presidente Yamand\u00fa Orsi habla sentado, con los codos sobre la mesa. Tras el atentado contra la fiscal de Corte, M\u00f3nica Ferrero, ocurrido en la madrugada del domingo 28 de setiembre, el presidente de la Rep\u00fablica expres\u00f3, en su cuenta de X, su apoyo y solidaridad con la funcionaria. &nbsp;Asimismo, agradeci\u00f3 el trabajo serio y paciente de la Polic\u00eda y la Fiscal\u00eda. El mandatario adelant\u00f3 que hay indagados y pistas firmes sobre los posibles responsables. La investigaci\u00f3n r\u00e1pida y eficiente es la \u00fanica opci\u00f3n v\u00e1lida y garantista frente a estos hechos, se\u00f1al\u00f3. &nbsp;\u201cSigamos teniendo confianza en nuestra institucionalidad, porque el pa\u00eds entero jam\u00e1s bajar\u00e1 los brazos ante el crimen organizado y el narcotr\u00e1fico\u201d, agreg\u00f3.<\/p>\n\n\n\n<p>El mandatario cit\u00f3 al ministro del Interior, Carlos Negro; la titular de Defensa Nacional, Sandra Lazo, y la fiscal de Corte, M\u00f3nica Ferrero. La reuni\u00f3n se realizar\u00e1 hoy en la Torre Ejecutiva.<\/p>\n","protected":false},"excerpt":{"rendered":"<p>La Fiscal\u00eda General de la Naci\u00f3n expres\u00f3 en un comunicado que \u00abmanifiesta su preocupaci\u00f3n por&#8230;<\/p>\n","protected":false},"author":1,"featured_media":20916,"comment_status":"closed","ping_status":"closed","sticky":false,"template":"","format":"standard","meta":{"_monsterinsights_skip_tracking":false,"_monsterinsights_sitenote_active":false,"_monsterinsights_sitenote_note":"","_monsterinsights_sitenote_category":0,"footnotes":""},"categories":[79,11],"tags":[],"class_list":["post-20915","post","type-post","status-publish","format-standard","has-post-thumbnail","hentry","category-nacionales","category-noticia-destacada"],"featured_image_urls":{"full":["https:\/\/diariotiempo.com.uy\/noticias\/wp-content\/uploads\/2025\/09\/CONFERENCIA.jpg",900,508,false],"thumbnail":["https:\/\/diariotiempo.com.uy\/noticias\/wp-content\/uploads\/2025\/09\/CONFERENCIA-150x150.jpg",150,150,true],"medium":["https:\/\/diariotiempo.com.uy\/noticias\/wp-content\/uploads\/2025\/09\/CONFERENCIA-300x169.jpg",300,169,true],"medium_large":["https:\/\/diariotiempo.com.uy\/noticias\/wp-content\/uploads\/2025\/09\/CONFERENCIA-768x433.jpg",640,361,true],"large":["https:\/\/diariotiempo.com.uy\/noticias\/wp-content\/uploads\/2025\/09\/CONFERENCIA.jpg",640,361,false],"rpg_gallery_admin_thumb":["https:\/\/diariotiempo.com.uy\/noticias\/wp-content\/uploads\/2025\/09\/CONFERENCIA-150x150.jpg",150,150,true],"rpg_gallery_thumb":["https:\/\/diariotiempo.com.uy\/noticias\/wp-content\/uploads\/2025\/09\/CONFERENCIA-150x150.jpg",150,150,true],"1536x1536":["https:\/\/diariotiempo.com.uy\/noticias\/wp-content\/uploads\/2025\/09\/CONFERENCIA.jpg",900,508,false],"2048x2048":["https:\/\/diariotiempo.com.uy\/noticias\/wp-content\/uploads\/2025\/09\/CONFERENCIA.jpg",900,508,false],"covernews-slider-full":["https:\/\/diariotiempo.com.uy\/noticias\/wp-content\/uploads\/2025\/09\/CONFERENCIA.jpg",900,508,false],"covernews-slider-center":["https:\/\/diariotiempo.com.uy\/noticias\/wp-content\/uploads\/2025\/09\/CONFERENCIA-800x500.jpg",800,500,true],"covernews-featured":["https:\/\/diariotiempo.com.uy\/noticias\/wp-content\/uploads\/2025\/09\/CONFERENCIA.jpg",900,508,false],"covernews-medium":["https:\/\/diariotiempo.com.uy\/noticias\/wp-content\/uploads\/2025\/09\/CONFERENCIA-540x340.jpg",540,340,true],"covernews-medium-square":["https:\/\/diariotiempo.com.uy\/noticias\/wp-content\/uploads\/2025\/09\/CONFERENCIA-400x250.jpg",400,250,true]},"author_info":{"display_name":"diario","author_link":"https:\/\/diariotiempo.com.uy\/noticias\/author\/diario\/"},"category_info":"<a href=\"https:\/\/diariotiempo.com.uy\/noticias\/category\/nacionales\/\" rel=\"category tag\">NACIONALES<\/a> <a href=\"https:\/\/diariotiempo.com.uy\/noticias\/category\/noticia-destacada\/\" rel=\"category tag\">NOTICIA DESTACADA<\/a>","tag_info":"NOTICIA DESTACADA","comment_count":"0","_links":{"self":[{"href":"https:\/\/diariotiempo.com.uy\/noticias\/wp-json\/wp\/v2\/posts\/20915","targetHints":{"allow":["GET"]}}],"collection":[{"href":"https:\/\/diariotiempo.com.uy\/noticias\/wp-json\/wp\/v2\/posts"}],"about":[{"href":"https:\/\/diariotiempo.com.uy\/noticias\/wp-json\/wp\/v2\/types\/post"}],"author":[{"embeddable":true,"href":"https:\/\/diariotiempo.com.uy\/noticias\/wp-json\/wp\/v2\/users\/1"}],"replies":[{"embeddable":true,"href":"https:\/\/diariotiempo.com.uy\/noticias\/wp-json\/wp\/v2\/comments?post=20915"}],"version-history":[{"count":1,"href":"https:\/\/diariotiempo.com.uy\/noticias\/wp-json\/wp\/v2\/posts\/20915\/revisions"}],"predecessor-version":[{"id":20917,"href":"https:\/\/diariotiempo.com.uy\/noticias\/wp-json\/wp\/v2\/posts\/20915\/revisions\/20917"}],"wp:featuredmedia":[{"embeddable":true,"href":"https:\/\/diariotiempo.com.uy\/noticias\/wp-json\/wp\/v2\/media\/20916"}],"wp:attachment":[{"href":"https:\/\/diariotiempo.com.uy\/noticias\/wp-json\/wp\/v2\/media?parent=20915"}],"wp:term":[{"taxonomy":"category","embeddable":true,"href":"https:\/\/diariotiempo.com.uy\/noticias\/wp-json\/wp\/v2\/categories?post=20915"},{"taxonomy":"post_tag","embeddable":true,"href":"https:\/\/diariotiempo.com.uy\/noticias\/wp-json\/wp\/v2\/tags?post=20915"}],"curies":[{"name":"wp","href":"https:\/\/api.w.org\/{rel}","templated":true}]}}