{"id":20925,"date":"2025-09-29T15:23:10","date_gmt":"2025-09-29T15:23:10","guid":{"rendered":"https:\/\/diariotiempo.com.uy\/noticias\/?p=20925"},"modified":"2025-09-29T15:23:12","modified_gmt":"2025-09-29T15:23:12","slug":"felipe-kluver-volivo-a-hacer-historia-para-uruguay","status":"publish","type":"post","link":"https:\/\/diariotiempo.com.uy\/noticias\/2025\/09\/29\/felipe-kluver-volivo-a-hacer-historia-para-uruguay\/","title":{"rendered":"Felipe Kl\u00fcver voliv\u00f3 a hacer\u00a0historia para Uruguay"},"content":{"rendered":"\n<figure class=\"wp-block-image aligncenter size-full\"><img loading=\"lazy\" decoding=\"async\" width=\"798\" height=\"798\" src=\"https:\/\/diariotiempo.com.uy\/noticias\/wp-content\/uploads\/2025\/09\/remo.jpg\" alt=\"\" class=\"wp-image-20926\" srcset=\"https:\/\/diariotiempo.com.uy\/noticias\/wp-content\/uploads\/2025\/09\/remo.jpg 798w, https:\/\/diariotiempo.com.uy\/noticias\/wp-content\/uploads\/2025\/09\/remo-300x300.jpg 300w, https:\/\/diariotiempo.com.uy\/noticias\/wp-content\/uploads\/2025\/09\/remo-150x150.jpg 150w, https:\/\/diariotiempo.com.uy\/noticias\/wp-content\/uploads\/2025\/09\/remo-768x768.jpg 768w\" sizes=\"auto, (max-width: 798px) 100vw, 798px\" \/><\/figure>\n\n\n\n<p><strong>Primer medalla de oro senior para Uruguay en un Mundial de Remo<\/strong><\/p>\n\n\n\n<p>El mercedario Felipe Kl\u00fcver se consagr\u00f3 campe\u00f3n mundial en la categor\u00eda single ligero en Shangh\u00e1i y se qued\u00f3 con la primera medalla de oro senior para Uruguay en un Mundial de Remo.<\/p>\n\n\n\n<p>Con un remate demoledor en los \u00faltimos 500 metros, Kl\u00fcver cruz\u00f3 la meta en 6:54.10, superando al austr\u00edaco Julian Schoeberl (6:57.85) y al irland\u00e9s Jake McCarthy (6:59.07), que fueron plata y bronce respectivamente.<\/p>\n\n\n\n<p>Kl\u00fcver y su camino hist\u00f3rico en el remo:<\/p>\n\n\n\n<p>Primer uruguayo en ganar un Mundial Sub-23 (2023).<\/p>\n\n\n\n<p>Primer uruguayo en conquistar una Copa del Mundo de Remo (2024).<\/p>\n\n\n\n<p>Ahora, primer campe\u00f3n mundial senior de la historia para Uruguay.<\/p>\n\n\n\n<p>\u201cEstoy muy feliz. Trabaj\u00e9 muy duro para esto. Gracias a todo mi equipo y a todo el Uruguay que me ayud\u00f3 y alent\u00f3 siempre. Esto es incre\u00edble\u201d, expres\u00f3 el flamante campe\u00f3n.<\/p>\n\n\n\n<p>Una vez m\u00e1s, Felipe logra una victoria que marca un cap\u00edtulo dorado en la historia del remo nacional. Felicitaciones para \u00e9l y para todo el equipo. Fotos. COU<\/p>\n","protected":false},"excerpt":{"rendered":"<p>Primer medalla de oro senior para Uruguay en un Mundial de Remo El mercedario Felipe&#8230;<\/p>\n","protected":false},"author":1,"featured_media":20926,"comment_status":"closed","ping_status":"closed","sticky":false,"template":"","format":"standard","meta":{"_monsterinsights_skip_tracking":false,"_monsterinsights_sitenote_active":false,"_monsterinsights_sitenote_note":"","_monsterinsights_sitenote_category":0,"footnotes":""},"categories":[8],"tags":[],"class_list":["post-20925","post","type-post","status-publish","format-standard","has-post-thumbnail","hentry","category-deporte"],"featured_image_urls":{"full":["https:\/\/diariotiempo.com.uy\/noticias\/wp-content\/uploads\/2025\/09\/remo.jpg",798,798,false],"thumbnail":["https:\/\/diariotiempo.com.uy\/noticias\/wp-content\/uploads\/2025\/09\/remo-150x150.jpg",150,150,true],"medium":["https:\/\/diariotiempo.com.uy\/noticias\/wp-content\/uploads\/2025\/09\/remo-300x300.jpg",300,300,true],"medium_large":["https:\/\/diariotiempo.com.uy\/noticias\/wp-content\/uploads\/2025\/09\/remo-768x768.jpg",640,640,true],"large":["https:\/\/diariotiempo.com.uy\/noticias\/wp-content\/uploads\/2025\/09\/remo.jpg",640,640,false],"rpg_gallery_admin_thumb":["https:\/\/diariotiempo.com.uy\/noticias\/wp-content\/uploads\/2025\/09\/remo-150x150.jpg",150,150,true],"rpg_gallery_thumb":["https:\/\/diariotiempo.com.uy\/noticias\/wp-content\/uploads\/2025\/09\/remo-150x150.jpg",150,150,true],"1536x1536":["https:\/\/diariotiempo.com.uy\/noticias\/wp-content\/uploads\/2025\/09\/remo.jpg",798,798,false],"2048x2048":["https:\/\/diariotiempo.com.uy\/noticias\/wp-content\/uploads\/2025\/09\/remo.jpg",798,798,false],"covernews-slider-full":["https:\/\/diariotiempo.com.uy\/noticias\/wp-content\/uploads\/2025\/09\/remo-798x715.jpg",798,715,true],"covernews-slider-center":["https:\/\/diariotiempo.com.uy\/noticias\/wp-content\/uploads\/2025\/09\/remo-798x500.jpg",798,500,true],"covernews-featured":["https:\/\/diariotiempo.com.uy\/noticias\/wp-content\/uploads\/2025\/09\/remo.jpg",798,798,false],"covernews-medium":["https:\/\/diariotiempo.com.uy\/noticias\/wp-content\/uploads\/2025\/09\/remo-540x340.jpg",540,340,true],"covernews-medium-square":["https:\/\/diariotiempo.com.uy\/noticias\/wp-content\/uploads\/2025\/09\/remo-400x250.jpg",400,250,true]},"author_info":{"display_name":"diario","author_link":"https:\/\/diariotiempo.com.uy\/noticias\/author\/diario\/"},"category_info":"<a href=\"https:\/\/diariotiempo.com.uy\/noticias\/category\/deporte\/\" rel=\"category tag\">DEPORTE<\/a>","tag_info":"DEPORTE","comment_count":"0","_links":{"self":[{"href":"https:\/\/diariotiempo.com.uy\/noticias\/wp-json\/wp\/v2\/posts\/20925","targetHints":{"allow":["GET"]}}],"collection":[{"href":"https:\/\/diariotiempo.com.uy\/noticias\/wp-json\/wp\/v2\/posts"}],"about":[{"href":"https:\/\/diariotiempo.com.uy\/noticias\/wp-json\/wp\/v2\/types\/post"}],"author":[{"embeddable":true,"href":"https:\/\/diariotiempo.com.uy\/noticias\/wp-json\/wp\/v2\/users\/1"}],"replies":[{"embeddable":true,"href":"https:\/\/diariotiempo.com.uy\/noticias\/wp-json\/wp\/v2\/comments?post=20925"}],"version-history":[{"count":1,"href":"https:\/\/diariotiempo.com.uy\/noticias\/wp-json\/wp\/v2\/posts\/20925\/revisions"}],"predecessor-version":[{"id":20927,"href":"https:\/\/diariotiempo.com.uy\/noticias\/wp-json\/wp\/v2\/posts\/20925\/revisions\/20927"}],"wp:featuredmedia":[{"embeddable":true,"href":"https:\/\/diariotiempo.com.uy\/noticias\/wp-json\/wp\/v2\/media\/20926"}],"wp:attachment":[{"href":"https:\/\/diariotiempo.com.uy\/noticias\/wp-json\/wp\/v2\/media?parent=20925"}],"wp:term":[{"taxonomy":"category","embeddable":true,"href":"https:\/\/diariotiempo.com.uy\/noticias\/wp-json\/wp\/v2\/categories?post=20925"},{"taxonomy":"post_tag","embeddable":true,"href":"https:\/\/diariotiempo.com.uy\/noticias\/wp-json\/wp\/v2\/tags?post=20925"}],"curies":[{"name":"wp","href":"https:\/\/api.w.org\/{rel}","templated":true}]}}