{"id":21050,"date":"2025-10-10T14:52:41","date_gmt":"2025-10-10T14:52:41","guid":{"rendered":"https:\/\/diariotiempo.com.uy\/noticias\/?p=21050"},"modified":"2025-10-10T14:53:08","modified_gmt":"2025-10-10T14:53:08","slug":"molino-santa-rosa-celebro-sus-100-anos-como-un-mojon-en-el-desarrollo-productivo-canario","status":"publish","type":"post","link":"https:\/\/diariotiempo.com.uy\/noticias\/2025\/10\/10\/molino-santa-rosa-celebro-sus-100-anos-como-un-mojon-en-el-desarrollo-productivo-canario\/","title":{"rendered":"Molino Santa Rosa celebr\u00f3 sus 100 a\u00f1os como un moj\u00f3n en el desarrollo productivo canario"},"content":{"rendered":"\n<figure class=\"wp-block-image size-full\"><img loading=\"lazy\" decoding=\"async\" width=\"900\" height=\"600\" src=\"https:\/\/diariotiempo.com.uy\/noticias\/wp-content\/uploads\/2025\/10\/SANTA-ROSA.jpg\" alt=\"\" class=\"wp-image-21051\"\/><\/figure>\n\n\n\n<p>El Molino Santa Rosa celebr\u00f3 su centenario con un festejo del que participaron autoridades departamentales y nacionales, el lanzamiento de un libro y una nueva edici\u00f3n de la Fiesta del Pan y el Vino. Enclavado en las m\u00e1rgenes de la localidad, el Molino Santa Rosa se distingue desde lejos por su alta estructura de ladrillos y sus enormes silos y en la memoria colectiva como un ejemplo de cooperaci\u00f3n y resiliencia por parte de los trabajadores. El intendente de Canelones, Francisco Legnani, lo defini\u00f3 como \u201cun patrimonio que el departamento exhibe con orgullo\u201d. Los or\u00edgenes del molino van de la mano con la historia productiva de Canelones. Surgido en la \u00e9poca en la que el departamento era conocido como el \u201cgranero del pa\u00eds\u201d, el entonces llamado Establecimiento Santa Rosa se convirti\u00f3 en un punto neur\u00e1lgico de producci\u00f3n, empleo y desarrollo de la zona. Su historia no ha sido ajena a los vaivenes socioecon\u00f3micos del pa\u00eds y, sin dudas, la creaci\u00f3n de la Cooperativa de Trabajadores del Molino Santa Rosa, en 1999, es un hito que lo ha situado como ejemplo a nivel nacional y regional. <\/p>\n\n\n\n<p>De sus 100 a\u00f1os de historia, el \u00faltimo cuarto de siglo ha estado signado por la autogesti\u00f3n que los trabajadores han venido desarrollando en todos los aspectos que hacen al molino. Legnani destac\u00f3 que \u201cla autogesti\u00f3n implica asumir desaf\u00edos y responsabilidades que, siendo un trabajador en relaci\u00f3n de dependencia, no se ten\u00edan\u201d. Valor\u00f3 el esfuerzo y el legado de quienes decidieron emprender la cooperativa \u201cpara que hoy podamos estar festejando 100 a\u00f1os del molino\u201d.El secretario de la Presidencia, Alejandro S\u00e1nchez, tambi\u00e9n particip\u00f3 del aniversario, haciendo hincapi\u00e9 en los lazos que el molino tiene con la comunidad de Santa Rosa: \u201cac\u00e1 hubo un colectivo de trabajadores y un pueblo que estuvieron acompa\u00f1ando el proceso, lo que habla de la posibilidad real y concreta de que cuando se le pone coraz\u00f3n, pienso, colectivo, cooperativismo y solidaridad se pueden sacar las cosas adelante\u201d. \u00a0<\/p>\n\n\n\n<p>El centenario del molino coincide con el que fuera declarado el A\u00f1o Internacional de las Cooperativas por la Organizaci\u00f3n de Naciones Unidas (ONU). La presidenta del Instituto Nacional de Cooperativismo (INACOOP), Graciela Fern\u00e1ndez, presente en la actividad, adelant\u00f3 que la Cooperativa de Trabajadores del Molino Santa Rosa ser\u00e1 una de las representantes de Uruguay en las celebraciones de ONU a nivel regional. El aniversario fue acompa\u00f1ado por el lanzamiento del libro Ra\u00edces comunes, sue\u00f1os compartidos, que busca recopilar la historia del molino pero sobre todo la experiencia de autogesti\u00f3n de sus trabajadores. Sumido en una profunda emoci\u00f3n, el actual presidente de la cooperativa, Juan Carlos Vidal, explic\u00f3 que buscaron generar \u201cuna memoria colectiva de lo que hemos vivido en estos 26 a\u00f1os\u201d, y defini\u00f3 al molino como \u201cuna familia muy grande\u201d. \u00a0La jornada estuvo acompa\u00f1ada por una nueva edici\u00f3n de la Fiesta del Pan y el Vino, en la explanada del molino, donde vecinos y vecinas acompa\u00f1aron a artistas locales y nacionales que llenaron de m\u00fasica la nochecita. \u00a0Foto IMC<\/p>\n\n\n\n<p><\/p>\n","protected":false},"excerpt":{"rendered":"<p>El Molino Santa Rosa celebr\u00f3 su centenario con un festejo del que participaron autoridades departamentales&#8230;<\/p>\n","protected":false},"author":1,"featured_media":21051,"comment_status":"closed","ping_status":"closed","sticky":false,"template":"","format":"standard","meta":{"_monsterinsights_skip_tracking":false,"_monsterinsights_sitenote_active":false,"_monsterinsights_sitenote_note":"","_monsterinsights_sitenote_category":0,"footnotes":""},"categories":[112],"tags":[],"class_list":["post-21050","post","type-post","status-publish","format-standard","has-post-thumbnail","hentry","category-santa-rosa"],"featured_image_urls":{"full":["https:\/\/diariotiempo.com.uy\/noticias\/wp-content\/uploads\/2025\/10\/SANTA-ROSA.jpg",900,600,false],"thumbnail":["https:\/\/diariotiempo.com.uy\/noticias\/wp-content\/uploads\/2025\/10\/SANTA-ROSA.jpg",150,100,false],"medium":["https:\/\/diariotiempo.com.uy\/noticias\/wp-content\/uploads\/2025\/10\/SANTA-ROSA.jpg",300,200,false],"medium_large":["https:\/\/diariotiempo.com.uy\/noticias\/wp-content\/uploads\/2025\/10\/SANTA-ROSA.jpg",640,427,false],"large":["https:\/\/diariotiempo.com.uy\/noticias\/wp-content\/uploads\/2025\/10\/SANTA-ROSA.jpg",640,427,false],"rpg_gallery_admin_thumb":["https:\/\/diariotiempo.com.uy\/noticias\/wp-content\/uploads\/2025\/10\/SANTA-ROSA.jpg",150,100,false],"rpg_gallery_thumb":["https:\/\/diariotiempo.com.uy\/noticias\/wp-content\/uploads\/2025\/10\/SANTA-ROSA.jpg",150,100,false],"1536x1536":["https:\/\/diariotiempo.com.uy\/noticias\/wp-content\/uploads\/2025\/10\/SANTA-ROSA.jpg",900,600,false],"2048x2048":["https:\/\/diariotiempo.com.uy\/noticias\/wp-content\/uploads\/2025\/10\/SANTA-ROSA.jpg",900,600,false],"covernews-slider-full":["https:\/\/diariotiempo.com.uy\/noticias\/wp-content\/uploads\/2025\/10\/SANTA-ROSA.jpg",900,600,false],"covernews-slider-center":["https:\/\/diariotiempo.com.uy\/noticias\/wp-content\/uploads\/2025\/10\/SANTA-ROSA.jpg",750,500,false],"covernews-featured":["https:\/\/diariotiempo.com.uy\/noticias\/wp-content\/uploads\/2025\/10\/SANTA-ROSA.jpg",900,600,false],"covernews-medium":["https:\/\/diariotiempo.com.uy\/noticias\/wp-content\/uploads\/2025\/10\/SANTA-ROSA.jpg",510,340,false],"covernews-medium-square":["https:\/\/diariotiempo.com.uy\/noticias\/wp-content\/uploads\/2025\/10\/SANTA-ROSA.jpg",375,250,false]},"author_info":{"display_name":"diario","author_link":"https:\/\/diariotiempo.com.uy\/noticias\/author\/diario\/"},"category_info":"<a href=\"https:\/\/diariotiempo.com.uy\/noticias\/category\/departamental\/santa-rosa\/\" rel=\"category tag\">Santa Rosa<\/a>","tag_info":"Santa Rosa","comment_count":"0","_links":{"self":[{"href":"https:\/\/diariotiempo.com.uy\/noticias\/wp-json\/wp\/v2\/posts\/21050","targetHints":{"allow":["GET"]}}],"collection":[{"href":"https:\/\/diariotiempo.com.uy\/noticias\/wp-json\/wp\/v2\/posts"}],"about":[{"href":"https:\/\/diariotiempo.com.uy\/noticias\/wp-json\/wp\/v2\/types\/post"}],"author":[{"embeddable":true,"href":"https:\/\/diariotiempo.com.uy\/noticias\/wp-json\/wp\/v2\/users\/1"}],"replies":[{"embeddable":true,"href":"https:\/\/diariotiempo.com.uy\/noticias\/wp-json\/wp\/v2\/comments?post=21050"}],"version-history":[{"count":1,"href":"https:\/\/diariotiempo.com.uy\/noticias\/wp-json\/wp\/v2\/posts\/21050\/revisions"}],"predecessor-version":[{"id":21053,"href":"https:\/\/diariotiempo.com.uy\/noticias\/wp-json\/wp\/v2\/posts\/21050\/revisions\/21053"}],"wp:featuredmedia":[{"embeddable":true,"href":"https:\/\/diariotiempo.com.uy\/noticias\/wp-json\/wp\/v2\/media\/21051"}],"wp:attachment":[{"href":"https:\/\/diariotiempo.com.uy\/noticias\/wp-json\/wp\/v2\/media?parent=21050"}],"wp:term":[{"taxonomy":"category","embeddable":true,"href":"https:\/\/diariotiempo.com.uy\/noticias\/wp-json\/wp\/v2\/categories?post=21050"},{"taxonomy":"post_tag","embeddable":true,"href":"https:\/\/diariotiempo.com.uy\/noticias\/wp-json\/wp\/v2\/tags?post=21050"}],"curies":[{"name":"wp","href":"https:\/\/api.w.org\/{rel}","templated":true}]}}