{"id":21054,"date":"2025-10-10T14:55:39","date_gmt":"2025-10-10T14:55:39","guid":{"rendered":"https:\/\/diariotiempo.com.uy\/noticias\/?p=21054"},"modified":"2025-10-10T14:57:11","modified_gmt":"2025-10-10T14:57:11","slug":"se-inauguro-centro-de-cercania-del-municipio-del-andaluz","status":"publish","type":"post","link":"https:\/\/diariotiempo.com.uy\/noticias\/2025\/10\/10\/se-inauguro-centro-de-cercania-del-municipio-del-andaluz\/","title":{"rendered":"Se inaugur\u00f3 Centro de Cercan\u00eda del Municipio del Andaluz\u00a0"},"content":{"rendered":"\n<figure class=\"wp-block-gallery has-nested-images columns-default is-cropped wp-block-gallery-1 is-layout-flex wp-block-gallery-is-layout-flex\">\n<figure class=\"wp-block-image size-large\"><img loading=\"lazy\" decoding=\"async\" width=\"700\" height=\"467\" data-id=\"21055\" src=\"https:\/\/diariotiempo.com.uy\/noticias\/wp-content\/uploads\/2025\/10\/andaluz-gente.jpg\" alt=\"\" class=\"wp-image-21055\" srcset=\"https:\/\/diariotiempo.com.uy\/noticias\/wp-content\/uploads\/2025\/10\/andaluz-gente.jpg 700w, https:\/\/diariotiempo.com.uy\/noticias\/wp-content\/uploads\/2025\/10\/andaluz-gente-300x200.jpg 300w\" sizes=\"auto, (max-width: 700px) 100vw, 700px\" \/><\/figure>\n\n\n\n<figure class=\"wp-block-image size-large\"><img loading=\"lazy\" decoding=\"async\" width=\"700\" height=\"467\" data-id=\"21056\" src=\"https:\/\/diariotiempo.com.uy\/noticias\/wp-content\/uploads\/2025\/10\/andaluz-firma.jpg\" alt=\"\" class=\"wp-image-21056\" srcset=\"https:\/\/diariotiempo.com.uy\/noticias\/wp-content\/uploads\/2025\/10\/andaluz-firma.jpg 700w, https:\/\/diariotiempo.com.uy\/noticias\/wp-content\/uploads\/2025\/10\/andaluz-firma-300x200.jpg 300w\" sizes=\"auto, (max-width: 700px) 100vw, 700px\" \/><\/figure>\n<\/figure>\n\n\n\n<p>El nuevo Centro de Cercan\u00eda del Municipio del Andaluz inaugurado este martes permitir\u00e1 a los vecinos y vecinas acceder a m\u00e1s de 100 tr\u00e1mites y servicios del Estado sin necesidad de desplazarse fuera de la localidad.<\/p>\n\n\n\n<p>El intendente de Canelones, Francisco Legnani, destac\u00f3 la relevancia de este tipo de iniciativas para localidades en proceso de consolidaci\u00f3n. \u201cNosotros ten\u00edamos 30 municipios hasta este per\u00edodo y ahora contamos con Andaluz y Juanic\u00f3. Como municipio que reci\u00e9n nace tiene ciertas carencias que debemos atender. Tenemos que ponerle un poquitito m\u00e1s de energ\u00eda y atenci\u00f3n que a los municipios ya establecidos\u201d, expres\u00f3.<\/p>\n\n\n\n<p>El nuevo Centro de Cercan\u00eda permitir\u00e1 acceder a servicios esenciales como UTE, OSE, el Correo Uruguayo y, pr\u00f3ximamente, una policl\u00ednica de salud que comenzar\u00e1 a operar en marzo. \u201cEste centro es calidad de vida. Arrima servicios a la ciudadan\u00eda y lo consideramos muy pero muy importante. Vamos a seguir sumando servicios en Andaluz y desde el gobierno departamental le vamos a prestar una especial atenci\u00f3n tanto a Andaluz como a Juanic\u00f3\u201d, afirm\u00f3 el Intendente. Por su parte, el presidente del Directorio del Correo Uruguayo, Gabriel Bonfrisco, enfatiz\u00f3 el compromiso de la instituci\u00f3n con el desarrollo local: \u201choy estamos celebrando un hito. Este centro forma parte de una estrategia de integraci\u00f3n del Estado en el territorio. Para nosotros es fundamental apoyar y brindar servicios a la ciudadan\u00eda en este nuevo municipio, dentro de una l\u00f3gica de desarrollo local y cooperaci\u00f3n institucional\u201d. <\/p>\n\n\n\n<p>Bonfrisco tambi\u00e9n valor\u00f3 el trabajo conjunto con el gobierno departamental y puntualiz\u00f3 que \u201cya venimos trabajando con Canelones en otros centros de cercan\u00eda. Este espacio, totalmente renovado, es un ejemplo de lo que se puede lograr cuando las instituciones se alinean por el bien com\u00fan\u201d.La alcaldesa Bentos celebr\u00f3 el impacto directo que este centro tendr\u00e1 para los vecinos y vecinas. \u201cVamos a tener m\u00e1s de 100 servicios en Andaluz, entre ellos UTE, OSE y recientemente incorporado el Correo Uruguayo. Esto nos acerca a los servicios de otra manera. Antes, muchos vecinos deb\u00edan trasladarse a Toledo, sin contar con transporte p\u00fablico. Este centro les va a ahorrar dinero, tiempo y mejorar su calidad de vida. Estamos trabajando para que se integren m\u00e1s servicios y tambi\u00e9n para llegar a otros barrios del municipio. Queremos seguir descentralizando\u201d, consider\u00f3.La actividad cont\u00f3 con la participaci\u00f3n de autoridades nacionales y departamentales. Adem\u00e1s del intendente Legnani, el presidente del Correo y la Alcaldesa, estuvieron presentes el secretario general del Correo Uruguay.Mart\u00edn Echeveste, el director general de Descentralizaci\u00f3n y Participaci\u00f3n, Ruben Moreno, y el pro secretario general de la Intendencia, Diego N\u00fa\u00f1ez, concejales, vecinas y vecinos de la zona.Con esta inauguraci\u00f3n, el departamento suma su centro de cercan\u00eda n\u00famero 11, consolidando una pol\u00edtica p\u00fablica que busca acercar el Estado a las personas, fortalecer la descentralizaci\u00f3n y promover el desarrollo local con equidad.<\/p>\n","protected":false},"excerpt":{"rendered":"<p>El nuevo Centro de Cercan\u00eda del Municipio del Andaluz inaugurado este martes permitir\u00e1 a los&#8230;<\/p>\n","protected":false},"author":1,"featured_media":21056,"comment_status":"closed","ping_status":"closed","sticky":false,"template":"","format":"standard","meta":{"_monsterinsights_skip_tracking":false,"_monsterinsights_sitenote_active":false,"_monsterinsights_sitenote_note":"","_monsterinsights_sitenote_category":0,"footnotes":""},"categories":[194],"tags":[],"class_list":["post-21054","post","type-post","status-publish","format-standard","has-post-thumbnail","hentry","category-andaluz"],"featured_image_urls":{"full":["https:\/\/diariotiempo.com.uy\/noticias\/wp-content\/uploads\/2025\/10\/andaluz-firma.jpg",700,467,false],"thumbnail":["https:\/\/diariotiempo.com.uy\/noticias\/wp-content\/uploads\/2025\/10\/andaluz-firma-150x150.jpg",150,150,true],"medium":["https:\/\/diariotiempo.com.uy\/noticias\/wp-content\/uploads\/2025\/10\/andaluz-firma-300x200.jpg",300,200,true],"medium_large":["https:\/\/diariotiempo.com.uy\/noticias\/wp-content\/uploads\/2025\/10\/andaluz-firma.jpg",640,427,false],"large":["https:\/\/diariotiempo.com.uy\/noticias\/wp-content\/uploads\/2025\/10\/andaluz-firma.jpg",640,427,false],"rpg_gallery_admin_thumb":["https:\/\/diariotiempo.com.uy\/noticias\/wp-content\/uploads\/2025\/10\/andaluz-firma-150x150.jpg",150,150,true],"rpg_gallery_thumb":["https:\/\/diariotiempo.com.uy\/noticias\/wp-content\/uploads\/2025\/10\/andaluz-firma-150x150.jpg",150,150,true],"1536x1536":["https:\/\/diariotiempo.com.uy\/noticias\/wp-content\/uploads\/2025\/10\/andaluz-firma.jpg",700,467,false],"2048x2048":["https:\/\/diariotiempo.com.uy\/noticias\/wp-content\/uploads\/2025\/10\/andaluz-firma.jpg",700,467,false],"covernews-slider-full":["https:\/\/diariotiempo.com.uy\/noticias\/wp-content\/uploads\/2025\/10\/andaluz-firma.jpg",700,467,false],"covernews-slider-center":["https:\/\/diariotiempo.com.uy\/noticias\/wp-content\/uploads\/2025\/10\/andaluz-firma.jpg",700,467,false],"covernews-featured":["https:\/\/diariotiempo.com.uy\/noticias\/wp-content\/uploads\/2025\/10\/andaluz-firma.jpg",700,467,false],"covernews-medium":["https:\/\/diariotiempo.com.uy\/noticias\/wp-content\/uploads\/2025\/10\/andaluz-firma-540x340.jpg",540,340,true],"covernews-medium-square":["https:\/\/diariotiempo.com.uy\/noticias\/wp-content\/uploads\/2025\/10\/andaluz-firma-400x250.jpg",400,250,true]},"author_info":{"display_name":"diario","author_link":"https:\/\/diariotiempo.com.uy\/noticias\/author\/diario\/"},"category_info":"<a href=\"https:\/\/diariotiempo.com.uy\/noticias\/category\/departamental\/andaluz\/\" rel=\"category tag\">Andaluz<\/a>","tag_info":"Andaluz","comment_count":"0","_links":{"self":[{"href":"https:\/\/diariotiempo.com.uy\/noticias\/wp-json\/wp\/v2\/posts\/21054","targetHints":{"allow":["GET"]}}],"collection":[{"href":"https:\/\/diariotiempo.com.uy\/noticias\/wp-json\/wp\/v2\/posts"}],"about":[{"href":"https:\/\/diariotiempo.com.uy\/noticias\/wp-json\/wp\/v2\/types\/post"}],"author":[{"embeddable":true,"href":"https:\/\/diariotiempo.com.uy\/noticias\/wp-json\/wp\/v2\/users\/1"}],"replies":[{"embeddable":true,"href":"https:\/\/diariotiempo.com.uy\/noticias\/wp-json\/wp\/v2\/comments?post=21054"}],"version-history":[{"count":1,"href":"https:\/\/diariotiempo.com.uy\/noticias\/wp-json\/wp\/v2\/posts\/21054\/revisions"}],"predecessor-version":[{"id":21057,"href":"https:\/\/diariotiempo.com.uy\/noticias\/wp-json\/wp\/v2\/posts\/21054\/revisions\/21057"}],"wp:featuredmedia":[{"embeddable":true,"href":"https:\/\/diariotiempo.com.uy\/noticias\/wp-json\/wp\/v2\/media\/21056"}],"wp:attachment":[{"href":"https:\/\/diariotiempo.com.uy\/noticias\/wp-json\/wp\/v2\/media?parent=21054"}],"wp:term":[{"taxonomy":"category","embeddable":true,"href":"https:\/\/diariotiempo.com.uy\/noticias\/wp-json\/wp\/v2\/categories?post=21054"},{"taxonomy":"post_tag","embeddable":true,"href":"https:\/\/diariotiempo.com.uy\/noticias\/wp-json\/wp\/v2\/tags?post=21054"}],"curies":[{"name":"wp","href":"https:\/\/api.w.org\/{rel}","templated":true}]}}