{"id":21088,"date":"2025-10-13T15:42:24","date_gmt":"2025-10-13T15:42:24","guid":{"rendered":"https:\/\/diariotiempo.com.uy\/noticias\/?p=21088"},"modified":"2025-10-13T15:42:26","modified_gmt":"2025-10-13T15:42:26","slug":"dos-ninas-de-barros-blancos-murieron-en-incendio-en-iglesia-de-cordoba","status":"publish","type":"post","link":"https:\/\/diariotiempo.com.uy\/noticias\/2025\/10\/13\/dos-ninas-de-barros-blancos-murieron-en-incendio-en-iglesia-de-cordoba\/","title":{"rendered":"Dos ni\u00f1as de Barros Blancos murieron en incendio en iglesia de C\u00f3rdoba"},"content":{"rendered":"\n<figure class=\"wp-block-image size-full\"><img loading=\"lazy\" decoding=\"async\" width=\"901\" height=\"502\" src=\"https:\/\/diariotiempo.com.uy\/noticias\/wp-content\/uploads\/2025\/10\/incendio.jpg\" alt=\"\" class=\"wp-image-21089\" srcset=\"https:\/\/diariotiempo.com.uy\/noticias\/wp-content\/uploads\/2025\/10\/incendio.jpg 901w, https:\/\/diariotiempo.com.uy\/noticias\/wp-content\/uploads\/2025\/10\/incendio-300x167.jpg 300w, https:\/\/diariotiempo.com.uy\/noticias\/wp-content\/uploads\/2025\/10\/incendio-768x428.jpg 768w\" sizes=\"auto, (max-width: 901px) 100vw, 901px\" \/><\/figure>\n\n\n\n<p>Dos ni\u00f1as uruguayas murieron en las \u00faltimas horas en un incendio ocurrido en una iglesia de C\u00f3rdoba, Argentina.<\/p>\n\n\n\n<p>La iglesia \u00abUn nuevo amanecer con Jes\u00fas\u00bb, de Barros Blancos, emiti\u00f3 un comunicado en el que expresa su apoyo, acompa\u00f1amiento y oraci\u00f3n a las familias de las menores de 2 y 5 a\u00f1os. Desde Canciller\u00eda indicaron a Subrayado que hay una persona internada en el Hospital de Quemados y que el c\u00f3nsul brinda apoyo a las familias.<\/p>\n\n\n\n<p>El incendio se desat\u00f3 en la tarde de este s\u00e1bado, sobre la hora 15:30, en el barrio Villa Serrana, donde una delegaci\u00f3n religiosa uruguaya celebraba un nuevo aniversario de la consagraci\u00f3n de la iglesia Evang\u00e9lica.<\/p>\n\n\n\n<p>En dicho evento participaban unas 80 personas de las cuales 43 hab\u00edan viajado desde Uruguay, entre ellos adultos, adolescentes y ni\u00f1os.<\/p>\n\n\n\n<p>Las ni\u00f1as fallecidas se encontraban en un sector con cuchetas contigua a la casa principal.<\/p>\n\n\n\n<p>Seg\u00fan medios argentinos, la alerta de incendio fue dada por una ni\u00f1a de 10 a\u00f1os que vio las llamas en la habitaci\u00f3n donde hab\u00eda unas 30 camas.<\/p>\n\n\n\n<p>En el lugar se encontraban adem\u00e1s, varios adultos y ni\u00f1os descansando luego del almuerzo.<\/p>\n\n\n\n<p>El fuego se propag\u00f3 r\u00e1pidamente impidiendo que los asistentes pudieran rescatar a las dos peque\u00f1as.<\/p>\n\n\n\n<p>Desde la iglesia \u00abUn nuevo amanecer con Jes\u00fas\u00bb, de Barros Blancos, emitieron un comunicado en el que expresan el dolor por la tragedia. Las menores de 2 y 5 a\u00f1os se encontraban en el templo al momento del siniestro.<\/p>\n\n\n\n<p>\u00abLamentamos profundamente este tr\u00e1gico suceso que enluta a nuestra comunidad. Desde &#8216;Un nuevo amanecer con Jes\u00fas&#8217; expresamos nuestro apoyo, acompa\u00f1amiento y oraci\u00f3n a las familias afectadas, pidiendo a Dios que les brinde fortaleza y consuelo\u00bb.<\/p>\n\n\n\n<p>El comunicado finaliza con un pasaje del Evangelio de Mateo 19:14 que reza: \u00abDejad que los ni\u00f1os vengan a m\u00ed y no se lo impid\u00e1is; porque de tales es el reino de los cielos\u00bb. Y agrega: \u00abQue la paz del Se\u00f1or abrace a cada coraz\u00f3n y su luz traiga esperanza en medio del dolor\u00bb.<\/p>\n\n\n\n<p>Fuentes de Canciller\u00eda indicaron a Subrayado que una persona se encuentra internada en el Hospital de Quemados. Al momento se desconoce su gravedad.<\/p>\n\n\n\n<p>El resto de los uruguayos est\u00e1n alojados en dos hostales. El c\u00f3nsul de Uruguay en C\u00f3rdoba est\u00e1 acompa\u00f1ando y brindando asistencia para que quienes perdieron sus documentos en el incendio puedan viajar de regreso.<\/p>\n\n\n\n<p>Canciller\u00eda realiza coordinaciones con la Direcci\u00f3n General de Asuntos Consulares y Vinculaci\u00f3n a trav\u00e9s de la Oficina de Asistencia al Compatriota.<\/p>\n\n\n\n<p>Foto captura<\/p>\n","protected":false},"excerpt":{"rendered":"<p>Dos ni\u00f1as uruguayas murieron en las \u00faltimas horas en un incendio ocurrido en una iglesia&#8230;<\/p>\n","protected":false},"author":1,"featured_media":21089,"comment_status":"closed","ping_status":"closed","sticky":false,"template":"","format":"standard","meta":{"_monsterinsights_skip_tracking":false,"_monsterinsights_sitenote_active":false,"_monsterinsights_sitenote_note":"","_monsterinsights_sitenote_category":0,"footnotes":""},"categories":[11],"tags":[],"class_list":["post-21088","post","type-post","status-publish","format-standard","has-post-thumbnail","hentry","category-noticia-destacada"],"featured_image_urls":{"full":["https:\/\/diariotiempo.com.uy\/noticias\/wp-content\/uploads\/2025\/10\/incendio.jpg",901,502,false],"thumbnail":["https:\/\/diariotiempo.com.uy\/noticias\/wp-content\/uploads\/2025\/10\/incendio-150x150.jpg",150,150,true],"medium":["https:\/\/diariotiempo.com.uy\/noticias\/wp-content\/uploads\/2025\/10\/incendio-300x167.jpg",300,167,true],"medium_large":["https:\/\/diariotiempo.com.uy\/noticias\/wp-content\/uploads\/2025\/10\/incendio-768x428.jpg",640,357,true],"large":["https:\/\/diariotiempo.com.uy\/noticias\/wp-content\/uploads\/2025\/10\/incendio.jpg",640,357,false],"rpg_gallery_admin_thumb":["https:\/\/diariotiempo.com.uy\/noticias\/wp-content\/uploads\/2025\/10\/incendio-150x150.jpg",150,150,true],"rpg_gallery_thumb":["https:\/\/diariotiempo.com.uy\/noticias\/wp-content\/uploads\/2025\/10\/incendio-150x150.jpg",150,150,true],"1536x1536":["https:\/\/diariotiempo.com.uy\/noticias\/wp-content\/uploads\/2025\/10\/incendio.jpg",901,502,false],"2048x2048":["https:\/\/diariotiempo.com.uy\/noticias\/wp-content\/uploads\/2025\/10\/incendio.jpg",901,502,false],"covernews-slider-full":["https:\/\/diariotiempo.com.uy\/noticias\/wp-content\/uploads\/2025\/10\/incendio.jpg",901,502,false],"covernews-slider-center":["https:\/\/diariotiempo.com.uy\/noticias\/wp-content\/uploads\/2025\/10\/incendio-800x500.jpg",800,500,true],"covernews-featured":["https:\/\/diariotiempo.com.uy\/noticias\/wp-content\/uploads\/2025\/10\/incendio.jpg",901,502,false],"covernews-medium":["https:\/\/diariotiempo.com.uy\/noticias\/wp-content\/uploads\/2025\/10\/incendio-540x340.jpg",540,340,true],"covernews-medium-square":["https:\/\/diariotiempo.com.uy\/noticias\/wp-content\/uploads\/2025\/10\/incendio-400x250.jpg",400,250,true]},"author_info":{"display_name":"diario","author_link":"https:\/\/diariotiempo.com.uy\/noticias\/author\/diario\/"},"category_info":"<a href=\"https:\/\/diariotiempo.com.uy\/noticias\/category\/noticia-destacada\/\" rel=\"category tag\">NOTICIA DESTACADA<\/a>","tag_info":"NOTICIA DESTACADA","comment_count":"0","_links":{"self":[{"href":"https:\/\/diariotiempo.com.uy\/noticias\/wp-json\/wp\/v2\/posts\/21088","targetHints":{"allow":["GET"]}}],"collection":[{"href":"https:\/\/diariotiempo.com.uy\/noticias\/wp-json\/wp\/v2\/posts"}],"about":[{"href":"https:\/\/diariotiempo.com.uy\/noticias\/wp-json\/wp\/v2\/types\/post"}],"author":[{"embeddable":true,"href":"https:\/\/diariotiempo.com.uy\/noticias\/wp-json\/wp\/v2\/users\/1"}],"replies":[{"embeddable":true,"href":"https:\/\/diariotiempo.com.uy\/noticias\/wp-json\/wp\/v2\/comments?post=21088"}],"version-history":[{"count":1,"href":"https:\/\/diariotiempo.com.uy\/noticias\/wp-json\/wp\/v2\/posts\/21088\/revisions"}],"predecessor-version":[{"id":21090,"href":"https:\/\/diariotiempo.com.uy\/noticias\/wp-json\/wp\/v2\/posts\/21088\/revisions\/21090"}],"wp:featuredmedia":[{"embeddable":true,"href":"https:\/\/diariotiempo.com.uy\/noticias\/wp-json\/wp\/v2\/media\/21089"}],"wp:attachment":[{"href":"https:\/\/diariotiempo.com.uy\/noticias\/wp-json\/wp\/v2\/media?parent=21088"}],"wp:term":[{"taxonomy":"category","embeddable":true,"href":"https:\/\/diariotiempo.com.uy\/noticias\/wp-json\/wp\/v2\/categories?post=21088"},{"taxonomy":"post_tag","embeddable":true,"href":"https:\/\/diariotiempo.com.uy\/noticias\/wp-json\/wp\/v2\/tags?post=21088"}],"curies":[{"name":"wp","href":"https:\/\/api.w.org\/{rel}","templated":true}]}}