{"id":21091,"date":"2025-10-13T15:43:50","date_gmt":"2025-10-13T15:43:50","guid":{"rendered":"https:\/\/diariotiempo.com.uy\/noticias\/?p=21091"},"modified":"2025-10-13T15:43:53","modified_gmt":"2025-10-13T15:43:53","slug":"se-realizaron-celebraciones-del-bicentenario-de-la-batalla-de-sarandi","status":"publish","type":"post","link":"https:\/\/diariotiempo.com.uy\/noticias\/2025\/10\/13\/se-realizaron-celebraciones-del-bicentenario-de-la-batalla-de-sarandi\/","title":{"rendered":"Se realizaron celebraciones del bicentenario de la Batalla de Sarand\u00ed"},"content":{"rendered":"\n<figure class=\"wp-block-image size-full\"><img loading=\"lazy\" decoding=\"async\" width=\"900\" height=\"600\" src=\"https:\/\/diariotiempo.com.uy\/noticias\/wp-content\/uploads\/2025\/10\/caballos.jpg\" alt=\"\" class=\"wp-image-21092\" srcset=\"https:\/\/diariotiempo.com.uy\/noticias\/wp-content\/uploads\/2025\/10\/caballos.jpg 900w, https:\/\/diariotiempo.com.uy\/noticias\/wp-content\/uploads\/2025\/10\/caballos-300x200.jpg 300w, https:\/\/diariotiempo.com.uy\/noticias\/wp-content\/uploads\/2025\/10\/caballos-768x512.jpg 768w\" sizes=\"auto, (max-width: 900px) 100vw, 900px\" \/><figcaption class=\"wp-element-caption\">\u00a9Camilo dos Santos Ayala-20251012CDS-0.\/ Uruguay \/ Montevideo \/ Presidencia ROU. Presidente de la Rep\u00fablica Oriental del Uruguay, profesor Yamand\u00fa Orsi. \nFoto: Camilo dos Santos Ayala, Presidencia de la Rep\u00fablica Oriental del Uruguay.\n\nEN LA FOTO: \n\nEl 12 de October de 2025. \nFoto: Camilo dos Santos Ayala, Presidencia de la Rep\u00fablica Oriental del Uruguay<\/figcaption><\/figure>\n\n\n\n<p>En Sarand\u00ed Grande, Florida, el presidente Yamand\u00fa Orsi particip\u00f3 en las actividades conmemorativas del 200.\u00b0 aniversario de la Batalla de Sarand\u00ed. El director nacional de Educaci\u00f3n, Gabriel Quirici, expres\u00f3 que \u201cla forma m\u00e1s democr\u00e1tica de celebrar el pasado es con cada localidad y conociendo su historia\u201d.<\/p>\n\n\n\n<p>El presidente de la Rep\u00fablica, Yamand\u00fa Orsi, asisti\u00f3 a las celebraciones del 200.\u00b0 aniversario de la Batalla Sarand\u00ed, ocurrida el 12 de octubre de 1825, uno de los hitos del proceso de independencia y en el que las fuerzas orientales al mando de Juan Antonio Lavalleja lograron la victoria ante las tropas del Imperio del Brasil.<\/p>\n\n\n\n<p>En representaci\u00f3n del Poder Ejecutivo, se expres\u00f3 el director nacional de Educaci\u00f3n, Gabriel Quirici, quien se\u00f1al\u00f3 que el referido combate marc\u00f3 un triunfo definitivo en el proceso de independencia, ya que \u201cliber\u00f3 la campa\u00f1a y rompi\u00f3 cadenas\u201d.<\/p>\n\n\n\n<p>\u201cLa Batalla de Sarand\u00ed es la demostraci\u00f3n de que fueron las y los orientales los que ganaron en la cancha, en el terreno, las primeras y decisivas batallas\u00bb, dijo. M\u00e1s all\u00e1 de imaginar la independencia como una negociaci\u00f3n de terceros, fue el punto m\u00e1ximo de recuperaci\u00f3n de la soberan\u00eda oriental, agreg\u00f3.<\/p>\n\n\n\n<p>Asimismo, reconoci\u00f3 a quienes desde sus ranchos, estancias y poblados prepararon la tropa, los alimentos, la moral y la caballada para aquel evento. Explic\u00f3 que Lavalleja y otros l\u00edderes no solo contaron con raz\u00f3n hist\u00f3rica e inteligencia para sorprender al enemigo, sino con la base social de un pueblo rural decidido a ser libre, con la tenacidad de m\u00e1s de dos d\u00e9cadas de luchas, sue\u00f1os y reveses.<\/p>\n\n\n\n<p>Quirici se\u00f1al\u00f3 que esta celebraci\u00f3n es parte de un ciclo en el que la memoria de todos los territorios debe ser recuperada y reconocida. El jerarca record\u00f3 que el Gobierno impulsa la celebraci\u00f3n de hitos del bicentenario del proceso de emancipaci\u00f3n en todo el pa\u00eds. \u201cLa m\u00e1s democr\u00e1tica forma de celebrar el pasado es con cada localidad y conociendo su historia\u201d, manifest\u00f3.<\/p>\n\n\n\n<p>El 200.\u00b0 aniversario de la Batalla de Sarand\u00ed<\/p>\n\n\n\n<p>Las actividades comenzaron con un desfile c\u00edvico militar tradicionalista por la avenida Jos\u00e9 Artigas de Sarand\u00ed Grande, en el que participaron escuelas, liceos, centros de atenci\u00f3n a la infancia y la familia (CAIF), clubes sociales y deportivos, y organizaciones sociales de la zona, adem\u00e1s de unidades militares y aparcer\u00edas.<\/p>\n\n\n\n<p>La celebraci\u00f3n sigui\u00f3 en la plaza Alejandro Gallinal, donde alumnos de la escuela n.\u00b0 58 conformaron un cuadro esc\u00e9nico de la Batalla de Sarand\u00ed junto al monumento que recrea la lucha, realizado por el escultor Jos\u00e9 Luis Zorrilla de San Mart\u00edn. Sobre el final de acto central, se descubri\u00f3 una placa conmemorativa y se coloc\u00f3 una ofrenda floral al pie de la citada obra.<\/p>\n\n\n\n<p>El presidente Orsi estuvo acompa\u00f1ado por el titular de la Intendencia de Florida, Carlos Enciso; la ministra de Transporte y Obras P\u00fablicas, Luc\u00eda Etcheverry; el director de la Oficina de Planeamiento y Presupuesto, Rodrigo Arim; el subsecretario de Defensa Nacional, Joel Rodr\u00edguez, y el alcalde de Sarand\u00ed Grande, Maximiliano Ripoll, entre otras autoridades.<\/p>\n","protected":false},"excerpt":{"rendered":"<p>En Sarand\u00ed Grande, Florida, el presidente Yamand\u00fa Orsi particip\u00f3 en las actividades conmemorativas del 200.\u00b0&#8230;<\/p>\n","protected":false},"author":1,"featured_media":21092,"comment_status":"closed","ping_status":"closed","sticky":false,"template":"","format":"standard","meta":{"_monsterinsights_skip_tracking":false,"_monsterinsights_sitenote_active":false,"_monsterinsights_sitenote_note":"","_monsterinsights_sitenote_category":0,"footnotes":""},"categories":[79],"tags":[],"class_list":["post-21091","post","type-post","status-publish","format-standard","has-post-thumbnail","hentry","category-nacionales"],"featured_image_urls":{"full":["https:\/\/diariotiempo.com.uy\/noticias\/wp-content\/uploads\/2025\/10\/caballos.jpg",900,600,false],"thumbnail":["https:\/\/diariotiempo.com.uy\/noticias\/wp-content\/uploads\/2025\/10\/caballos-150x150.jpg",150,150,true],"medium":["https:\/\/diariotiempo.com.uy\/noticias\/wp-content\/uploads\/2025\/10\/caballos-300x200.jpg",300,200,true],"medium_large":["https:\/\/diariotiempo.com.uy\/noticias\/wp-content\/uploads\/2025\/10\/caballos-768x512.jpg",640,427,true],"large":["https:\/\/diariotiempo.com.uy\/noticias\/wp-content\/uploads\/2025\/10\/caballos.jpg",640,427,false],"rpg_gallery_admin_thumb":["https:\/\/diariotiempo.com.uy\/noticias\/wp-content\/uploads\/2025\/10\/caballos-150x150.jpg",150,150,true],"rpg_gallery_thumb":["https:\/\/diariotiempo.com.uy\/noticias\/wp-content\/uploads\/2025\/10\/caballos-150x150.jpg",150,150,true],"1536x1536":["https:\/\/diariotiempo.com.uy\/noticias\/wp-content\/uploads\/2025\/10\/caballos.jpg",900,600,false],"2048x2048":["https:\/\/diariotiempo.com.uy\/noticias\/wp-content\/uploads\/2025\/10\/caballos.jpg",900,600,false],"covernews-slider-full":["https:\/\/diariotiempo.com.uy\/noticias\/wp-content\/uploads\/2025\/10\/caballos.jpg",900,600,false],"covernews-slider-center":["https:\/\/diariotiempo.com.uy\/noticias\/wp-content\/uploads\/2025\/10\/caballos-800x500.jpg",800,500,true],"covernews-featured":["https:\/\/diariotiempo.com.uy\/noticias\/wp-content\/uploads\/2025\/10\/caballos.jpg",900,600,false],"covernews-medium":["https:\/\/diariotiempo.com.uy\/noticias\/wp-content\/uploads\/2025\/10\/caballos-540x340.jpg",540,340,true],"covernews-medium-square":["https:\/\/diariotiempo.com.uy\/noticias\/wp-content\/uploads\/2025\/10\/caballos-400x250.jpg",400,250,true]},"author_info":{"display_name":"diario","author_link":"https:\/\/diariotiempo.com.uy\/noticias\/author\/diario\/"},"category_info":"<a href=\"https:\/\/diariotiempo.com.uy\/noticias\/category\/nacionales\/\" rel=\"category tag\">NACIONALES<\/a>","tag_info":"NACIONALES","comment_count":"0","_links":{"self":[{"href":"https:\/\/diariotiempo.com.uy\/noticias\/wp-json\/wp\/v2\/posts\/21091","targetHints":{"allow":["GET"]}}],"collection":[{"href":"https:\/\/diariotiempo.com.uy\/noticias\/wp-json\/wp\/v2\/posts"}],"about":[{"href":"https:\/\/diariotiempo.com.uy\/noticias\/wp-json\/wp\/v2\/types\/post"}],"author":[{"embeddable":true,"href":"https:\/\/diariotiempo.com.uy\/noticias\/wp-json\/wp\/v2\/users\/1"}],"replies":[{"embeddable":true,"href":"https:\/\/diariotiempo.com.uy\/noticias\/wp-json\/wp\/v2\/comments?post=21091"}],"version-history":[{"count":1,"href":"https:\/\/diariotiempo.com.uy\/noticias\/wp-json\/wp\/v2\/posts\/21091\/revisions"}],"predecessor-version":[{"id":21093,"href":"https:\/\/diariotiempo.com.uy\/noticias\/wp-json\/wp\/v2\/posts\/21091\/revisions\/21093"}],"wp:featuredmedia":[{"embeddable":true,"href":"https:\/\/diariotiempo.com.uy\/noticias\/wp-json\/wp\/v2\/media\/21092"}],"wp:attachment":[{"href":"https:\/\/diariotiempo.com.uy\/noticias\/wp-json\/wp\/v2\/media?parent=21091"}],"wp:term":[{"taxonomy":"category","embeddable":true,"href":"https:\/\/diariotiempo.com.uy\/noticias\/wp-json\/wp\/v2\/categories?post=21091"},{"taxonomy":"post_tag","embeddable":true,"href":"https:\/\/diariotiempo.com.uy\/noticias\/wp-json\/wp\/v2\/tags?post=21091"}],"curies":[{"name":"wp","href":"https:\/\/api.w.org\/{rel}","templated":true}]}}