{"id":21180,"date":"2025-10-21T12:41:51","date_gmt":"2025-10-21T12:41:51","guid":{"rendered":"https:\/\/diariotiempo.com.uy\/noticias\/?p=21180"},"modified":"2025-10-21T12:41:53","modified_gmt":"2025-10-21T12:41:53","slug":"fallecio-el-critico-de-cine-jackie-rodriguez-stratta","status":"publish","type":"post","link":"https:\/\/diariotiempo.com.uy\/noticias\/2025\/10\/21\/fallecio-el-critico-de-cine-jackie-rodriguez-stratta\/","title":{"rendered":"Falleci\u00f3 el cr\u00edtico de cine\u00a0Jackie Rodr\u00edguez Stratta"},"content":{"rendered":"\n<figure class=\"wp-block-image size-full\"><img loading=\"lazy\" decoding=\"async\" width=\"900\" height=\"516\" src=\"https:\/\/diariotiempo.com.uy\/noticias\/wp-content\/uploads\/2025\/10\/jack.jpg\" alt=\"\" class=\"wp-image-21181\" srcset=\"https:\/\/diariotiempo.com.uy\/noticias\/wp-content\/uploads\/2025\/10\/jack.jpg 900w, https:\/\/diariotiempo.com.uy\/noticias\/wp-content\/uploads\/2025\/10\/jack-300x172.jpg 300w, https:\/\/diariotiempo.com.uy\/noticias\/wp-content\/uploads\/2025\/10\/jack-768x440.jpg 768w\" sizes=\"auto, (max-width: 900px) 100vw, 900px\" \/><\/figure>\n\n\n\n<p>Falleci\u00f3 en las \u00faltimas horas el cr\u00edtico de cine, periodista, locutor, publicista y productor Jackie Rodr\u00edguez Stratta, seg\u00fan inform\u00f3 Radio Sarand\u00ed. Ten\u00eda 75 a\u00f1os.<\/p>\n\n\n\n<p>Stratta comenz\u00f3 su actividad en los medios como productor en Canal 4, debutando en la conducci\u00f3n del programa Detr\u00e1s de la pantalla en Canal 5 con Yamand\u00fa Marichal, y luego pas\u00f3 a Canal 10.<\/p>\n\n\n\n<p>En 1992 realiz\u00f3 el ciclo de programas especiales \u201cGalas del cine\u201d en la misma cadena. En 2002 comenz\u00f3 a formar parte de la edici\u00f3n central del noticiero &nbsp;Subrayado en la secci\u00f3n de espect\u00e1culos. Fue en ese espacio d\u00f3nde populariz\u00f3 la frase \u201cen varias salas\u201d, al presentar los nuevos estrenos.<\/p>\n\n\n\n<p>Durante varios a\u00f1os fue columnista de cine en CX 12 Radio Oriental<\/p>\n\n\n\n<p>En la industria cinematogr\u00e1fica trabaj\u00f3 para distintas compa\u00f1\u00edas como Metro-Goldwyn-Mayer, Universal Pictures, entre otras, en la promoci\u00f3n, publicidad e introducci\u00f3n de estrenos de cine en el pa\u00eds.<\/p>\n\n\n\n<p>Particip\u00f3 en diversos festivales internacionales, contabilizando las dieciocho ocasiones del Festival de San Sebasti\u00e1n, catorce del Festival de Cannes, diez Berlinale y dos Premios \u00d3scar. Tambi\u00e9n realizo talleres de cine.<\/p>\n","protected":false},"excerpt":{"rendered":"<p>Falleci\u00f3 en las \u00faltimas horas el cr\u00edtico de cine, periodista, locutor, publicista y productor Jackie&#8230;<\/p>\n","protected":false},"author":1,"featured_media":21181,"comment_status":"closed","ping_status":"closed","sticky":false,"template":"","format":"standard","meta":{"_monsterinsights_skip_tracking":false,"_monsterinsights_sitenote_active":false,"_monsterinsights_sitenote_note":"","_monsterinsights_sitenote_category":0,"footnotes":""},"categories":[11],"tags":[],"class_list":["post-21180","post","type-post","status-publish","format-standard","has-post-thumbnail","hentry","category-noticia-destacada"],"featured_image_urls":{"full":["https:\/\/diariotiempo.com.uy\/noticias\/wp-content\/uploads\/2025\/10\/jack.jpg",900,516,false],"thumbnail":["https:\/\/diariotiempo.com.uy\/noticias\/wp-content\/uploads\/2025\/10\/jack-150x150.jpg",150,150,true],"medium":["https:\/\/diariotiempo.com.uy\/noticias\/wp-content\/uploads\/2025\/10\/jack-300x172.jpg",300,172,true],"medium_large":["https:\/\/diariotiempo.com.uy\/noticias\/wp-content\/uploads\/2025\/10\/jack-768x440.jpg",640,367,true],"large":["https:\/\/diariotiempo.com.uy\/noticias\/wp-content\/uploads\/2025\/10\/jack.jpg",640,367,false],"rpg_gallery_admin_thumb":["https:\/\/diariotiempo.com.uy\/noticias\/wp-content\/uploads\/2025\/10\/jack-150x150.jpg",150,150,true],"rpg_gallery_thumb":["https:\/\/diariotiempo.com.uy\/noticias\/wp-content\/uploads\/2025\/10\/jack-150x150.jpg",150,150,true],"1536x1536":["https:\/\/diariotiempo.com.uy\/noticias\/wp-content\/uploads\/2025\/10\/jack.jpg",900,516,false],"2048x2048":["https:\/\/diariotiempo.com.uy\/noticias\/wp-content\/uploads\/2025\/10\/jack.jpg",900,516,false],"covernews-slider-full":["https:\/\/diariotiempo.com.uy\/noticias\/wp-content\/uploads\/2025\/10\/jack.jpg",900,516,false],"covernews-slider-center":["https:\/\/diariotiempo.com.uy\/noticias\/wp-content\/uploads\/2025\/10\/jack-800x500.jpg",800,500,true],"covernews-featured":["https:\/\/diariotiempo.com.uy\/noticias\/wp-content\/uploads\/2025\/10\/jack.jpg",900,516,false],"covernews-medium":["https:\/\/diariotiempo.com.uy\/noticias\/wp-content\/uploads\/2025\/10\/jack-540x340.jpg",540,340,true],"covernews-medium-square":["https:\/\/diariotiempo.com.uy\/noticias\/wp-content\/uploads\/2025\/10\/jack-400x250.jpg",400,250,true]},"author_info":{"display_name":"diario","author_link":"https:\/\/diariotiempo.com.uy\/noticias\/author\/diario\/"},"category_info":"<a href=\"https:\/\/diariotiempo.com.uy\/noticias\/category\/noticia-destacada\/\" rel=\"category tag\">NOTICIA DESTACADA<\/a>","tag_info":"NOTICIA DESTACADA","comment_count":"0","_links":{"self":[{"href":"https:\/\/diariotiempo.com.uy\/noticias\/wp-json\/wp\/v2\/posts\/21180","targetHints":{"allow":["GET"]}}],"collection":[{"href":"https:\/\/diariotiempo.com.uy\/noticias\/wp-json\/wp\/v2\/posts"}],"about":[{"href":"https:\/\/diariotiempo.com.uy\/noticias\/wp-json\/wp\/v2\/types\/post"}],"author":[{"embeddable":true,"href":"https:\/\/diariotiempo.com.uy\/noticias\/wp-json\/wp\/v2\/users\/1"}],"replies":[{"embeddable":true,"href":"https:\/\/diariotiempo.com.uy\/noticias\/wp-json\/wp\/v2\/comments?post=21180"}],"version-history":[{"count":1,"href":"https:\/\/diariotiempo.com.uy\/noticias\/wp-json\/wp\/v2\/posts\/21180\/revisions"}],"predecessor-version":[{"id":21182,"href":"https:\/\/diariotiempo.com.uy\/noticias\/wp-json\/wp\/v2\/posts\/21180\/revisions\/21182"}],"wp:featuredmedia":[{"embeddable":true,"href":"https:\/\/diariotiempo.com.uy\/noticias\/wp-json\/wp\/v2\/media\/21181"}],"wp:attachment":[{"href":"https:\/\/diariotiempo.com.uy\/noticias\/wp-json\/wp\/v2\/media?parent=21180"}],"wp:term":[{"taxonomy":"category","embeddable":true,"href":"https:\/\/diariotiempo.com.uy\/noticias\/wp-json\/wp\/v2\/categories?post=21180"},{"taxonomy":"post_tag","embeddable":true,"href":"https:\/\/diariotiempo.com.uy\/noticias\/wp-json\/wp\/v2\/tags?post=21180"}],"curies":[{"name":"wp","href":"https:\/\/api.w.org\/{rel}","templated":true}]}}