{"id":21190,"date":"2025-10-23T15:17:03","date_gmt":"2025-10-23T15:17:03","guid":{"rendered":"https:\/\/diariotiempo.com.uy\/noticias\/?p=21190"},"modified":"2025-10-23T15:17:05","modified_gmt":"2025-10-23T15:17:05","slug":"le-imputaron-tres-delitos-a-amigo-del-policia-que-mato-a-dos-hinchas-de-nacional-en-toledo","status":"publish","type":"post","link":"https:\/\/diariotiempo.com.uy\/noticias\/2025\/10\/23\/le-imputaron-tres-delitos-a-amigo-del-policia-que-mato-a-dos-hinchas-de-nacional-en-toledo\/","title":{"rendered":"Le imputaron tres delitos a amigo del polic\u00eda que mat\u00f3 a dos hinchas de Nacional en Toledo"},"content":{"rendered":"\n<figure class=\"wp-block-image size-full\"><img loading=\"lazy\" decoding=\"async\" width=\"900\" height=\"540\" src=\"https:\/\/diariotiempo.com.uy\/noticias\/wp-content\/uploads\/2025\/10\/toledo.jpg\" alt=\"\" class=\"wp-image-21191\" srcset=\"https:\/\/diariotiempo.com.uy\/noticias\/wp-content\/uploads\/2025\/10\/toledo.jpg 900w, https:\/\/diariotiempo.com.uy\/noticias\/wp-content\/uploads\/2025\/10\/toledo-300x180.jpg 300w, https:\/\/diariotiempo.com.uy\/noticias\/wp-content\/uploads\/2025\/10\/toledo-768x461.jpg 768w\" sizes=\"auto, (max-width: 900px) 100vw, 900px\" \/><\/figure>\n\n\n\n<p>Se le imputaron tres delitos: Justicia por la propia mano, violencia privada y omisi\u00f3n de asistencia. Como medida cautelar se dispuso la prisi\u00f3n domiciliaria por 180 d\u00edas y la prohibici\u00f3n de acercamiento a ciertos testigos para evitar entorpecimiento de investigaci\u00f3n.<\/p>\n\n\n\n<p>La Justicia de Toledo imput\u00f3 este martes a un amigo del polic\u00eda de 24 a\u00f1os que mat\u00f3 a dos hinchas de Nacional el 9 de agosto tras el cl\u00e1sico. El funcionario policial mantiene la calidad de indagado.El fiscal de Toledo, Luis \u00c1lvez, logr\u00f3 la formalizaci\u00f3n de la investigaci\u00f3n de una de las personas que estaba comiendo un asado con el polic\u00eda que efectu\u00f3 los disparos, inform\u00f3 la Fiscal\u00eda. Se le imputaron tres delitos: Justicia por la propia mano, violencia privada y omisi\u00f3n de asistencia. Como medida cautelar se dispuso la prisi\u00f3n domiciliaria nocturna por 180 d\u00edas y la prohibici\u00f3n de acercamiento a ciertos testigos para evitar entorpecimiento de investigaci\u00f3n. El imputado fue la persona que salt\u00f3 sobre el cuerpo de uno de los fallecidos tras ser alcanzados por los disparos del polic\u00eda. El abogado del imputado, Rodrigo Rey, afirm\u00f3 que el hincha de Pe\u00f1arol \u00abforma parte del bando agredido\u00bb y que \u00abesa tesis qued\u00f3 ratificada en la solicitud de formalizaci\u00f3n de Fiscal\u00eda\u00bb. El defensor asegur\u00f3 que con el diligenciamiento de evidencias posterior las tipificaciones preliminares de delitos \u00abquedar\u00e1n desvanecidas\u00bb. \u00abNosotros consideramos que hay dos bandos y esa teor\u00eda (&#8230;) es la que tambi\u00e9n qued\u00f3 ratificada en esta solicitud de formalizaci\u00f3n\u00bb.<\/p>\n\n\n\n<p>Rey indic\u00f3 que los delitos de Justicia por la propia mano, violencia privada y omisi\u00f3n de asistencia \u00abno corresponden en su aplicaci\u00f3n al caso concreto\u00bb. Agreg\u00f3 que \u00abla formalizaci\u00f3n es una instancia procesal que no requiere semiplena prueba y que no requiere un est\u00e1ndar de convicci\u00f3n exigente\u00bb y por eso la defensa no se opuso a la imputaci\u00f3n. El abogado rechaz\u00f3 la medida cautelar de prisi\u00f3n domiciliaria nocturna contra su cliente por considerar que no existen riesgos de entorpecimiento de la investigaci\u00f3n y afirm\u00f3 que \u00abpuede ser un poco desproporcionada\u00bb. Rey apel\u00f3 a la figura de la leg\u00edtima defensa para el caso.El funcionario policial mantiene la calidad de indagado y en su caso, el abogado defensor sostuvo que su conducta tambi\u00e9n se configura en la leg\u00edtima defensa.En tanto, el abogado de la familia del hincha fallecido, Leonardo Narancio, consider\u00f3 que \u00abson claramente imputables\u00bb los delitos de Justicia por la propia mano, violencia privada y omisi\u00f3n de asistencia. <\/p>\n\n\n\n<p>\u00abNo hay ning\u00fan tipo de duda al respecto\u00bb, agreg\u00f3. El defensor calific\u00f3 como \u00abun acto de barbarie brutal imposible de tratar de encontrarle una l\u00f3gica\u00bb al hecho de que el imputado haya saltado sobre el cuerpo de la v\u00edctima. \u00abLo primero que hay es omisi\u00f3n de asistencia\u00bb porque \u00abno sab\u00eda si la persona que estaba en el piso desvanecida estaba muerta o no\u00bb. Adem\u00e1s, Narancio afirm\u00f3 que hubo justicia por propia mano, cuando \u00able empez\u00f3 a saltar arriba, como para tratar de si no estaba muerto, de rematarlo\u00bb. Por \u00faltimo, asegur\u00f3 que las amenazas y la violencia intentando que alguien haga o deje de hacer alguna cosa corresponden al delito de violencia privada. Para Narancio no se cumplieron los requisitos de la leg\u00edtima defensa.<\/p>\n","protected":false},"excerpt":{"rendered":"<p>Se le imputaron tres delitos: Justicia por la propia mano, violencia privada y omisi\u00f3n de&#8230;<\/p>\n","protected":false},"author":1,"featured_media":21191,"comment_status":"closed","ping_status":"closed","sticky":false,"template":"","format":"standard","meta":{"_monsterinsights_skip_tracking":false,"_monsterinsights_sitenote_active":false,"_monsterinsights_sitenote_note":"","_monsterinsights_sitenote_category":0,"footnotes":""},"categories":[11],"tags":[],"class_list":["post-21190","post","type-post","status-publish","format-standard","has-post-thumbnail","hentry","category-noticia-destacada"],"featured_image_urls":{"full":["https:\/\/diariotiempo.com.uy\/noticias\/wp-content\/uploads\/2025\/10\/toledo.jpg",900,540,false],"thumbnail":["https:\/\/diariotiempo.com.uy\/noticias\/wp-content\/uploads\/2025\/10\/toledo-150x150.jpg",150,150,true],"medium":["https:\/\/diariotiempo.com.uy\/noticias\/wp-content\/uploads\/2025\/10\/toledo-300x180.jpg",300,180,true],"medium_large":["https:\/\/diariotiempo.com.uy\/noticias\/wp-content\/uploads\/2025\/10\/toledo-768x461.jpg",640,384,true],"large":["https:\/\/diariotiempo.com.uy\/noticias\/wp-content\/uploads\/2025\/10\/toledo.jpg",640,384,false],"rpg_gallery_admin_thumb":["https:\/\/diariotiempo.com.uy\/noticias\/wp-content\/uploads\/2025\/10\/toledo-150x150.jpg",150,150,true],"rpg_gallery_thumb":["https:\/\/diariotiempo.com.uy\/noticias\/wp-content\/uploads\/2025\/10\/toledo-150x150.jpg",150,150,true],"1536x1536":["https:\/\/diariotiempo.com.uy\/noticias\/wp-content\/uploads\/2025\/10\/toledo.jpg",900,540,false],"2048x2048":["https:\/\/diariotiempo.com.uy\/noticias\/wp-content\/uploads\/2025\/10\/toledo.jpg",900,540,false],"covernews-slider-full":["https:\/\/diariotiempo.com.uy\/noticias\/wp-content\/uploads\/2025\/10\/toledo.jpg",900,540,false],"covernews-slider-center":["https:\/\/diariotiempo.com.uy\/noticias\/wp-content\/uploads\/2025\/10\/toledo-800x500.jpg",800,500,true],"covernews-featured":["https:\/\/diariotiempo.com.uy\/noticias\/wp-content\/uploads\/2025\/10\/toledo.jpg",900,540,false],"covernews-medium":["https:\/\/diariotiempo.com.uy\/noticias\/wp-content\/uploads\/2025\/10\/toledo-540x340.jpg",540,340,true],"covernews-medium-square":["https:\/\/diariotiempo.com.uy\/noticias\/wp-content\/uploads\/2025\/10\/toledo-400x250.jpg",400,250,true]},"author_info":{"display_name":"diario","author_link":"https:\/\/diariotiempo.com.uy\/noticias\/author\/diario\/"},"category_info":"<a href=\"https:\/\/diariotiempo.com.uy\/noticias\/category\/noticia-destacada\/\" rel=\"category tag\">NOTICIA DESTACADA<\/a>","tag_info":"NOTICIA DESTACADA","comment_count":"0","_links":{"self":[{"href":"https:\/\/diariotiempo.com.uy\/noticias\/wp-json\/wp\/v2\/posts\/21190","targetHints":{"allow":["GET"]}}],"collection":[{"href":"https:\/\/diariotiempo.com.uy\/noticias\/wp-json\/wp\/v2\/posts"}],"about":[{"href":"https:\/\/diariotiempo.com.uy\/noticias\/wp-json\/wp\/v2\/types\/post"}],"author":[{"embeddable":true,"href":"https:\/\/diariotiempo.com.uy\/noticias\/wp-json\/wp\/v2\/users\/1"}],"replies":[{"embeddable":true,"href":"https:\/\/diariotiempo.com.uy\/noticias\/wp-json\/wp\/v2\/comments?post=21190"}],"version-history":[{"count":1,"href":"https:\/\/diariotiempo.com.uy\/noticias\/wp-json\/wp\/v2\/posts\/21190\/revisions"}],"predecessor-version":[{"id":21192,"href":"https:\/\/diariotiempo.com.uy\/noticias\/wp-json\/wp\/v2\/posts\/21190\/revisions\/21192"}],"wp:featuredmedia":[{"embeddable":true,"href":"https:\/\/diariotiempo.com.uy\/noticias\/wp-json\/wp\/v2\/media\/21191"}],"wp:attachment":[{"href":"https:\/\/diariotiempo.com.uy\/noticias\/wp-json\/wp\/v2\/media?parent=21190"}],"wp:term":[{"taxonomy":"category","embeddable":true,"href":"https:\/\/diariotiempo.com.uy\/noticias\/wp-json\/wp\/v2\/categories?post=21190"},{"taxonomy":"post_tag","embeddable":true,"href":"https:\/\/diariotiempo.com.uy\/noticias\/wp-json\/wp\/v2\/tags?post=21190"}],"curies":[{"name":"wp","href":"https:\/\/api.w.org\/{rel}","templated":true}]}}