{"id":21259,"date":"2025-10-31T15:31:29","date_gmt":"2025-10-31T15:31:29","guid":{"rendered":"https:\/\/diariotiempo.com.uy\/noticias\/?p=21259"},"modified":"2025-10-31T15:31:31","modified_gmt":"2025-10-31T15:31:31","slug":"polideportivo-de-migues-ahora-lleva-el-nombre-de-joven-impulsor-del-deporte-local","status":"publish","type":"post","link":"https:\/\/diariotiempo.com.uy\/noticias\/2025\/10\/31\/polideportivo-de-migues-ahora-lleva-el-nombre-de-joven-impulsor-del-deporte-local\/","title":{"rendered":"Polideportivo de Migues ahora lleva el nombre de joven impulsor del deporte local"},"content":{"rendered":"\n<figure class=\"wp-block-image size-full\"><img loading=\"lazy\" decoding=\"async\" width=\"900\" height=\"600\" src=\"https:\/\/diariotiempo.com.uy\/noticias\/wp-content\/uploads\/2025\/10\/MARIO.jpg\" alt=\"\" class=\"wp-image-21260\" srcset=\"https:\/\/diariotiempo.com.uy\/noticias\/wp-content\/uploads\/2025\/10\/MARIO.jpg 900w, https:\/\/diariotiempo.com.uy\/noticias\/wp-content\/uploads\/2025\/10\/MARIO-300x200.jpg 300w, https:\/\/diariotiempo.com.uy\/noticias\/wp-content\/uploads\/2025\/10\/MARIO-768x512.jpg 768w\" sizes=\"auto, (max-width: 900px) 100vw, 900px\" \/><\/figure>\n\n\n\n<p>El polideportivo de Migues ahora lleva el nombre de Mario \u201cMarito\u201d Jaurena, conocido localmente como \u201cEl Mo\u00f1ongo\u201d, en homenaje a un vecino que falleci\u00f3 muy joven pero dedic\u00f3 su vida al deporte. En el acto de nombramiento, tambi\u00e9n se anunciaron actividades culturales y deportivas en la localidad. El alcalde de Migues, Nahuel Jorge, destac\u00f3 que el nombramiento \u201ces un justo y merecido homenaje a un joven que fue ejemplo con su vida, con su forma de ser y con su don de buena gente para todos los miguenses\u201d. Mario \u201cMarito\u201d Jaurena, a quien amigos y familiares llamaban \u201cEl Mo\u00f1ongo\u201d, fue un joven de la localidad que perdi\u00f3 la vida en las aguas de un arroyo de la zona mientras entrenaba para la prueba de ingreso del Instituto Superior de Educaci\u00f3n F\u00edsica (ISEF) en diciembre de 1997. <\/p>\n\n\n\n<p>Fue un gran impulsor del deporte en la localidad, tal como narraron los presentes en el acto, incluso marcando una cancha de f\u00fatbol para disfrute de vecinos y vecinas en el predio en el que hoy se levanta el polideportivo. En el acto estuvieron presentes familiares de Jaurena y en representaci\u00f3n de ellos habl\u00f3 su madrina, Andrea Jaurena, quien, con mucha emoci\u00f3n, resalt\u00f3 que \u201cpara nosotros este es el mejor homenaje a Marito y a toda la familia, porque este es un espacio de encuentro y de deporte\u201d, en el que \u201cse favorece la identidad de este pueblo y los vecinos pueden honrar su memoria\u201d. El intendente de Canelones, Francisco Legnani, valor\u00f3 que \u201ctodo el pueblo miguense se siente identificado con este homenaje\u201d, a una persona \u201cmuy pujante, muy proactiva, que so\u00f1aba con ser profesor de educaci\u00f3n f\u00edsica y que una tragedia le impidi\u00f3 ese sue\u00f1o\u201d. <\/p>\n\n\n\n<p>Durante el acto, se inaugur\u00f3 el primer campeonato deportivo anual de la localidad, a desarrollarse en el polideportivo, que tambi\u00e9n lleva el nombre de Jaurena. El Alcalde destac\u00f3 que \u201ctodos los a\u00f1os vamos a estar recordando su figura y los valores que sembr\u00f3 en nuestra comunidad en torno al deporte\u201d. Tambi\u00e9n se dio por inaugurada la tercera edici\u00f3n del festival Migues es Migues, con actividades culturales, deportivas y art\u00edsticas, que va del 22 de octubre hasta el s\u00e1bado 25, con un show musical con varios artistas locales y nacionales, como \u201cChacho\u201d Ramos, el grupo Copla Alta o el espect\u00e1culo Ruperto Rocanrol. El Intendente invit\u00f3 a acercarse al festival: \u201cesperemos que sea para disfrute, no solo de los miguenses, sino que tambi\u00e9n se acerquen much\u00edsima gente de todo el departamento\u201d. El acto culmin\u00f3 con el descubrimiento de una placa en homenaje a \u201cMarito\u201d Jaurena y un mural a cargo de un artista local, que reproduce una de las fotos de la infancia del joven miguense. Tambi\u00e9n participaron del acto y oratoria representantes de la Direcci\u00f3n General de Deportes del Gobierno de Canelones, el presidente de la Junta Departamental, Daniel Pereira, oriundo de Migues y quien conociera al homenajeado, y Carlos Corrales, bombero y amigo de Jaurena. <\/p>\n\n\n\n<p>Foto IMC<\/p>\n","protected":false},"excerpt":{"rendered":"<p>El polideportivo de Migues ahora lleva el nombre de Mario \u201cMarito\u201d Jaurena, conocido localmente como&#8230;<\/p>\n","protected":false},"author":1,"featured_media":21260,"comment_status":"closed","ping_status":"closed","sticky":false,"template":"","format":"standard","meta":{"_monsterinsights_skip_tracking":false,"_monsterinsights_sitenote_active":false,"_monsterinsights_sitenote_note":"","_monsterinsights_sitenote_category":0,"footnotes":""},"categories":[8],"tags":[],"class_list":["post-21259","post","type-post","status-publish","format-standard","has-post-thumbnail","hentry","category-deporte"],"featured_image_urls":{"full":["https:\/\/diariotiempo.com.uy\/noticias\/wp-content\/uploads\/2025\/10\/MARIO.jpg",900,600,false],"thumbnail":["https:\/\/diariotiempo.com.uy\/noticias\/wp-content\/uploads\/2025\/10\/MARIO-150x150.jpg",150,150,true],"medium":["https:\/\/diariotiempo.com.uy\/noticias\/wp-content\/uploads\/2025\/10\/MARIO-300x200.jpg",300,200,true],"medium_large":["https:\/\/diariotiempo.com.uy\/noticias\/wp-content\/uploads\/2025\/10\/MARIO-768x512.jpg",640,427,true],"large":["https:\/\/diariotiempo.com.uy\/noticias\/wp-content\/uploads\/2025\/10\/MARIO.jpg",640,427,false],"rpg_gallery_admin_thumb":["https:\/\/diariotiempo.com.uy\/noticias\/wp-content\/uploads\/2025\/10\/MARIO-150x150.jpg",150,150,true],"rpg_gallery_thumb":["https:\/\/diariotiempo.com.uy\/noticias\/wp-content\/uploads\/2025\/10\/MARIO-150x150.jpg",150,150,true],"1536x1536":["https:\/\/diariotiempo.com.uy\/noticias\/wp-content\/uploads\/2025\/10\/MARIO.jpg",900,600,false],"2048x2048":["https:\/\/diariotiempo.com.uy\/noticias\/wp-content\/uploads\/2025\/10\/MARIO.jpg",900,600,false],"covernews-slider-full":["https:\/\/diariotiempo.com.uy\/noticias\/wp-content\/uploads\/2025\/10\/MARIO.jpg",900,600,false],"covernews-slider-center":["https:\/\/diariotiempo.com.uy\/noticias\/wp-content\/uploads\/2025\/10\/MARIO-800x500.jpg",800,500,true],"covernews-featured":["https:\/\/diariotiempo.com.uy\/noticias\/wp-content\/uploads\/2025\/10\/MARIO.jpg",900,600,false],"covernews-medium":["https:\/\/diariotiempo.com.uy\/noticias\/wp-content\/uploads\/2025\/10\/MARIO-540x340.jpg",540,340,true],"covernews-medium-square":["https:\/\/diariotiempo.com.uy\/noticias\/wp-content\/uploads\/2025\/10\/MARIO-400x250.jpg",400,250,true]},"author_info":{"display_name":"diario","author_link":"https:\/\/diariotiempo.com.uy\/noticias\/author\/diario\/"},"category_info":"<a href=\"https:\/\/diariotiempo.com.uy\/noticias\/category\/deporte\/\" rel=\"category tag\">DEPORTE<\/a>","tag_info":"DEPORTE","comment_count":"0","_links":{"self":[{"href":"https:\/\/diariotiempo.com.uy\/noticias\/wp-json\/wp\/v2\/posts\/21259","targetHints":{"allow":["GET"]}}],"collection":[{"href":"https:\/\/diariotiempo.com.uy\/noticias\/wp-json\/wp\/v2\/posts"}],"about":[{"href":"https:\/\/diariotiempo.com.uy\/noticias\/wp-json\/wp\/v2\/types\/post"}],"author":[{"embeddable":true,"href":"https:\/\/diariotiempo.com.uy\/noticias\/wp-json\/wp\/v2\/users\/1"}],"replies":[{"embeddable":true,"href":"https:\/\/diariotiempo.com.uy\/noticias\/wp-json\/wp\/v2\/comments?post=21259"}],"version-history":[{"count":1,"href":"https:\/\/diariotiempo.com.uy\/noticias\/wp-json\/wp\/v2\/posts\/21259\/revisions"}],"predecessor-version":[{"id":21261,"href":"https:\/\/diariotiempo.com.uy\/noticias\/wp-json\/wp\/v2\/posts\/21259\/revisions\/21261"}],"wp:featuredmedia":[{"embeddable":true,"href":"https:\/\/diariotiempo.com.uy\/noticias\/wp-json\/wp\/v2\/media\/21260"}],"wp:attachment":[{"href":"https:\/\/diariotiempo.com.uy\/noticias\/wp-json\/wp\/v2\/media?parent=21259"}],"wp:term":[{"taxonomy":"category","embeddable":true,"href":"https:\/\/diariotiempo.com.uy\/noticias\/wp-json\/wp\/v2\/categories?post=21259"},{"taxonomy":"post_tag","embeddable":true,"href":"https:\/\/diariotiempo.com.uy\/noticias\/wp-json\/wp\/v2\/tags?post=21259"}],"curies":[{"name":"wp","href":"https:\/\/api.w.org\/{rel}","templated":true}]}}