{"id":21270,"date":"2025-11-04T15:11:44","date_gmt":"2025-11-04T15:11:44","guid":{"rendered":"https:\/\/diariotiempo.com.uy\/noticias\/?p=21270"},"modified":"2025-11-04T15:11:45","modified_gmt":"2025-11-04T15:11:45","slug":"mujer-detenida-por-agredir-a-funcionarias-de-escuela-en-canelones-fue-condenada","status":"publish","type":"post","link":"https:\/\/diariotiempo.com.uy\/noticias\/2025\/11\/04\/mujer-detenida-por-agredir-a-funcionarias-de-escuela-en-canelones-fue-condenada\/","title":{"rendered":"Mujer detenida por agredir a funcionarias\u00a0de escuela en Canelones fue condenada"},"content":{"rendered":"\n<figure class=\"wp-block-image size-full\"><img loading=\"lazy\" decoding=\"async\" width=\"900\" height=\"675\" src=\"https:\/\/diariotiempo.com.uy\/noticias\/wp-content\/uploads\/2025\/11\/la-paz.jpg\" alt=\"\" class=\"wp-image-21271\" srcset=\"https:\/\/diariotiempo.com.uy\/noticias\/wp-content\/uploads\/2025\/11\/la-paz.jpg 900w, https:\/\/diariotiempo.com.uy\/noticias\/wp-content\/uploads\/2025\/11\/la-paz-300x225.jpg 300w, https:\/\/diariotiempo.com.uy\/noticias\/wp-content\/uploads\/2025\/11\/la-paz-768x576.jpg 768w\" sizes=\"auto, (max-width: 900px) 100vw, 900px\" \/><\/figure>\n\n\n\n<p>La Justicia conden\u00f3 a la mujer detenida luego de protagonizar un violento episodio en la Escuela N\u00ba 107 de La Paz, Canelones, donde agredi\u00f3 a funcionarias del centro educativo delante de varios testigos. La madre hab\u00eda llegado al establecimiento \u2014ubicado en las calles Conrado Moller y Ram\u00f3n \u00c1lvarez\u2014 para retirar a sus hijas. <\/p>\n\n\n\n<p>En ese momento, ingres\u00f3 a la direcci\u00f3n, comenz\u00f3 a gritar y a insultar a las funcionarias, y luego las agredi\u00f3 f\u00edsicamente con golpes de pu\u00f1o y patadas. Seg\u00fan confirmaron a Montevideo Portal desde Fiscal\u00eda, la sentencia es de ocho meses de pena con r\u00e9gimen de libertad a prueba: deber\u00e1 cumplir un mes de prisi\u00f3n domiciliaria y siete con trabajo comunitario, con una orden de no acercamiento a las v\u00edctimas ni a la escuela. <\/p>\n\n\n\n<p>El jueves, la agresora fue detenida y trasladada a la Seccional 5\u00aa de La Paz. Un agente policial que se encontraba de particular en el lugar intervino para intentar contener la situaci\u00f3n y reducir a la agresora hasta que llegaran los efectivos. Sin embargo, la mujer, que se encontraba en \u201cevidente estado de alteraci\u00f3n\u201d, continu\u00f3 insultando y amenazando a las docentes. Tanto la directora del centro educativo como una subdirectora y el agente policial que intervino resultaron con lesiones, por lo que se dispuso la realizaci\u00f3n de pericias forenses.<\/p>\n\n\n\n<p><\/p>\n","protected":false},"excerpt":{"rendered":"<p>La Justicia conden\u00f3 a la mujer detenida luego de protagonizar un violento episodio en la&#8230;<\/p>\n","protected":false},"author":1,"featured_media":21271,"comment_status":"closed","ping_status":"closed","sticky":false,"template":"","format":"standard","meta":{"_monsterinsights_skip_tracking":false,"_monsterinsights_sitenote_active":false,"_monsterinsights_sitenote_note":"","_monsterinsights_sitenote_category":0,"footnotes":""},"categories":[11],"tags":[],"class_list":["post-21270","post","type-post","status-publish","format-standard","has-post-thumbnail","hentry","category-noticia-destacada"],"featured_image_urls":{"full":["https:\/\/diariotiempo.com.uy\/noticias\/wp-content\/uploads\/2025\/11\/la-paz.jpg",900,675,false],"thumbnail":["https:\/\/diariotiempo.com.uy\/noticias\/wp-content\/uploads\/2025\/11\/la-paz-150x150.jpg",150,150,true],"medium":["https:\/\/diariotiempo.com.uy\/noticias\/wp-content\/uploads\/2025\/11\/la-paz-300x225.jpg",300,225,true],"medium_large":["https:\/\/diariotiempo.com.uy\/noticias\/wp-content\/uploads\/2025\/11\/la-paz-768x576.jpg",640,480,true],"large":["https:\/\/diariotiempo.com.uy\/noticias\/wp-content\/uploads\/2025\/11\/la-paz.jpg",640,480,false],"rpg_gallery_admin_thumb":["https:\/\/diariotiempo.com.uy\/noticias\/wp-content\/uploads\/2025\/11\/la-paz-150x150.jpg",150,150,true],"rpg_gallery_thumb":["https:\/\/diariotiempo.com.uy\/noticias\/wp-content\/uploads\/2025\/11\/la-paz-150x150.jpg",150,150,true],"1536x1536":["https:\/\/diariotiempo.com.uy\/noticias\/wp-content\/uploads\/2025\/11\/la-paz.jpg",900,675,false],"2048x2048":["https:\/\/diariotiempo.com.uy\/noticias\/wp-content\/uploads\/2025\/11\/la-paz.jpg",900,675,false],"covernews-slider-full":["https:\/\/diariotiempo.com.uy\/noticias\/wp-content\/uploads\/2025\/11\/la-paz.jpg",900,675,false],"covernews-slider-center":["https:\/\/diariotiempo.com.uy\/noticias\/wp-content\/uploads\/2025\/11\/la-paz-800x500.jpg",800,500,true],"covernews-featured":["https:\/\/diariotiempo.com.uy\/noticias\/wp-content\/uploads\/2025\/11\/la-paz.jpg",900,675,false],"covernews-medium":["https:\/\/diariotiempo.com.uy\/noticias\/wp-content\/uploads\/2025\/11\/la-paz-540x340.jpg",540,340,true],"covernews-medium-square":["https:\/\/diariotiempo.com.uy\/noticias\/wp-content\/uploads\/2025\/11\/la-paz-400x250.jpg",400,250,true]},"author_info":{"display_name":"diario","author_link":"https:\/\/diariotiempo.com.uy\/noticias\/author\/diario\/"},"category_info":"<a href=\"https:\/\/diariotiempo.com.uy\/noticias\/category\/noticia-destacada\/\" rel=\"category tag\">NOTICIA DESTACADA<\/a>","tag_info":"NOTICIA DESTACADA","comment_count":"0","_links":{"self":[{"href":"https:\/\/diariotiempo.com.uy\/noticias\/wp-json\/wp\/v2\/posts\/21270","targetHints":{"allow":["GET"]}}],"collection":[{"href":"https:\/\/diariotiempo.com.uy\/noticias\/wp-json\/wp\/v2\/posts"}],"about":[{"href":"https:\/\/diariotiempo.com.uy\/noticias\/wp-json\/wp\/v2\/types\/post"}],"author":[{"embeddable":true,"href":"https:\/\/diariotiempo.com.uy\/noticias\/wp-json\/wp\/v2\/users\/1"}],"replies":[{"embeddable":true,"href":"https:\/\/diariotiempo.com.uy\/noticias\/wp-json\/wp\/v2\/comments?post=21270"}],"version-history":[{"count":1,"href":"https:\/\/diariotiempo.com.uy\/noticias\/wp-json\/wp\/v2\/posts\/21270\/revisions"}],"predecessor-version":[{"id":21272,"href":"https:\/\/diariotiempo.com.uy\/noticias\/wp-json\/wp\/v2\/posts\/21270\/revisions\/21272"}],"wp:featuredmedia":[{"embeddable":true,"href":"https:\/\/diariotiempo.com.uy\/noticias\/wp-json\/wp\/v2\/media\/21271"}],"wp:attachment":[{"href":"https:\/\/diariotiempo.com.uy\/noticias\/wp-json\/wp\/v2\/media?parent=21270"}],"wp:term":[{"taxonomy":"category","embeddable":true,"href":"https:\/\/diariotiempo.com.uy\/noticias\/wp-json\/wp\/v2\/categories?post=21270"},{"taxonomy":"post_tag","embeddable":true,"href":"https:\/\/diariotiempo.com.uy\/noticias\/wp-json\/wp\/v2\/tags?post=21270"}],"curies":[{"name":"wp","href":"https:\/\/api.w.org\/{rel}","templated":true}]}}