{"id":21304,"date":"2025-11-07T14:58:46","date_gmt":"2025-11-07T14:58:46","guid":{"rendered":"https:\/\/diariotiempo.com.uy\/noticias\/?p=21304"},"modified":"2025-11-07T14:58:47","modified_gmt":"2025-11-07T14:58:47","slug":"se-realizo-en-atlantida-el-1er-simposio-nacional-de-restauracion-ecosistemica","status":"publish","type":"post","link":"https:\/\/diariotiempo.com.uy\/noticias\/2025\/11\/07\/se-realizo-en-atlantida-el-1er-simposio-nacional-de-restauracion-ecosistemica\/","title":{"rendered":"Se realiz\u00f3 en Atl\u00e1ntida el 1er Simposio Nacional de Restauraci\u00f3n Ecosist\u00e9mica"},"content":{"rendered":"\n<figure class=\"wp-block-gallery has-nested-images columns-default is-cropped wp-block-gallery-1 is-layout-flex wp-block-gallery-is-layout-flex\">\n<figure class=\"wp-block-image size-large\"><img loading=\"lazy\" decoding=\"async\" width=\"600\" height=\"400\" data-id=\"21305\" src=\"https:\/\/diariotiempo.com.uy\/noticias\/wp-content\/uploads\/2025\/11\/atlantida-gente.jpg\" alt=\"\" class=\"wp-image-21305\" srcset=\"https:\/\/diariotiempo.com.uy\/noticias\/wp-content\/uploads\/2025\/11\/atlantida-gente.jpg 600w, https:\/\/diariotiempo.com.uy\/noticias\/wp-content\/uploads\/2025\/11\/atlantida-gente-300x200.jpg 300w\" sizes=\"auto, (max-width: 600px) 100vw, 600px\" \/><\/figure>\n\n\n\n<figure class=\"wp-block-image size-large\"><img loading=\"lazy\" decoding=\"async\" width=\"600\" height=\"400\" data-id=\"21306\" src=\"https:\/\/diariotiempo.com.uy\/noticias\/wp-content\/uploads\/2025\/11\/atlantida-mesa.jpg\" alt=\"\" class=\"wp-image-21306\" srcset=\"https:\/\/diariotiempo.com.uy\/noticias\/wp-content\/uploads\/2025\/11\/atlantida-mesa.jpg 600w, https:\/\/diariotiempo.com.uy\/noticias\/wp-content\/uploads\/2025\/11\/atlantida-mesa-300x200.jpg 300w\" sizes=\"auto, (max-width: 600px) 100vw, 600px\" \/><\/figure>\n<\/figure>\n\n\n\n<p>Con la participaci\u00f3n de autoridades nacionales, departamentales, acad\u00e9micas y sociales, se desarrolla en Espacio D\u00ednamo, Atl\u00e1ntida, el Primer Simposio Nacional de Restauraci\u00f3n Ecosist\u00e9mica, que comenz\u00f3 este martes 4 de noviembre y se extender\u00e1 hasta el mi\u00e9rcoles 6. La apertura oficial se realiz\u00f3 en horas de la ma\u00f1ana, con la presencia de la directora nacional de Biodiversidad y Servicios Ecosist\u00e9micos del Ministerio de Ambiente, Estela Delgado, y el director general de Gesti\u00f3n Ambiental de la Intendencia de Canelones, Pablo Mateos.<br>Organizado por el Ministerio, el Gobierno Departamental, la Red Uruguaya de ONGs Ambientalistas, el Instituto Nacional de Investigaci\u00f3n Agropecuaria (INIA), la Facultad de Agronom\u00eda, la Facultad de Ciencias y el Centro Universitario Regional del Este (Udelar), el encuentro busca generar un espacio de intercambio, reflexi\u00f3n y articulaci\u00f3n entre actores p\u00fablicos, acad\u00e9micos y sociales con inter\u00e9s en la restauraci\u00f3n ecol\u00f3gica en Uruguay.<\/p>\n\n\n\n<p>A lo largo de tres jornadas se vienen abordando temas como pol\u00edticas de restauraci\u00f3n, experiencias territoriales, control de especies ex\u00f3ticas invasoras, monitoreo ambiental, educaci\u00f3n y gobernanza, adem\u00e1s del lanzamiento del Manual de propagaci\u00f3n de especies nativas costeras y un espacio de di\u00e1logo juvenil sobre restauraci\u00f3n ecosist\u00e9mica. El programa incluye conferencias, mesas de di\u00e1logo y presentaciones de proyectos, con la participaci\u00f3n de expertos de distintas regiones del pa\u00eds y del exterior. Previo a la apertura, Estela Delgado destac\u00f3 el car\u00e1cter hist\u00f3rico del encuentro y el trabajo conjunto entre instituciones. \u201cPara nosotros es un hito nacional empezar este primer Simposio de Restauraci\u00f3n Ecosist\u00e9mica como el puntapi\u00e9 inicial de una nueva pol\u00edtica p\u00fablica que vamos a desarrollar en este per\u00edodo de gobierno\u201d, expres\u00f3. Agreg\u00f3 que la jornada \u201creconoce un acumulado positivo de interacci\u00f3n y sinergias entre el gobierno nacional, las intendencias, las organizaciones sociales y la academia\u201d, y subray\u00f3 la importancia de \u201crepensar c\u00f3mo nos vinculamos como seres humanos con la naturaleza\u201d.<\/p>\n\n\n\n<p>Por su parte, el director general de Gesti\u00f3n Ambiental de la Intendencia, Pablo Mateos, valor\u00f3 que el simposio se realice en Canelones. \u201cTenemos una alegr\u00eda enorme de que se est\u00e9 realizando esta actividad en particular en Atl\u00e1ntida. Esto llev\u00f3 una preparaci\u00f3n de muchos meses de trabajo de los equipos, tanto nuestros como del Ministerio de Ambiente, y la verdad que van a ser tres d\u00edas de trabajo intenso para demostrar lo que se viene haciendo y sentar las bases para lo que es el plan de restauraci\u00f3n a nivel nacional\u201d, expres\u00f3.Mateos explic\u00f3 que el departamento trabaja con un plan que tiene foco en zonas estrat\u00e9gicas, especialmente en la franja costera y en la cuenca del Santa Luc\u00eda, orientado a promover modelos de producci\u00f3n y consumo m\u00e1s amigables con el ambiente. Y agreg\u00f3: \u201cCreo que el evento es un reconocimiento a las acciones de Canelones en el per\u00edodo pasado y al trabajo de los t\u00e9cnicos y las t\u00e9cnicas que ponen mucha cabeza en todo esto\u201d. El simposio continuar\u00e1 hasta el 6 de noviembre con instancias de exposici\u00f3n, intercambio t\u00e9cnico y reflexi\u00f3n colectiva, consolidando a Canelones como referente en gesti\u00f3n ambiental a nivel nacional.<\/p>\n","protected":false},"excerpt":{"rendered":"<p>Con la participaci\u00f3n de autoridades nacionales, departamentales, acad\u00e9micas y sociales, se desarrolla en Espacio D\u00ednamo,&#8230;<\/p>\n","protected":false},"author":1,"featured_media":21306,"comment_status":"closed","ping_status":"closed","sticky":false,"template":"","format":"standard","meta":{"_monsterinsights_skip_tracking":false,"_monsterinsights_sitenote_active":false,"_monsterinsights_sitenote_note":"","_monsterinsights_sitenote_category":0,"footnotes":""},"categories":[25],"tags":[],"class_list":["post-21304","post","type-post","status-publish","format-standard","has-post-thumbnail","hentry","category-atlantida"],"featured_image_urls":{"full":["https:\/\/diariotiempo.com.uy\/noticias\/wp-content\/uploads\/2025\/11\/atlantida-mesa.jpg",600,400,false],"thumbnail":["https:\/\/diariotiempo.com.uy\/noticias\/wp-content\/uploads\/2025\/11\/atlantida-mesa-150x150.jpg",150,150,true],"medium":["https:\/\/diariotiempo.com.uy\/noticias\/wp-content\/uploads\/2025\/11\/atlantida-mesa-300x200.jpg",300,200,true],"medium_large":["https:\/\/diariotiempo.com.uy\/noticias\/wp-content\/uploads\/2025\/11\/atlantida-mesa.jpg",600,400,false],"large":["https:\/\/diariotiempo.com.uy\/noticias\/wp-content\/uploads\/2025\/11\/atlantida-mesa.jpg",600,400,false],"rpg_gallery_admin_thumb":["https:\/\/diariotiempo.com.uy\/noticias\/wp-content\/uploads\/2025\/11\/atlantida-mesa-150x150.jpg",150,150,true],"rpg_gallery_thumb":["https:\/\/diariotiempo.com.uy\/noticias\/wp-content\/uploads\/2025\/11\/atlantida-mesa-150x150.jpg",150,150,true],"1536x1536":["https:\/\/diariotiempo.com.uy\/noticias\/wp-content\/uploads\/2025\/11\/atlantida-mesa.jpg",600,400,false],"2048x2048":["https:\/\/diariotiempo.com.uy\/noticias\/wp-content\/uploads\/2025\/11\/atlantida-mesa.jpg",600,400,false],"covernews-slider-full":["https:\/\/diariotiempo.com.uy\/noticias\/wp-content\/uploads\/2025\/11\/atlantida-mesa.jpg",600,400,false],"covernews-slider-center":["https:\/\/diariotiempo.com.uy\/noticias\/wp-content\/uploads\/2025\/11\/atlantida-mesa.jpg",600,400,false],"covernews-featured":["https:\/\/diariotiempo.com.uy\/noticias\/wp-content\/uploads\/2025\/11\/atlantida-mesa.jpg",600,400,false],"covernews-medium":["https:\/\/diariotiempo.com.uy\/noticias\/wp-content\/uploads\/2025\/11\/atlantida-mesa-540x340.jpg",540,340,true],"covernews-medium-square":["https:\/\/diariotiempo.com.uy\/noticias\/wp-content\/uploads\/2025\/11\/atlantida-mesa-400x250.jpg",400,250,true]},"author_info":{"display_name":"diario","author_link":"https:\/\/diariotiempo.com.uy\/noticias\/author\/diario\/"},"category_info":"<a href=\"https:\/\/diariotiempo.com.uy\/noticias\/category\/departamental\/atlantida\/\" rel=\"category tag\">Atl\u00e1ntida<\/a>","tag_info":"Atl\u00e1ntida","comment_count":"0","_links":{"self":[{"href":"https:\/\/diariotiempo.com.uy\/noticias\/wp-json\/wp\/v2\/posts\/21304","targetHints":{"allow":["GET"]}}],"collection":[{"href":"https:\/\/diariotiempo.com.uy\/noticias\/wp-json\/wp\/v2\/posts"}],"about":[{"href":"https:\/\/diariotiempo.com.uy\/noticias\/wp-json\/wp\/v2\/types\/post"}],"author":[{"embeddable":true,"href":"https:\/\/diariotiempo.com.uy\/noticias\/wp-json\/wp\/v2\/users\/1"}],"replies":[{"embeddable":true,"href":"https:\/\/diariotiempo.com.uy\/noticias\/wp-json\/wp\/v2\/comments?post=21304"}],"version-history":[{"count":1,"href":"https:\/\/diariotiempo.com.uy\/noticias\/wp-json\/wp\/v2\/posts\/21304\/revisions"}],"predecessor-version":[{"id":21307,"href":"https:\/\/diariotiempo.com.uy\/noticias\/wp-json\/wp\/v2\/posts\/21304\/revisions\/21307"}],"wp:featuredmedia":[{"embeddable":true,"href":"https:\/\/diariotiempo.com.uy\/noticias\/wp-json\/wp\/v2\/media\/21306"}],"wp:attachment":[{"href":"https:\/\/diariotiempo.com.uy\/noticias\/wp-json\/wp\/v2\/media?parent=21304"}],"wp:term":[{"taxonomy":"category","embeddable":true,"href":"https:\/\/diariotiempo.com.uy\/noticias\/wp-json\/wp\/v2\/categories?post=21304"},{"taxonomy":"post_tag","embeddable":true,"href":"https:\/\/diariotiempo.com.uy\/noticias\/wp-json\/wp\/v2\/tags?post=21304"}],"curies":[{"name":"wp","href":"https:\/\/api.w.org\/{rel}","templated":true}]}}