{"id":21402,"date":"2025-11-21T15:17:38","date_gmt":"2025-11-21T15:17:38","guid":{"rendered":"https:\/\/diariotiempo.com.uy\/noticias\/?p=21402"},"modified":"2025-11-21T15:17:40","modified_gmt":"2025-11-21T15:17:40","slug":"nuevo-tramo-del-paseo-costero-conecta-canelones-y-montevideo-para-disfrute-de-peatones-y-ciclistas","status":"publish","type":"post","link":"https:\/\/diariotiempo.com.uy\/noticias\/2025\/11\/21\/nuevo-tramo-del-paseo-costero-conecta-canelones-y-montevideo-para-disfrute-de-peatones-y-ciclistas\/","title":{"rendered":"Nuevo tramo del paseo costero conecta Canelones y Montevideo para disfrute de peatones y ciclistas"},"content":{"rendered":"\n<figure class=\"wp-block-gallery has-nested-images columns-default is-cropped wp-block-gallery-1 is-layout-flex wp-block-gallery-is-layout-flex\">\n<figure class=\"wp-block-image size-large\"><img loading=\"lazy\" decoding=\"async\" width=\"700\" height=\"467\" data-id=\"21403\" src=\"https:\/\/diariotiempo.com.uy\/noticias\/wp-content\/uploads\/2025\/11\/RAMBLA-DOS.jpg\" alt=\"\" class=\"wp-image-21403\" srcset=\"https:\/\/diariotiempo.com.uy\/noticias\/wp-content\/uploads\/2025\/11\/RAMBLA-DOS.jpg 700w, https:\/\/diariotiempo.com.uy\/noticias\/wp-content\/uploads\/2025\/11\/RAMBLA-DOS-300x200.jpg 300w\" sizes=\"auto, (max-width: 700px) 100vw, 700px\" \/><\/figure>\n\n\n\n<figure class=\"wp-block-image size-large\"><img loading=\"lazy\" decoding=\"async\" width=\"700\" height=\"394\" data-id=\"21404\" src=\"https:\/\/diariotiempo.com.uy\/noticias\/wp-content\/uploads\/2025\/11\/RAMBLA-TRES.jpg\" alt=\"\" class=\"wp-image-21404\" srcset=\"https:\/\/diariotiempo.com.uy\/noticias\/wp-content\/uploads\/2025\/11\/RAMBLA-TRES.jpg 700w, https:\/\/diariotiempo.com.uy\/noticias\/wp-content\/uploads\/2025\/11\/RAMBLA-TRES-300x169.jpg 300w\" sizes=\"auto, (max-width: 700px) 100vw, 700px\" \/><\/figure>\n\n\n\n<figure class=\"wp-block-image size-large\"><img loading=\"lazy\" decoding=\"async\" width=\"700\" height=\"394\" data-id=\"21405\" src=\"https:\/\/diariotiempo.com.uy\/noticias\/wp-content\/uploads\/2025\/11\/RAMBLA.png\" alt=\"\" class=\"wp-image-21405\" srcset=\"https:\/\/diariotiempo.com.uy\/noticias\/wp-content\/uploads\/2025\/11\/RAMBLA.png 700w, https:\/\/diariotiempo.com.uy\/noticias\/wp-content\/uploads\/2025\/11\/RAMBLA-300x169.png 300w\" sizes=\"auto, (max-width: 700px) 100vw, 700px\" \/><\/figure>\n\n\n\n<figure class=\"wp-block-image size-large\"><img loading=\"lazy\" decoding=\"async\" width=\"800\" height=\"432\" data-id=\"21406\" src=\"https:\/\/diariotiempo.com.uy\/noticias\/wp-content\/uploads\/2025\/11\/RAMBLA-CINTA.png\" alt=\"\" class=\"wp-image-21406\" srcset=\"https:\/\/diariotiempo.com.uy\/noticias\/wp-content\/uploads\/2025\/11\/RAMBLA-CINTA.png 800w, https:\/\/diariotiempo.com.uy\/noticias\/wp-content\/uploads\/2025\/11\/RAMBLA-CINTA-300x162.png 300w, https:\/\/diariotiempo.com.uy\/noticias\/wp-content\/uploads\/2025\/11\/RAMBLA-CINTA-768x415.png 768w\" sizes=\"auto, (max-width: 800px) 100vw, 800px\" \/><\/figure>\n<\/figure>\n\n\n\n<p>El paseo costero de la rambla de Ciudad de la Costa y Paso Carrasco ahora est\u00e1 completo y suma una nueva v\u00eda de acceso para peatones y ciclistas con Montevideo. Autoridades del Gobierno de Canelones, junto a vecinos y vecinas, inauguraron 3.600 metros de una bicisenda y faja peatonal para el disfrute de quienes residen en la zona.<\/p>\n\n\n\n<p>Mar\u00eda Victoria, una de las vecinas que se hizo presente en la inauguraci\u00f3n, destac\u00f3 que \u201cnosotros usamos pila la rambla y esto es divino para poder unir todo. Para el barrio es b\u00e1rbaro. Estamos content\u00edsimos\u201d. Por su parte, Pablo, uno de los integrantes del colectivo Rolleros de la Costa, resalt\u00f3 que \u201clo m\u00e1s importante, en este punto m\u00e1s que nada, es la conexi\u00f3n con Montevideo; es algo que se estaba esperando hace muchos a\u00f1os. Tambi\u00e9n es muy importante para acceder a la pista de PatinLandia en el Parque Roosevelt desde la rambla\u201d. <\/p>\n\n\n\n<p>A medida que el sol se iba ocultando sobre la costa que bordea el paseo costero, muchos vecinos y colectivos de ciclistas y patinadores se acercaron no solo a presenciar la inauguraci\u00f3n, sino tambi\u00e9n para ya empezar a hacer uso de la nueva infraestructura. Tambi\u00e9n estuvo presente el presidente de la Rep\u00fablica, Yamand\u00fa Orsi, quien casualmente pasaba por la zona y se sum\u00f3 a los presentes. Coment\u00f3 que \u201cha sido un buen trabajo y ahora hay que pedalear desde Ciudad Vieja hasta El Pinar\u201d, haciendo referencia a que esta iniciativa tuvo un fuerte impulso durante su mandato al frente del Gobierno de Canelones. \u00a0Jorge, otro de los vecinos que dijo presente en la inauguraci\u00f3n y residente de la zona desde hace m\u00e1s de 35 a\u00f1os, hizo hincapi\u00e9 en que \u201cuno diariamente ve c\u00f3mo la gente lo disfruta, camina, anda en bicicleta, en patines. Est\u00e1n las familias, llevan a sus mascotas. Es un paseo muy lindo que adem\u00e1s nos permite disfrutar la playa y tambi\u00e9n nos va a permitir visualizar la importancia que tiene el cuidado de las dunas y el cuidado de toda la flora costera\u201d. Por su parte, el coordinador del colectivo MusiM\u00f3vil, Pedro Brito del Pino, la defini\u00f3 como \u201cla comuni\u00f3n entre los dos departamentos, entre Montevideo y Canelones. Sentimos que esto es el comienzo de algo hermoso\u201d. Haciendo uso de la palabra, el intendente de Canelones, Francisco Legnani, destac\u00f3 que a trav\u00e9s de esta obra \u201cestamos conectando Ciudad Vieja con El Pinar. <\/p>\n\n\n\n<p>Son m\u00e1s de 30 kil\u00f3metros de rambla, que es una de las maneras de integraci\u00f3n que tenemos con Montevideo\u201d. Agreg\u00f3 adem\u00e1s que \u201cse vuelca much\u00edsimo la gente, sobre todo a partir de ahora y por lo que dure el verano, a esta zona de la costa que es la rambla, as\u00ed que es sumamente disfrutable\u201d. La obra se realiz\u00f3 de forma conjunta con la Oficina de Planeamiento y Presupuesto (OPP), a trav\u00e9s del Fondo de Desarrollo del Interior (FDI). Incorpora pavimento, bicisenda, mobiliario urbano, rampas, cord\u00f3n cuneta, alcantarillas, bocas de tormenta y se\u00f1alizaci\u00f3n horizontal, paradas de \u00f3mnibus y carteler\u00eda informativa. Concreta as\u00ed una v\u00eda de conexi\u00f3n con la rambla de Montevideo y consolida en esta zona de Canelones unos 12,7 kil\u00f3metros contiguos de paseo costero. La directora general de Obras del Gobierno de Canelones, Laura Morales, explic\u00f3 que era un reclamo de varios a\u00f1os la concreci\u00f3n de este \u00faltimo tramo del paseo costero sobre la zona de Barra de Carrasco. <\/p>\n\n\n\n<p>El costo de la obra fue de $ 87.000.000, de los cuales un 85 % provinieron del FDI y el restante 15 % de recursos del gobierno departamental. Morales agreg\u00f3 adem\u00e1s que \u201chay una segunda etapa de trabajo que viene, que es lo que falta, que es el alumbrado, que est\u00e1 colocado hasta Avenida Calcagno al d\u00eda de hoy. Es una segunda etapa que va a implicar el alumbrado de toda esta zona hasta llegar a Montevideo\u201d. Participaron de la inauguraci\u00f3n el director de la Coordinaci\u00f3n Institucional de la Intendencia de Montevideo, Justo Onandi, y autoridades de la empresa Grinor, encargada de desarrollar la obra, as\u00ed como los alcaldes Luis Mart\u00ednez y Julia Matilla, de los municipios de Paso Carrasco y Ciudad de la Costa respectivamente.\u00a0<\/p>\n\n\n\n<p><\/p>\n","protected":false},"excerpt":{"rendered":"<p>El paseo costero de la rambla de Ciudad de la Costa y Paso Carrasco ahora&#8230;<\/p>\n","protected":false},"author":1,"featured_media":21406,"comment_status":"closed","ping_status":"closed","sticky":false,"template":"","format":"standard","meta":{"_monsterinsights_skip_tracking":false,"_monsterinsights_sitenote_active":false,"_monsterinsights_sitenote_note":"","_monsterinsights_sitenote_category":0,"footnotes":""},"categories":[11],"tags":[],"class_list":["post-21402","post","type-post","status-publish","format-standard","has-post-thumbnail","hentry","category-noticia-destacada"],"featured_image_urls":{"full":["https:\/\/diariotiempo.com.uy\/noticias\/wp-content\/uploads\/2025\/11\/RAMBLA-CINTA.png",800,432,false],"thumbnail":["https:\/\/diariotiempo.com.uy\/noticias\/wp-content\/uploads\/2025\/11\/RAMBLA-CINTA-150x150.png",150,150,true],"medium":["https:\/\/diariotiempo.com.uy\/noticias\/wp-content\/uploads\/2025\/11\/RAMBLA-CINTA-300x162.png",300,162,true],"medium_large":["https:\/\/diariotiempo.com.uy\/noticias\/wp-content\/uploads\/2025\/11\/RAMBLA-CINTA-768x415.png",640,346,true],"large":["https:\/\/diariotiempo.com.uy\/noticias\/wp-content\/uploads\/2025\/11\/RAMBLA-CINTA.png",640,346,false],"rpg_gallery_admin_thumb":["https:\/\/diariotiempo.com.uy\/noticias\/wp-content\/uploads\/2025\/11\/RAMBLA-CINTA-150x150.png",150,150,true],"rpg_gallery_thumb":["https:\/\/diariotiempo.com.uy\/noticias\/wp-content\/uploads\/2025\/11\/RAMBLA-CINTA-150x150.png",150,150,true],"1536x1536":["https:\/\/diariotiempo.com.uy\/noticias\/wp-content\/uploads\/2025\/11\/RAMBLA-CINTA.png",800,432,false],"2048x2048":["https:\/\/diariotiempo.com.uy\/noticias\/wp-content\/uploads\/2025\/11\/RAMBLA-CINTA.png",800,432,false],"covernews-slider-full":["https:\/\/diariotiempo.com.uy\/noticias\/wp-content\/uploads\/2025\/11\/RAMBLA-CINTA.png",800,432,false],"covernews-slider-center":["https:\/\/diariotiempo.com.uy\/noticias\/wp-content\/uploads\/2025\/11\/RAMBLA-CINTA.png",800,432,false],"covernews-featured":["https:\/\/diariotiempo.com.uy\/noticias\/wp-content\/uploads\/2025\/11\/RAMBLA-CINTA.png",800,432,false],"covernews-medium":["https:\/\/diariotiempo.com.uy\/noticias\/wp-content\/uploads\/2025\/11\/RAMBLA-CINTA-540x340.png",540,340,true],"covernews-medium-square":["https:\/\/diariotiempo.com.uy\/noticias\/wp-content\/uploads\/2025\/11\/RAMBLA-CINTA-400x250.png",400,250,true]},"author_info":{"display_name":"diario","author_link":"https:\/\/diariotiempo.com.uy\/noticias\/author\/diario\/"},"category_info":"<a href=\"https:\/\/diariotiempo.com.uy\/noticias\/category\/noticia-destacada\/\" rel=\"category tag\">NOTICIA DESTACADA<\/a>","tag_info":"NOTICIA DESTACADA","comment_count":"0","_links":{"self":[{"href":"https:\/\/diariotiempo.com.uy\/noticias\/wp-json\/wp\/v2\/posts\/21402","targetHints":{"allow":["GET"]}}],"collection":[{"href":"https:\/\/diariotiempo.com.uy\/noticias\/wp-json\/wp\/v2\/posts"}],"about":[{"href":"https:\/\/diariotiempo.com.uy\/noticias\/wp-json\/wp\/v2\/types\/post"}],"author":[{"embeddable":true,"href":"https:\/\/diariotiempo.com.uy\/noticias\/wp-json\/wp\/v2\/users\/1"}],"replies":[{"embeddable":true,"href":"https:\/\/diariotiempo.com.uy\/noticias\/wp-json\/wp\/v2\/comments?post=21402"}],"version-history":[{"count":1,"href":"https:\/\/diariotiempo.com.uy\/noticias\/wp-json\/wp\/v2\/posts\/21402\/revisions"}],"predecessor-version":[{"id":21407,"href":"https:\/\/diariotiempo.com.uy\/noticias\/wp-json\/wp\/v2\/posts\/21402\/revisions\/21407"}],"wp:featuredmedia":[{"embeddable":true,"href":"https:\/\/diariotiempo.com.uy\/noticias\/wp-json\/wp\/v2\/media\/21406"}],"wp:attachment":[{"href":"https:\/\/diariotiempo.com.uy\/noticias\/wp-json\/wp\/v2\/media?parent=21402"}],"wp:term":[{"taxonomy":"category","embeddable":true,"href":"https:\/\/diariotiempo.com.uy\/noticias\/wp-json\/wp\/v2\/categories?post=21402"},{"taxonomy":"post_tag","embeddable":true,"href":"https:\/\/diariotiempo.com.uy\/noticias\/wp-json\/wp\/v2\/tags?post=21402"}],"curies":[{"name":"wp","href":"https:\/\/api.w.org\/{rel}","templated":true}]}}