{"id":21411,"date":"2025-11-21T15:21:41","date_gmt":"2025-11-21T15:21:41","guid":{"rendered":"https:\/\/diariotiempo.com.uy\/noticias\/?p=21411"},"modified":"2025-11-21T15:21:42","modified_gmt":"2025-11-21T15:21:42","slug":"camara-comercial-de-pando-recibio-el-primer-taller-de-apoyo-a-mipymes-del-departamento-de-canelones-y-brou","status":"publish","type":"post","link":"https:\/\/diariotiempo.com.uy\/noticias\/2025\/11\/21\/camara-comercial-de-pando-recibio-el-primer-taller-de-apoyo-a-mipymes-del-departamento-de-canelones-y-brou\/","title":{"rendered":"C\u00e1mara Comercial de Pando recibi\u00f3 el primer taller de apoyo a mipymes del departamento de Canelones y BROU"},"content":{"rendered":"\n<figure class=\"wp-block-gallery has-nested-images columns-default is-cropped wp-block-gallery-1 is-layout-flex wp-block-gallery-is-layout-flex\">\n<figure class=\"wp-block-image size-large\"><img loading=\"lazy\" decoding=\"async\" width=\"700\" height=\"466\" data-id=\"21412\" src=\"https:\/\/diariotiempo.com.uy\/noticias\/wp-content\/uploads\/2025\/11\/camara.jpg\" alt=\"\" class=\"wp-image-21412\" srcset=\"https:\/\/diariotiempo.com.uy\/noticias\/wp-content\/uploads\/2025\/11\/camara.jpg 700w, https:\/\/diariotiempo.com.uy\/noticias\/wp-content\/uploads\/2025\/11\/camara-300x200.jpg 300w\" sizes=\"auto, (max-width: 700px) 100vw, 700px\" \/><\/figure>\n\n\n\n<figure class=\"wp-block-image size-large\"><img loading=\"lazy\" decoding=\"async\" width=\"700\" height=\"467\" data-id=\"21413\" src=\"https:\/\/diariotiempo.com.uy\/noticias\/wp-content\/uploads\/2025\/11\/camara2.jpg\" alt=\"\" class=\"wp-image-21413\" srcset=\"https:\/\/diariotiempo.com.uy\/noticias\/wp-content\/uploads\/2025\/11\/camara2.jpg 700w, https:\/\/diariotiempo.com.uy\/noticias\/wp-content\/uploads\/2025\/11\/camara2-300x200.jpg 300w\" sizes=\"auto, (max-width: 700px) 100vw, 700px\" \/><\/figure>\n<\/figure>\n\n\n\n<p>En un proyecto global que busca impulsar, guiar y acompa\u00f1ar el fortalecimiento de las peque\u00f1as y medianas empresas en el departamento, el Gobierno de Canelones y el Banco Rep\u00fablica (BROU) ponen a disposici\u00f3n de los emprendedores de peque\u00f1as empresas y comercios talleres para conocer las herramientas con las que dispone el banco.<\/p>\n\n\n\n<p>La primera de estas actividades se desarroll\u00f3 en las instalaciones del Centro Comercial, Industrial y Agrario de Pando, con el apoyo de esta instituci\u00f3n de larga trayectoria, que cuenta con m\u00e1s de 600 socios y colaboradores que hacen posible el fortalecimiento de esta ciudad en el departamento.Tambi\u00e9n el Municipio de Pando acompa\u00f1\u00f3 esta iniciativa. El alcalde Mauricio Chiesa estuvo presente en la reuni\u00f3n y valor\u00f3 que se trat\u00f3 de una instancia en la que se mostraron las herramientas del banco, ya que son pol\u00edticas que buscan llegar a m\u00e1s gente. En esta l\u00ednea, opin\u00f3 que estas instancias son muy importantes porque le permiten a los distintos actores que toman decisiones conocer cu\u00e1les son las necesidades de los interesados.La directora de la Unidad de Apoyo a Mipymes del Gobierno de Canelones, Rinela Camejo, hizo \u00e9nfasis en el hecho de que el gobierno departamental \u201cest\u00e1 tratando de hacer llegar a los ciudadanos la informaci\u00f3n sobre las pol\u00edticas p\u00fablicas que existen a nivel nacional, en muchos casos por desconocimiento y en otros porque se debe relanzar programas que se lanzaron una vez y que transcurrido el tiempo se deben reforzar para llegar a todos los comerciantes, empresas y emprendedores\u201d. La directora resalt\u00f3 la importancia de estos encuentros porque \u00abson espacios de formaci\u00f3n e informaci\u00f3n para las pymes de Canelones\u201d. Valor\u00f3 positivamente la participaci\u00f3n del Centro Comercial e Industrial de Pando y del Centro Pymes de la Agencia Nacional de Desarrollo, concluyendo que es un objetivo central de su direcci\u00f3n desarrollar pol\u00edticas p\u00fablicas complementarias con las nacionales y lograr que estas \u201clleguen a m\u00e1s gente, porque el desarrollo de las mipymes es el desarrollo de Canelones\u201d.En ese sentido, el gerente de la sucursal de Pando del BROU, Brian Lain, destac\u00f3 que \u201cestas instancias son muy enriquecedoras\u201d, agregando que el banco tienen una oferta muy amplia de opciones de acuerdo a las necesidades de cada uno. Por su parte Patricia S\u00e1nchez, gerente de Productos, expres\u00f3 que \u201cpara el banco es un pilar estrat\u00e9gico posicionarse cerca de la gente, y que se conozcan los productos y servicios que ofrece, con financiamientos a corto y largo plazo\u201d. Gabriela Fern\u00e1ndez, gerente ejecutiva del brou, agreg\u00f3 que \u201cnuestra idea es acercar la oferta que tenemos para los comerciantes y productores de la zona\u201d.La gerente del Centro Comercial Industrial y Agrario de Pando, Leticia Banquero, destac\u00f3 que \u201cnosotros como intermediarios de las consultas y dificultades de la gesti\u00f3n para la peque\u00f1a y mediana empresa, consideramos estas instancias como muy valiosas y queremos que nuestros socios las aprovechen al m\u00e1ximo\u201d.La pr\u00f3xima actividad con similares caracter\u00edsticas se desarrollar\u00e1 el pr\u00f3ximo martes 18 de noviembre a la hora 19:00 en Atl\u00e1ntida.<\/p>\n\n\n\n<p>Fotos IMC<\/p>\n","protected":false},"excerpt":{"rendered":"<p>En un proyecto global que busca impulsar, guiar y acompa\u00f1ar el fortalecimiento de las peque\u00f1as&#8230;<\/p>\n","protected":false},"author":1,"featured_media":21413,"comment_status":"closed","ping_status":"closed","sticky":false,"template":"","format":"standard","meta":{"_monsterinsights_skip_tracking":false,"_monsterinsights_sitenote_active":false,"_monsterinsights_sitenote_note":"","_monsterinsights_sitenote_category":0,"footnotes":""},"categories":[19],"tags":[],"class_list":["post-21411","post","type-post","status-publish","format-standard","has-post-thumbnail","hentry","category-pando"],"featured_image_urls":{"full":["https:\/\/diariotiempo.com.uy\/noticias\/wp-content\/uploads\/2025\/11\/camara2.jpg",700,467,false],"thumbnail":["https:\/\/diariotiempo.com.uy\/noticias\/wp-content\/uploads\/2025\/11\/camara2-150x150.jpg",150,150,true],"medium":["https:\/\/diariotiempo.com.uy\/noticias\/wp-content\/uploads\/2025\/11\/camara2-300x200.jpg",300,200,true],"medium_large":["https:\/\/diariotiempo.com.uy\/noticias\/wp-content\/uploads\/2025\/11\/camara2.jpg",640,427,false],"large":["https:\/\/diariotiempo.com.uy\/noticias\/wp-content\/uploads\/2025\/11\/camara2.jpg",640,427,false],"rpg_gallery_admin_thumb":["https:\/\/diariotiempo.com.uy\/noticias\/wp-content\/uploads\/2025\/11\/camara2-150x150.jpg",150,150,true],"rpg_gallery_thumb":["https:\/\/diariotiempo.com.uy\/noticias\/wp-content\/uploads\/2025\/11\/camara2-150x150.jpg",150,150,true],"1536x1536":["https:\/\/diariotiempo.com.uy\/noticias\/wp-content\/uploads\/2025\/11\/camara2.jpg",700,467,false],"2048x2048":["https:\/\/diariotiempo.com.uy\/noticias\/wp-content\/uploads\/2025\/11\/camara2.jpg",700,467,false],"covernews-slider-full":["https:\/\/diariotiempo.com.uy\/noticias\/wp-content\/uploads\/2025\/11\/camara2.jpg",700,467,false],"covernews-slider-center":["https:\/\/diariotiempo.com.uy\/noticias\/wp-content\/uploads\/2025\/11\/camara2.jpg",700,467,false],"covernews-featured":["https:\/\/diariotiempo.com.uy\/noticias\/wp-content\/uploads\/2025\/11\/camara2.jpg",700,467,false],"covernews-medium":["https:\/\/diariotiempo.com.uy\/noticias\/wp-content\/uploads\/2025\/11\/camara2-540x340.jpg",540,340,true],"covernews-medium-square":["https:\/\/diariotiempo.com.uy\/noticias\/wp-content\/uploads\/2025\/11\/camara2-400x250.jpg",400,250,true]},"author_info":{"display_name":"diario","author_link":"https:\/\/diariotiempo.com.uy\/noticias\/author\/diario\/"},"category_info":"<a href=\"https:\/\/diariotiempo.com.uy\/noticias\/category\/departamental\/pando\/\" rel=\"category tag\">Pando<\/a>","tag_info":"Pando","comment_count":"0","_links":{"self":[{"href":"https:\/\/diariotiempo.com.uy\/noticias\/wp-json\/wp\/v2\/posts\/21411","targetHints":{"allow":["GET"]}}],"collection":[{"href":"https:\/\/diariotiempo.com.uy\/noticias\/wp-json\/wp\/v2\/posts"}],"about":[{"href":"https:\/\/diariotiempo.com.uy\/noticias\/wp-json\/wp\/v2\/types\/post"}],"author":[{"embeddable":true,"href":"https:\/\/diariotiempo.com.uy\/noticias\/wp-json\/wp\/v2\/users\/1"}],"replies":[{"embeddable":true,"href":"https:\/\/diariotiempo.com.uy\/noticias\/wp-json\/wp\/v2\/comments?post=21411"}],"version-history":[{"count":1,"href":"https:\/\/diariotiempo.com.uy\/noticias\/wp-json\/wp\/v2\/posts\/21411\/revisions"}],"predecessor-version":[{"id":21414,"href":"https:\/\/diariotiempo.com.uy\/noticias\/wp-json\/wp\/v2\/posts\/21411\/revisions\/21414"}],"wp:featuredmedia":[{"embeddable":true,"href":"https:\/\/diariotiempo.com.uy\/noticias\/wp-json\/wp\/v2\/media\/21413"}],"wp:attachment":[{"href":"https:\/\/diariotiempo.com.uy\/noticias\/wp-json\/wp\/v2\/media?parent=21411"}],"wp:term":[{"taxonomy":"category","embeddable":true,"href":"https:\/\/diariotiempo.com.uy\/noticias\/wp-json\/wp\/v2\/categories?post=21411"},{"taxonomy":"post_tag","embeddable":true,"href":"https:\/\/diariotiempo.com.uy\/noticias\/wp-json\/wp\/v2\/tags?post=21411"}],"curies":[{"name":"wp","href":"https:\/\/api.w.org\/{rel}","templated":true}]}}