{"id":21422,"date":"2025-11-21T15:26:51","date_gmt":"2025-11-21T15:26:51","guid":{"rendered":"https:\/\/diariotiempo.com.uy\/noticias\/?p=21422"},"modified":"2025-11-21T15:26:54","modified_gmt":"2025-11-21T15:26:54","slug":"convocatoria-abierta-para-construir-registro-fotografico-de-unesco","status":"publish","type":"post","link":"https:\/\/diariotiempo.com.uy\/noticias\/2025\/11\/21\/convocatoria-abierta-para-construir-registro-fotografico-de-unesco\/","title":{"rendered":"Convocatoria abierta para construir registro fotogr\u00e1fico de UNESCO"},"content":{"rendered":"\n<figure class=\"wp-block-image size-full\"><img loading=\"lazy\" decoding=\"async\" width=\"800\" height=\"432\" src=\"https:\/\/diariotiempo.com.uy\/noticias\/wp-content\/uploads\/2025\/11\/IGLESIA.jpg\" alt=\"\" class=\"wp-image-21423\" srcset=\"https:\/\/diariotiempo.com.uy\/noticias\/wp-content\/uploads\/2025\/11\/IGLESIA.jpg 800w, https:\/\/diariotiempo.com.uy\/noticias\/wp-content\/uploads\/2025\/11\/IGLESIA-300x162.jpg 300w, https:\/\/diariotiempo.com.uy\/noticias\/wp-content\/uploads\/2025\/11\/IGLESIA-768x415.jpg 768w\" sizes=\"auto, (max-width: 800px) 100vw, 800px\" \/><\/figure>\n\n\n\n<p>En el marco de los 80 a\u00f1os de la UNESCO, la Oficina Regional de la UNESCO en Montevideo y la Comisi\u00f3n Nacional de Uruguay para la UNESCO (COMINAL) lanzan la convocatoria al Registro Fotogr\u00e1fico \u201cRutas UNESCO Uruguay 2025\u201d, una iniciativa abierta y colaborativa que busca conformar un acervo visual del patrimonio uruguayo reconocido por las designaciones UNESCO y su red de trabajo territorial. El objetivo del llamado es poner en valor el patrimonio cultural y natural del pa\u00eds, fortalecer el turismo responsable y sostenible, y promover la apropiaci\u00f3n comunitaria y educativa del patrimonio. A trav\u00e9s de las fotograf\u00edas, se invita a captar las m\u00faltiples miradas que habitan estos territorios y a reflejar la diversidad, accesibilidad e inclusi\u00f3n que caracterizan al patrimonio uruguayo. \u201cNo se trata de competir, sino de co-crear una cartograf\u00eda visual nacional que refleje diversidad, accesibilidad e inclusi\u00f3n\u201d, destaca la convocatoria, que promueve la participaci\u00f3n de comunidades, instituciones y gobiernos locales en un proceso colaborativo de construcci\u00f3n de memoria.El registro incluir\u00e1 im\u00e1genes de sitios de patrimonio mundial declarados por UNESCO como para el caso de Canelones, la Iglesia de Cristo Obrero y Nuestra Se\u00f1ora de Lourdes ubicada en Estaci\u00f3n Atl\u00e1ntida. Adem\u00e1s, manifestaciones del patrimonio cultural uruguayo como el Tango y el Candombe y otras \u00e1reas protegidas que posee nuestro pa\u00eds. &nbsp;Podr\u00e1n participar fot\u00f3grafos profesionales y amateurs, estudiantes, docentes, gu\u00edas, guardaparques, operadores tur\u00edsticos, colectivos culturales y ambientales, instituciones p\u00fablicas y privadas y las intendencias de Canelones, Cerro Largo, Colonia, Flores, Lavalleja, Maldonado, Montevideo, R\u00edo Negro, Rivera, Rocha, Treinta y Tres.Las fotograf\u00edas podr\u00e1n ser nuevas o de archivo y se recibir\u00e1n en formato digital (JPG o PNG, sin marcas de agua) hasta el 25 de noviembre de 2025 a las 23:59. En Canelones el material podr\u00e1 ser enviado a los correos: marcelo.cuneo@imcanelones.gub.uy yvirginia.vidal@imcanelones.gub.uy<\/p>\n\n\n\n<p>A trav\u00e9s de las fotograf\u00edas, se invita a captar las m\u00faltiples miradas que habitan estos territorios y a reflejar la diversidad, accesibilidad e inclusi\u00f3n que caracterizan al patrimonio uruguayo.<\/p>\n\n\n\n<p><strong>Un registro visual del patrimonio vivo<\/strong><\/p>\n\n\n\n<p>El registro incluir\u00e1 im\u00e1genes de sitios de Patrimonio Mundial como el Barrio Hist\u00f3rico de Colonia del Sacramento, el Paisaje Industrial Fray Bentos y la Iglesia de Cristo Obrero y Nuestra Se\u00f1ora de Lourdes; manifestaciones del Patrimonio Cultural Inmaterial como el Tango y el Candombe; las Reservas de Bi\u00f3sfera Ba\u00f1ados del Este y Bioma Pampa\u2013Quebradas del Norte; el Geoparque Mundial Grutas del Palacio y el sitio aspirante Manantiales Serranos; as\u00ed como la Ciudad Creativa de la Literatura Montevideo. Podr\u00e1n participar fot\u00f3grafos profesionales y amateurs, estudiantes, docentes, gu\u00edas, guardaparques, operadores tur\u00edsticos, colectivos culturales y ambientales, instituciones p\u00fablicas y privadas y las intendencias de Canelones, Cerro Largo, Colonia, Flores, Lavalleja, Maldonado, Montevideo, R\u00edo Negro, Rivera, Rocha, Treinta y Tres. Las fotograf\u00edas podr\u00e1n ser nuevas o de archivo y se recibir\u00e1n en formato digital (JPG o PNG, sin marcas de agua) hasta el 25 de noviembre de 2025 a las 23:59 (hora de Uruguay). Cada participante podr\u00e1 enviar hasta 15 im\u00e1genes, acompa\u00f1adas de los metadatos correspondientes: autor\u00eda, contacto, descripci\u00f3n, lugar y la designaci\u00f3n de la UNESCO vinculada.<\/p>\n\n\n\n<p><strong>Curadur\u00eda y difusi\u00f3n territorial<\/strong><\/p>\n\n\n\n<p>El jurado que llevar\u00e1 adelante la selecci\u00f3n de las fotograf\u00edas est\u00e1 integrado por Mat\u00edas Ponce y Alcira Sandoval (UNESCO), Darwin Pe\u00f1a (Director de Comunicaci\u00f3n Institucional del MEC) y Andrea Vignolo (Directora de Cooperaci\u00f3n Internacional y Proyectos del MEC). Las im\u00e1genes seleccionadas formar\u00e1n parte de la Muestra Virtual \u201cRutas UNESCO Uruguay\u201d, que ser\u00e1 publicada en el sitio web oficial y las redes del proyecto. En 2026, la muestra tendr\u00e1 una itinerancia territorial, con presentaciones y exposiciones en distintos departamentos del pa\u00eds, en coordinaci\u00f3n con las intendencias y aliados institucionales. Los materiales tambi\u00e9n contribuir\u00e1n a actualizar los contenidos del portal Rutas UNESCO Uruguay y servir\u00e1n como recurso para educaci\u00f3n patrimonial, turismo sostenible y comunicaci\u00f3n p\u00fablica, fortaleciendo los v\u00ednculos entre comunidades y territorios.<\/p>\n\n\n\n<p><strong>Derechos y reconocimiento<\/strong><\/p>\n\n\n\n<p>Las fotograf\u00edas mantendr\u00e1n la titularidad de los derechos de autor, pero las personas participantes otorgar\u00e1n una licencia no exclusiva y gratuita a UNESCO y COMINAL para usos institucionales, educativos y de difusi\u00f3n. Todos los materiales utilizados consignar\u00e1n los cr\u00e9ditos de autor\u00eda e instituci\u00f3n de origen. Finalmente, todas las personas e instituciones participantes recibir\u00e1n un certificado digital de participaci\u00f3n. La convocatoria \u201cRutas UNESCO Uruguay 2025\u201d celebra el esp\u00edritu colaborativo de la UNESCO en su 80\u00ba aniversario, promoviendo la mirada plural, la memoria visual y la participaci\u00f3n comunitaria en la protecci\u00f3n y valorizaci\u00f3n del patrimonio uruguayo.<\/p>\n\n\n\n<p><\/p>\n","protected":false},"excerpt":{"rendered":"<p>En el marco de los 80 a\u00f1os de la UNESCO, la Oficina Regional de la&#8230;<\/p>\n","protected":false},"author":1,"featured_media":21423,"comment_status":"closed","ping_status":"closed","sticky":false,"template":"","format":"standard","meta":{"_monsterinsights_skip_tracking":false,"_monsterinsights_sitenote_active":false,"_monsterinsights_sitenote_note":"","_monsterinsights_sitenote_category":0,"footnotes":""},"categories":[4],"tags":[],"class_list":["post-21422","post","type-post","status-publish","format-standard","has-post-thumbnail","hentry","category-departamental"],"featured_image_urls":{"full":["https:\/\/diariotiempo.com.uy\/noticias\/wp-content\/uploads\/2025\/11\/IGLESIA.jpg",800,432,false],"thumbnail":["https:\/\/diariotiempo.com.uy\/noticias\/wp-content\/uploads\/2025\/11\/IGLESIA-150x150.jpg",150,150,true],"medium":["https:\/\/diariotiempo.com.uy\/noticias\/wp-content\/uploads\/2025\/11\/IGLESIA-300x162.jpg",300,162,true],"medium_large":["https:\/\/diariotiempo.com.uy\/noticias\/wp-content\/uploads\/2025\/11\/IGLESIA-768x415.jpg",640,346,true],"large":["https:\/\/diariotiempo.com.uy\/noticias\/wp-content\/uploads\/2025\/11\/IGLESIA.jpg",640,346,false],"rpg_gallery_admin_thumb":["https:\/\/diariotiempo.com.uy\/noticias\/wp-content\/uploads\/2025\/11\/IGLESIA-150x150.jpg",150,150,true],"rpg_gallery_thumb":["https:\/\/diariotiempo.com.uy\/noticias\/wp-content\/uploads\/2025\/11\/IGLESIA-150x150.jpg",150,150,true],"1536x1536":["https:\/\/diariotiempo.com.uy\/noticias\/wp-content\/uploads\/2025\/11\/IGLESIA.jpg",800,432,false],"2048x2048":["https:\/\/diariotiempo.com.uy\/noticias\/wp-content\/uploads\/2025\/11\/IGLESIA.jpg",800,432,false],"covernews-slider-full":["https:\/\/diariotiempo.com.uy\/noticias\/wp-content\/uploads\/2025\/11\/IGLESIA.jpg",800,432,false],"covernews-slider-center":["https:\/\/diariotiempo.com.uy\/noticias\/wp-content\/uploads\/2025\/11\/IGLESIA.jpg",800,432,false],"covernews-featured":["https:\/\/diariotiempo.com.uy\/noticias\/wp-content\/uploads\/2025\/11\/IGLESIA.jpg",800,432,false],"covernews-medium":["https:\/\/diariotiempo.com.uy\/noticias\/wp-content\/uploads\/2025\/11\/IGLESIA-540x340.jpg",540,340,true],"covernews-medium-square":["https:\/\/diariotiempo.com.uy\/noticias\/wp-content\/uploads\/2025\/11\/IGLESIA-400x250.jpg",400,250,true]},"author_info":{"display_name":"diario","author_link":"https:\/\/diariotiempo.com.uy\/noticias\/author\/diario\/"},"category_info":"<a href=\"https:\/\/diariotiempo.com.uy\/noticias\/category\/departamental\/\" rel=\"category tag\">DEPARTAMENTAL<\/a>","tag_info":"DEPARTAMENTAL","comment_count":"0","_links":{"self":[{"href":"https:\/\/diariotiempo.com.uy\/noticias\/wp-json\/wp\/v2\/posts\/21422","targetHints":{"allow":["GET"]}}],"collection":[{"href":"https:\/\/diariotiempo.com.uy\/noticias\/wp-json\/wp\/v2\/posts"}],"about":[{"href":"https:\/\/diariotiempo.com.uy\/noticias\/wp-json\/wp\/v2\/types\/post"}],"author":[{"embeddable":true,"href":"https:\/\/diariotiempo.com.uy\/noticias\/wp-json\/wp\/v2\/users\/1"}],"replies":[{"embeddable":true,"href":"https:\/\/diariotiempo.com.uy\/noticias\/wp-json\/wp\/v2\/comments?post=21422"}],"version-history":[{"count":1,"href":"https:\/\/diariotiempo.com.uy\/noticias\/wp-json\/wp\/v2\/posts\/21422\/revisions"}],"predecessor-version":[{"id":21424,"href":"https:\/\/diariotiempo.com.uy\/noticias\/wp-json\/wp\/v2\/posts\/21422\/revisions\/21424"}],"wp:featuredmedia":[{"embeddable":true,"href":"https:\/\/diariotiempo.com.uy\/noticias\/wp-json\/wp\/v2\/media\/21423"}],"wp:attachment":[{"href":"https:\/\/diariotiempo.com.uy\/noticias\/wp-json\/wp\/v2\/media?parent=21422"}],"wp:term":[{"taxonomy":"category","embeddable":true,"href":"https:\/\/diariotiempo.com.uy\/noticias\/wp-json\/wp\/v2\/categories?post=21422"},{"taxonomy":"post_tag","embeddable":true,"href":"https:\/\/diariotiempo.com.uy\/noticias\/wp-json\/wp\/v2\/tags?post=21422"}],"curies":[{"name":"wp","href":"https:\/\/api.w.org\/{rel}","templated":true}]}}