{"id":21425,"date":"2025-11-21T15:28:56","date_gmt":"2025-11-21T15:28:56","guid":{"rendered":"https:\/\/diariotiempo.com.uy\/noticias\/?p=21425"},"modified":"2025-11-21T15:28:59","modified_gmt":"2025-11-21T15:28:59","slug":"pelicula-uruguaya-la-quinta-de-los-secretosse-exhibio-en-el-centro-cultural-parque-del-plata","status":"publish","type":"post","link":"https:\/\/diariotiempo.com.uy\/noticias\/2025\/11\/21\/pelicula-uruguaya-la-quinta-de-los-secretosse-exhibio-en-el-centro-cultural-parque-del-plata\/","title":{"rendered":"Pel\u00edcula Uruguaya \u00abLa quinta de los secretos\u00bbse exhibi\u00f3 en el Centro Cultural Parque Del Plata\u00a0"},"content":{"rendered":"\n<figure class=\"wp-block-image size-full\"><img loading=\"lazy\" decoding=\"async\" width=\"900\" height=\"540\" src=\"https:\/\/diariotiempo.com.uy\/noticias\/wp-content\/uploads\/2025\/11\/directora.jpg\" alt=\"\" class=\"wp-image-21426\" srcset=\"https:\/\/diariotiempo.com.uy\/noticias\/wp-content\/uploads\/2025\/11\/directora.jpg 900w, https:\/\/diariotiempo.com.uy\/noticias\/wp-content\/uploads\/2025\/11\/directora-300x180.jpg 300w, https:\/\/diariotiempo.com.uy\/noticias\/wp-content\/uploads\/2025\/11\/directora-768x461.jpg 768w\" sizes=\"auto, (max-width: 900px) 100vw, 900px\" \/><\/figure>\n\n\n\n<p>La pel\u00edcula Uruguaya- Francesa sobre Ren\u00e9e Pietrafesa \u00abLa quinta de los secretos\u00bb se exhibi\u00f3 en el Centro Cultural Parque Del Plata y tuvieron \u00abel honor de contar con la presencia de su directora Susana Lastreto Prieto\u00bbDesde el Centro Cultural expresan \u00abCompartimos un breve registro y agradecemos a Susana Lastreto y Mariale Perlini por la disposici\u00f3n y el cari\u00f1o con el que llegaron al centro cultural para conversar con el p\u00fablico la noche de la funci\u00f3n. Muchas gracias tambi\u00e9n a \u00a0todas las personas que se acercaron para conocer la pel\u00edcula y disfrutar de la propuesta.<\/p>\n\n\n\n<p>Construida como una composici\u00f3n musical la pel\u00edcula alterna fragmentos de conciertos filmados en la casa de Ren\u00e9e, compositora en primer lugar, directora de orquesta, m\u00fasica, pero tambi\u00e9n pintora de m\u00e1s de doscientos cuadros y animadora de talleres de m\u00fasica para ni\u00f1os y adultos en la sala de conciertos de la Quinta del Arte y en la televisi\u00f3n uruguaya. El documental no pretende contar la vida de una m\u00fasica famosa, sino acercarse a ella como en puntas de pie y dejar que su alma, como la de los violines, se revele a trav\u00e9s de su arte.Foto CCPP<\/p>\n\n\n\n<p><\/p>\n","protected":false},"excerpt":{"rendered":"<p>La pel\u00edcula Uruguaya- Francesa sobre Ren\u00e9e Pietrafesa \u00abLa quinta de los secretos\u00bb se exhibi\u00f3 en&#8230;<\/p>\n","protected":false},"author":1,"featured_media":21426,"comment_status":"closed","ping_status":"closed","sticky":false,"template":"","format":"standard","meta":{"_monsterinsights_skip_tracking":false,"_monsterinsights_sitenote_active":false,"_monsterinsights_sitenote_note":"","_monsterinsights_sitenote_category":0,"footnotes":""},"categories":[20],"tags":[],"class_list":["post-21425","post","type-post","status-publish","format-standard","has-post-thumbnail","hentry","category-costa-de-oro"],"featured_image_urls":{"full":["https:\/\/diariotiempo.com.uy\/noticias\/wp-content\/uploads\/2025\/11\/directora.jpg",900,540,false],"thumbnail":["https:\/\/diariotiempo.com.uy\/noticias\/wp-content\/uploads\/2025\/11\/directora-150x150.jpg",150,150,true],"medium":["https:\/\/diariotiempo.com.uy\/noticias\/wp-content\/uploads\/2025\/11\/directora-300x180.jpg",300,180,true],"medium_large":["https:\/\/diariotiempo.com.uy\/noticias\/wp-content\/uploads\/2025\/11\/directora-768x461.jpg",640,384,true],"large":["https:\/\/diariotiempo.com.uy\/noticias\/wp-content\/uploads\/2025\/11\/directora.jpg",640,384,false],"rpg_gallery_admin_thumb":["https:\/\/diariotiempo.com.uy\/noticias\/wp-content\/uploads\/2025\/11\/directora-150x150.jpg",150,150,true],"rpg_gallery_thumb":["https:\/\/diariotiempo.com.uy\/noticias\/wp-content\/uploads\/2025\/11\/directora-150x150.jpg",150,150,true],"1536x1536":["https:\/\/diariotiempo.com.uy\/noticias\/wp-content\/uploads\/2025\/11\/directora.jpg",900,540,false],"2048x2048":["https:\/\/diariotiempo.com.uy\/noticias\/wp-content\/uploads\/2025\/11\/directora.jpg",900,540,false],"covernews-slider-full":["https:\/\/diariotiempo.com.uy\/noticias\/wp-content\/uploads\/2025\/11\/directora.jpg",900,540,false],"covernews-slider-center":["https:\/\/diariotiempo.com.uy\/noticias\/wp-content\/uploads\/2025\/11\/directora-800x500.jpg",800,500,true],"covernews-featured":["https:\/\/diariotiempo.com.uy\/noticias\/wp-content\/uploads\/2025\/11\/directora.jpg",900,540,false],"covernews-medium":["https:\/\/diariotiempo.com.uy\/noticias\/wp-content\/uploads\/2025\/11\/directora-540x340.jpg",540,340,true],"covernews-medium-square":["https:\/\/diariotiempo.com.uy\/noticias\/wp-content\/uploads\/2025\/11\/directora-400x250.jpg",400,250,true]},"author_info":{"display_name":"diario","author_link":"https:\/\/diariotiempo.com.uy\/noticias\/author\/diario\/"},"category_info":"<a href=\"https:\/\/diariotiempo.com.uy\/noticias\/category\/departamental\/costa-de-oro\/\" rel=\"category tag\">Costa de Oro<\/a>","tag_info":"Costa de Oro","comment_count":"0","_links":{"self":[{"href":"https:\/\/diariotiempo.com.uy\/noticias\/wp-json\/wp\/v2\/posts\/21425","targetHints":{"allow":["GET"]}}],"collection":[{"href":"https:\/\/diariotiempo.com.uy\/noticias\/wp-json\/wp\/v2\/posts"}],"about":[{"href":"https:\/\/diariotiempo.com.uy\/noticias\/wp-json\/wp\/v2\/types\/post"}],"author":[{"embeddable":true,"href":"https:\/\/diariotiempo.com.uy\/noticias\/wp-json\/wp\/v2\/users\/1"}],"replies":[{"embeddable":true,"href":"https:\/\/diariotiempo.com.uy\/noticias\/wp-json\/wp\/v2\/comments?post=21425"}],"version-history":[{"count":1,"href":"https:\/\/diariotiempo.com.uy\/noticias\/wp-json\/wp\/v2\/posts\/21425\/revisions"}],"predecessor-version":[{"id":21427,"href":"https:\/\/diariotiempo.com.uy\/noticias\/wp-json\/wp\/v2\/posts\/21425\/revisions\/21427"}],"wp:featuredmedia":[{"embeddable":true,"href":"https:\/\/diariotiempo.com.uy\/noticias\/wp-json\/wp\/v2\/media\/21426"}],"wp:attachment":[{"href":"https:\/\/diariotiempo.com.uy\/noticias\/wp-json\/wp\/v2\/media?parent=21425"}],"wp:term":[{"taxonomy":"category","embeddable":true,"href":"https:\/\/diariotiempo.com.uy\/noticias\/wp-json\/wp\/v2\/categories?post=21425"},{"taxonomy":"post_tag","embeddable":true,"href":"https:\/\/diariotiempo.com.uy\/noticias\/wp-json\/wp\/v2\/tags?post=21425"}],"curies":[{"name":"wp","href":"https:\/\/api.w.org\/{rel}","templated":true}]}}