{"id":21436,"date":"2025-11-21T15:34:56","date_gmt":"2025-11-21T15:34:56","guid":{"rendered":"https:\/\/diariotiempo.com.uy\/noticias\/?p=21436"},"modified":"2025-11-21T15:34:58","modified_gmt":"2025-11-21T15:34:58","slug":"caminata-por-la-paz-recorrio-centros-educativos-en-paso-carrasco","status":"publish","type":"post","link":"https:\/\/diariotiempo.com.uy\/noticias\/2025\/11\/21\/caminata-por-la-paz-recorrio-centros-educativos-en-paso-carrasco\/","title":{"rendered":"Caminata por la paz recorri\u00f3 centros educativos en Paso Carrasco"},"content":{"rendered":"\n<figure class=\"wp-block-image size-full\"><img loading=\"lazy\" decoding=\"async\" width=\"800\" height=\"432\" src=\"https:\/\/diariotiempo.com.uy\/noticias\/wp-content\/uploads\/2025\/11\/caminata-mas.jpg\" alt=\"\" class=\"wp-image-21437\" srcset=\"https:\/\/diariotiempo.com.uy\/noticias\/wp-content\/uploads\/2025\/11\/caminata-mas.jpg 800w, https:\/\/diariotiempo.com.uy\/noticias\/wp-content\/uploads\/2025\/11\/caminata-mas-300x162.jpg 300w, https:\/\/diariotiempo.com.uy\/noticias\/wp-content\/uploads\/2025\/11\/caminata-mas-768x415.jpg 768w\" sizes=\"auto, (max-width: 800px) 100vw, 800px\" \/><\/figure>\n\n\n\n<p>Una caminata barrial que surgi\u00f3 como respuesta de la sociedad ante situaciones de violencia, y que alcanz\u00f3 su octava edici\u00f3n, visit\u00f3 e integr\u00f3 a m\u00e1s de cinco centros educativos de la zona con un mensaje de paz y convivencia.<\/p>\n\n\n\n<p>La iniciativa, que se realiza desde el 2018, es el resultado de un trabajo interescolar que se desarrolla durante todo el per\u00edodo lectivo y que naci\u00f3 como una respuesta por parte de los profesores de educaci\u00f3n f\u00edsica de la zona ante una agresi\u00f3n a un docente de Paso Carrasco. Tambi\u00e9n se realiz\u00f3 un espacio de propuestas de logos de la caminata y los estudiantes de gastronom\u00eda de la UTU de Paso Carrasco prepararon pizza para compartir durante el espacio musical, que se desarroll\u00f3 al final de la jornada. La caminata \u2014que culmin\u00f3 en la Escuela N\u00b0 230 que se encuentra en el Parque Roosevelt &#8211; Parque de los Derechos\u2014 tiene por objetivo promover valores de convivencia e integraci\u00f3n, la paz en un sentido amplio. Los puntos de recorrida fueron la Escuela N\u00b0 145, el Colegio Sagrado Coraz\u00f3n, el Colegio Francisco Esp\u00ednola, el Centro de Salud Monterrey, la Escuela N\u00b0 179, el Jard\u00edn N\u00b0 283 y la Escuela N\u00b0 230.<\/p>\n\n\n\n<p>La recorrida culmin\u00f3 con el espect\u00e1culo musical de Canciones para avanzar juntos, con la banda completa. El guitarrista y cantante Javier Torres expres\u00f3 que se trat\u00f3 de una jornada muy gratificante: \u201cver a los chiquilines y docentes comprometidos con la idea de una caminata por la paz demuestra que las nuevas generaciones tienen una voz que vale la pena escuchar\u201d.<\/p>\n\n\n\n<p>La actividad fue organizada por el Nodo Educativo ANEP-DGEIP (Escuelas N\u00b0 145, N\u00b0 179, N\u00b0 230, N\u00b0 303 y Jard\u00edn N\u00b0 283), Colegio Sagrado Coraz\u00f3n, Colegio Francisco Esp\u00ednola, Escuela T\u00e9cnica Paso Carrasco, Liceo L. A. Candeau, Paso Solidario, El Abrojo, Zumbador, FOEB, Cirineos, Polic\u00eda Comunitaria, Centro de Salud Monterrey, INAU, UCDIE-ANEP, MIDES Enlace Educativo y el Gobierno de Canelones. Cont\u00f3 con el apoyo de INDA, INJU y del Municipio de Paso Carrasco.<\/p>\n\n\n\n<p>Fotos IMC\u00a0<\/p>\n","protected":false},"excerpt":{"rendered":"<p>Una caminata barrial que surgi\u00f3 como respuesta de la sociedad ante situaciones de violencia, y&#8230;<\/p>\n","protected":false},"author":1,"featured_media":21437,"comment_status":"closed","ping_status":"closed","sticky":false,"template":"","format":"standard","meta":{"_monsterinsights_skip_tracking":false,"_monsterinsights_sitenote_active":false,"_monsterinsights_sitenote_note":"","_monsterinsights_sitenote_category":0,"footnotes":""},"categories":[4],"tags":[],"class_list":["post-21436","post","type-post","status-publish","format-standard","has-post-thumbnail","hentry","category-departamental"],"featured_image_urls":{"full":["https:\/\/diariotiempo.com.uy\/noticias\/wp-content\/uploads\/2025\/11\/caminata-mas.jpg",800,432,false],"thumbnail":["https:\/\/diariotiempo.com.uy\/noticias\/wp-content\/uploads\/2025\/11\/caminata-mas-150x150.jpg",150,150,true],"medium":["https:\/\/diariotiempo.com.uy\/noticias\/wp-content\/uploads\/2025\/11\/caminata-mas-300x162.jpg",300,162,true],"medium_large":["https:\/\/diariotiempo.com.uy\/noticias\/wp-content\/uploads\/2025\/11\/caminata-mas-768x415.jpg",640,346,true],"large":["https:\/\/diariotiempo.com.uy\/noticias\/wp-content\/uploads\/2025\/11\/caminata-mas.jpg",640,346,false],"rpg_gallery_admin_thumb":["https:\/\/diariotiempo.com.uy\/noticias\/wp-content\/uploads\/2025\/11\/caminata-mas-150x150.jpg",150,150,true],"rpg_gallery_thumb":["https:\/\/diariotiempo.com.uy\/noticias\/wp-content\/uploads\/2025\/11\/caminata-mas-150x150.jpg",150,150,true],"1536x1536":["https:\/\/diariotiempo.com.uy\/noticias\/wp-content\/uploads\/2025\/11\/caminata-mas.jpg",800,432,false],"2048x2048":["https:\/\/diariotiempo.com.uy\/noticias\/wp-content\/uploads\/2025\/11\/caminata-mas.jpg",800,432,false],"covernews-slider-full":["https:\/\/diariotiempo.com.uy\/noticias\/wp-content\/uploads\/2025\/11\/caminata-mas.jpg",800,432,false],"covernews-slider-center":["https:\/\/diariotiempo.com.uy\/noticias\/wp-content\/uploads\/2025\/11\/caminata-mas.jpg",800,432,false],"covernews-featured":["https:\/\/diariotiempo.com.uy\/noticias\/wp-content\/uploads\/2025\/11\/caminata-mas.jpg",800,432,false],"covernews-medium":["https:\/\/diariotiempo.com.uy\/noticias\/wp-content\/uploads\/2025\/11\/caminata-mas-540x340.jpg",540,340,true],"covernews-medium-square":["https:\/\/diariotiempo.com.uy\/noticias\/wp-content\/uploads\/2025\/11\/caminata-mas-400x250.jpg",400,250,true]},"author_info":{"display_name":"diario","author_link":"https:\/\/diariotiempo.com.uy\/noticias\/author\/diario\/"},"category_info":"<a href=\"https:\/\/diariotiempo.com.uy\/noticias\/category\/departamental\/\" rel=\"category tag\">DEPARTAMENTAL<\/a>","tag_info":"DEPARTAMENTAL","comment_count":"0","_links":{"self":[{"href":"https:\/\/diariotiempo.com.uy\/noticias\/wp-json\/wp\/v2\/posts\/21436","targetHints":{"allow":["GET"]}}],"collection":[{"href":"https:\/\/diariotiempo.com.uy\/noticias\/wp-json\/wp\/v2\/posts"}],"about":[{"href":"https:\/\/diariotiempo.com.uy\/noticias\/wp-json\/wp\/v2\/types\/post"}],"author":[{"embeddable":true,"href":"https:\/\/diariotiempo.com.uy\/noticias\/wp-json\/wp\/v2\/users\/1"}],"replies":[{"embeddable":true,"href":"https:\/\/diariotiempo.com.uy\/noticias\/wp-json\/wp\/v2\/comments?post=21436"}],"version-history":[{"count":1,"href":"https:\/\/diariotiempo.com.uy\/noticias\/wp-json\/wp\/v2\/posts\/21436\/revisions"}],"predecessor-version":[{"id":21438,"href":"https:\/\/diariotiempo.com.uy\/noticias\/wp-json\/wp\/v2\/posts\/21436\/revisions\/21438"}],"wp:featuredmedia":[{"embeddable":true,"href":"https:\/\/diariotiempo.com.uy\/noticias\/wp-json\/wp\/v2\/media\/21437"}],"wp:attachment":[{"href":"https:\/\/diariotiempo.com.uy\/noticias\/wp-json\/wp\/v2\/media?parent=21436"}],"wp:term":[{"taxonomy":"category","embeddable":true,"href":"https:\/\/diariotiempo.com.uy\/noticias\/wp-json\/wp\/v2\/categories?post=21436"},{"taxonomy":"post_tag","embeddable":true,"href":"https:\/\/diariotiempo.com.uy\/noticias\/wp-json\/wp\/v2\/tags?post=21436"}],"curies":[{"name":"wp","href":"https:\/\/api.w.org\/{rel}","templated":true}]}}