{"id":21455,"date":"2025-11-24T15:43:53","date_gmt":"2025-11-24T15:43:53","guid":{"rendered":"https:\/\/diariotiempo.com.uy\/noticias\/?p=21455"},"modified":"2025-11-24T15:45:04","modified_gmt":"2025-11-24T15:45:04","slug":"escuela-militar-de-aeronautica-celebro-su-109-aniversario","status":"publish","type":"post","link":"https:\/\/diariotiempo.com.uy\/noticias\/2025\/11\/24\/escuela-militar-de-aeronautica-celebro-su-109-aniversario\/","title":{"rendered":"Escuela Militar de Aeron\u00e1utica celebr\u00f3 su 109\u00b0 Aniversario"},"content":{"rendered":"\n<figure class=\"wp-block-gallery has-nested-images columns-default is-cropped wp-block-gallery-1 is-layout-flex wp-block-gallery-is-layout-flex\">\n<figure class=\"wp-block-image size-large\"><img loading=\"lazy\" decoding=\"async\" width=\"700\" height=\"467\" data-id=\"21456\" src=\"https:\/\/diariotiempo.com.uy\/noticias\/wp-content\/uploads\/2025\/11\/ema-interior.jpg\" alt=\"\" class=\"wp-image-21456\" srcset=\"https:\/\/diariotiempo.com.uy\/noticias\/wp-content\/uploads\/2025\/11\/ema-interior.jpg 700w, https:\/\/diariotiempo.com.uy\/noticias\/wp-content\/uploads\/2025\/11\/ema-interior-300x200.jpg 300w\" sizes=\"auto, (max-width: 700px) 100vw, 700px\" \/><\/figure>\n\n\n\n<figure class=\"wp-block-image size-large\"><img loading=\"lazy\" decoding=\"async\" width=\"700\" height=\"467\" data-id=\"21457\" src=\"https:\/\/diariotiempo.com.uy\/noticias\/wp-content\/uploads\/2025\/11\/ema-tapa.jpg\" alt=\"\" class=\"wp-image-21457\" srcset=\"https:\/\/diariotiempo.com.uy\/noticias\/wp-content\/uploads\/2025\/11\/ema-tapa.jpg 700w, https:\/\/diariotiempo.com.uy\/noticias\/wp-content\/uploads\/2025\/11\/ema-tapa-300x200.jpg 300w\" sizes=\"auto, (max-width: 700px) 100vw, 700px\" \/><\/figure>\n<\/figure>\n\n\n\n<p>El jueves 20 de noviembre, la Escuela Militar de Aeron\u00e1utica (EMA) celebr\u00f3 su 109.\u00b0 aniversario, reafirmando su hist\u00f3rico papel como pilar fundamental en el reclutamiento, la instrucci\u00f3n y la formaci\u00f3n del personal superior de la Fuerza A\u00e9rea Uruguaya (FAU).\u201c\u201cLa ceremonia cont\u00f3 con la presencia de autoridades nacionales y militares, entre ellas la ministra de Defensa Nacional, Sra. Sandra Lazo; el subsecretario de Defensa Nacional, Sr. Joel Rodr\u00edguez; el jefe del Estado Mayor de la Defensa, Gral. del Aire Rodolfo Pereyra; el comandante en jefe de la Fuerza A\u00e9rea Uruguaya, Gral. del Aire Fernando Colina; el director nacional de Aviaci\u00f3n Civil e Infraestructura Aeron\u00e1utica, Brig. Gral. (Av.) Leonardo Blengini; el comandante del Comando A\u00e9reo de Personal, Brig. Gral. (Av.) Walter P\u00e9rez; el comandante del Comando A\u00e9reo de Operaciones, Brig. Gral. (Av.) Alejandro Trujillo; y el director de la EMA, Cnel. (Av.) Juan Pereyra, junto a personal superior, subalterno, invitados especiales, familiares y amigos de la instituci\u00f3n.<\/p>\n\n\n\n<p>Como es tradicional, la actividad comenz\u00f3 con la revista de los efectivos y la entonaci\u00f3n del Himno Nacional, interpretado por la Banda de M\u00fasicos de la FAU \u201cCnel. (Rva.) Walter Mi\u00f1os\u201d. Posteriormente, se procedi\u00f3 a la entrega del distintivo de Cuerpo A\u00e9reo y de los diplomas de \u201cvuelo solo\u201d, en un momento especialmente emotivo realzado por el sobrevuelo de aeronaves T-260 Aermacchi, s\u00edmbolo del esfuerzo, la disciplina y los primeros logros de las futuras generaciones de aviadores. Tambi\u00e9n se entregaron reconocimientos a los oficiales que completaron la Licenciatura en Defensa Militar Aeroespacial, destacando su dedicaci\u00f3n acad\u00e9mica y su compromiso con la excelencia profesional.<\/p>\n\n\n\n<p>El momento m\u00e1s significativo de la jornada lleg\u00f3 con las palabras del Director de la EMA, Cnel. (Av.) Juan Pereyra, quien brind\u00f3 un discurso profundamente sentido y cargado de convicci\u00f3n. Sus expresiones reflejaron no solo el orgullo por los avances alcanzados, sino tambi\u00e9n su firme compromiso con la misi\u00f3n institucional de formar hombres y mujeres de honor, liderazgo y vocaci\u00f3n de servicio. El Cnel. Pereyra resalt\u00f3 el valor del esfuerzo diario, la importancia del ejemplo y el deber permanente de preservar las tradiciones que dan identidad a la EMA, sin dejar de mirar al futuro con visi\u00f3n, responsabilidad y altura profesional. Sus palabras reafirmaron la trascendencia de la formaci\u00f3n integral del cadete \u2014en lo moral, intelectual y militar\u2014 como base de la fortaleza de la Fuerza A\u00e9rea Uruguaya.\u201c\u201cLa ceremonia culmin\u00f3 con un desfile terrestre y a\u00e9reo que honr\u00f3 a las autoridades presentes y con la posterior firma del Libro de Honor.<\/p>\n\n\n\n<p><\/p>\n","protected":false},"excerpt":{"rendered":"<p>El jueves 20 de noviembre, la Escuela Militar de Aeron\u00e1utica (EMA) celebr\u00f3 su 109.\u00b0 aniversario,&#8230;<\/p>\n","protected":false},"author":1,"featured_media":21457,"comment_status":"closed","ping_status":"closed","sticky":false,"template":"","format":"standard","meta":{"_monsterinsights_skip_tracking":false,"_monsterinsights_sitenote_active":false,"_monsterinsights_sitenote_note":"","_monsterinsights_sitenote_category":0,"footnotes":""},"categories":[11],"tags":[],"class_list":["post-21455","post","type-post","status-publish","format-standard","has-post-thumbnail","hentry","category-noticia-destacada"],"featured_image_urls":{"full":["https:\/\/diariotiempo.com.uy\/noticias\/wp-content\/uploads\/2025\/11\/ema-tapa.jpg",700,467,false],"thumbnail":["https:\/\/diariotiempo.com.uy\/noticias\/wp-content\/uploads\/2025\/11\/ema-tapa-150x150.jpg",150,150,true],"medium":["https:\/\/diariotiempo.com.uy\/noticias\/wp-content\/uploads\/2025\/11\/ema-tapa-300x200.jpg",300,200,true],"medium_large":["https:\/\/diariotiempo.com.uy\/noticias\/wp-content\/uploads\/2025\/11\/ema-tapa.jpg",640,427,false],"large":["https:\/\/diariotiempo.com.uy\/noticias\/wp-content\/uploads\/2025\/11\/ema-tapa.jpg",640,427,false],"rpg_gallery_admin_thumb":["https:\/\/diariotiempo.com.uy\/noticias\/wp-content\/uploads\/2025\/11\/ema-tapa-150x150.jpg",150,150,true],"rpg_gallery_thumb":["https:\/\/diariotiempo.com.uy\/noticias\/wp-content\/uploads\/2025\/11\/ema-tapa-150x150.jpg",150,150,true],"1536x1536":["https:\/\/diariotiempo.com.uy\/noticias\/wp-content\/uploads\/2025\/11\/ema-tapa.jpg",700,467,false],"2048x2048":["https:\/\/diariotiempo.com.uy\/noticias\/wp-content\/uploads\/2025\/11\/ema-tapa.jpg",700,467,false],"covernews-slider-full":["https:\/\/diariotiempo.com.uy\/noticias\/wp-content\/uploads\/2025\/11\/ema-tapa.jpg",700,467,false],"covernews-slider-center":["https:\/\/diariotiempo.com.uy\/noticias\/wp-content\/uploads\/2025\/11\/ema-tapa.jpg",700,467,false],"covernews-featured":["https:\/\/diariotiempo.com.uy\/noticias\/wp-content\/uploads\/2025\/11\/ema-tapa.jpg",700,467,false],"covernews-medium":["https:\/\/diariotiempo.com.uy\/noticias\/wp-content\/uploads\/2025\/11\/ema-tapa-540x340.jpg",540,340,true],"covernews-medium-square":["https:\/\/diariotiempo.com.uy\/noticias\/wp-content\/uploads\/2025\/11\/ema-tapa-400x250.jpg",400,250,true]},"author_info":{"display_name":"diario","author_link":"https:\/\/diariotiempo.com.uy\/noticias\/author\/diario\/"},"category_info":"<a href=\"https:\/\/diariotiempo.com.uy\/noticias\/category\/noticia-destacada\/\" rel=\"category tag\">NOTICIA DESTACADA<\/a>","tag_info":"NOTICIA DESTACADA","comment_count":"0","_links":{"self":[{"href":"https:\/\/diariotiempo.com.uy\/noticias\/wp-json\/wp\/v2\/posts\/21455","targetHints":{"allow":["GET"]}}],"collection":[{"href":"https:\/\/diariotiempo.com.uy\/noticias\/wp-json\/wp\/v2\/posts"}],"about":[{"href":"https:\/\/diariotiempo.com.uy\/noticias\/wp-json\/wp\/v2\/types\/post"}],"author":[{"embeddable":true,"href":"https:\/\/diariotiempo.com.uy\/noticias\/wp-json\/wp\/v2\/users\/1"}],"replies":[{"embeddable":true,"href":"https:\/\/diariotiempo.com.uy\/noticias\/wp-json\/wp\/v2\/comments?post=21455"}],"version-history":[{"count":2,"href":"https:\/\/diariotiempo.com.uy\/noticias\/wp-json\/wp\/v2\/posts\/21455\/revisions"}],"predecessor-version":[{"id":21460,"href":"https:\/\/diariotiempo.com.uy\/noticias\/wp-json\/wp\/v2\/posts\/21455\/revisions\/21460"}],"wp:featuredmedia":[{"embeddable":true,"href":"https:\/\/diariotiempo.com.uy\/noticias\/wp-json\/wp\/v2\/media\/21457"}],"wp:attachment":[{"href":"https:\/\/diariotiempo.com.uy\/noticias\/wp-json\/wp\/v2\/media?parent=21455"}],"wp:term":[{"taxonomy":"category","embeddable":true,"href":"https:\/\/diariotiempo.com.uy\/noticias\/wp-json\/wp\/v2\/categories?post=21455"},{"taxonomy":"post_tag","embeddable":true,"href":"https:\/\/diariotiempo.com.uy\/noticias\/wp-json\/wp\/v2\/tags?post=21455"}],"curies":[{"name":"wp","href":"https:\/\/api.w.org\/{rel}","templated":true}]}}