{"id":21464,"date":"2025-11-24T15:47:39","date_gmt":"2025-11-24T15:47:39","guid":{"rendered":"https:\/\/diariotiempo.com.uy\/noticias\/?p=21464"},"modified":"2025-11-24T15:47:41","modified_gmt":"2025-11-24T15:47:41","slug":"edil-propone-analizar-que-especie-puede-renovar-los-espacios-dejados-por-las-palmeras","status":"publish","type":"post","link":"https:\/\/diariotiempo.com.uy\/noticias\/2025\/11\/24\/edil-propone-analizar-que-especie-puede-renovar-los-espacios-dejados-por-las-palmeras\/","title":{"rendered":"Edil propone analizar que especie puede renovar los espacios dejados por las palmeras"},"content":{"rendered":"\n<figure class=\"wp-block-image size-full\"><img loading=\"lazy\" decoding=\"async\" width=\"800\" height=\"975\" src=\"https:\/\/diariotiempo.com.uy\/noticias\/wp-content\/uploads\/2025\/11\/lista.jpg\" alt=\"\" class=\"wp-image-21465\" srcset=\"https:\/\/diariotiempo.com.uy\/noticias\/wp-content\/uploads\/2025\/11\/lista.jpg 800w, https:\/\/diariotiempo.com.uy\/noticias\/wp-content\/uploads\/2025\/11\/lista-246x300.jpg 246w, https:\/\/diariotiempo.com.uy\/noticias\/wp-content\/uploads\/2025\/11\/lista-768x936.jpg 768w\" sizes=\"auto, (max-width: 800px) 100vw, 800px\" \/><\/figure>\n\n\n\n<p>El Edil C\u00e9sar Lista, refiri\u00f3 en sesi\u00f3n de la Junta Departamental refiri\u00f3 a los espacios p\u00fablico y su arbolado, al respecto expres\u00f3:Se\u00f1or presidente: hoy quiero referirme a los espacios p\u00fablicos de Canelones y a su paisaje arbolado, principalmente a los que est\u00e1n ubicados en los lugares m\u00e1s habitados -caminos vecinales, plazas, lugares patrimoniales, culturales, tur\u00edsticos\u2014 as\u00ed como tambi\u00e9n a los que est\u00e1n en el entorno de ca\u00f1adas y arroyos. \u00a0Como todos sabemos, muchas palmeras \u2014m\u00e1s de mil plantas, por ahora\u2014 han sido afectadas por un insecto, un gorgojo de las palmeras, conocido como picudo rojo. Esto seguir\u00e1 sucediendo, a pesar de todo, lamentablemente. Hay m\u00e1s de mil espacios vac\u00edos por esta raz\u00f3n. \u00a0Pienso y creo que es hora de aceptar y asumir con responsabilidad esta situaci\u00f3n. Estoy convencido de que esta es una oportunidad para que los municipios, si as\u00ed lo entendieran, consideraran, junto a la comunidad de cada localidad, discutir y decidir qu\u00e9 \u00e1rboles sembrar en esos espacios y as\u00ed darles una identidad propia a sus lugares. <\/p>\n\n\n\n<p>Como cada municipio tiene su paisaje caracter\u00edstico, hist\u00f3rico y cultural, y ser\u00eda muy valioso y comprometido de su parte que se nos convocara a conformar una mesa de trabajo a los vecinos; a las organizaciones sociales; a los comerciantes; a las instituciones p\u00fablicas; a la Direcci\u00f3n General de Gesti\u00f3n Territorial y al \u00e1rea de Patrimonio de la Intendencia de Canelones; a la Facultad de Agronom\u00eda; a Paisajismo, y a instituciones educativas, principalmente a las escuelas del departamento. De esa manera, se decidir\u00eda entre todos qu\u00e9 especies ser\u00edan las indicadas y elegidas para esa renovaci\u00f3n. \u00a1Qu\u00e9 lindo e importante ser\u00eda que en las escuelas de cada zona se pudieran hacer los plantines de las especies elegidas, para que los ni\u00f1os y las ni\u00f1as participaran en su proceso de desarrollo y cuidado, y luego en la siembra de los \u00e1rboles! Estoy seguro de que estar\u00edan orgullosos ellos y sus familias de haber sido parte creadora de la nueva identidad y del paisaje delos lugares donde nacieron y donde desarrollar\u00e1n casi toda su vida.<\/p>\n","protected":false},"excerpt":{"rendered":"<p>El Edil C\u00e9sar Lista, refiri\u00f3 en sesi\u00f3n de la Junta Departamental refiri\u00f3 a los espacios&#8230;<\/p>\n","protected":false},"author":1,"featured_media":21465,"comment_status":"closed","ping_status":"closed","sticky":false,"template":"","format":"standard","meta":{"_monsterinsights_skip_tracking":false,"_monsterinsights_sitenote_active":false,"_monsterinsights_sitenote_note":"","_monsterinsights_sitenote_category":0,"footnotes":""},"categories":[4],"tags":[],"class_list":["post-21464","post","type-post","status-publish","format-standard","has-post-thumbnail","hentry","category-departamental"],"featured_image_urls":{"full":["https:\/\/diariotiempo.com.uy\/noticias\/wp-content\/uploads\/2025\/11\/lista.jpg",800,975,false],"thumbnail":["https:\/\/diariotiempo.com.uy\/noticias\/wp-content\/uploads\/2025\/11\/lista-150x150.jpg",150,150,true],"medium":["https:\/\/diariotiempo.com.uy\/noticias\/wp-content\/uploads\/2025\/11\/lista-246x300.jpg",246,300,true],"medium_large":["https:\/\/diariotiempo.com.uy\/noticias\/wp-content\/uploads\/2025\/11\/lista-768x936.jpg",640,780,true],"large":["https:\/\/diariotiempo.com.uy\/noticias\/wp-content\/uploads\/2025\/11\/lista.jpg",640,780,false],"rpg_gallery_admin_thumb":["https:\/\/diariotiempo.com.uy\/noticias\/wp-content\/uploads\/2025\/11\/lista-150x150.jpg",150,150,true],"rpg_gallery_thumb":["https:\/\/diariotiempo.com.uy\/noticias\/wp-content\/uploads\/2025\/11\/lista-150x150.jpg",150,150,true],"1536x1536":["https:\/\/diariotiempo.com.uy\/noticias\/wp-content\/uploads\/2025\/11\/lista.jpg",800,975,false],"2048x2048":["https:\/\/diariotiempo.com.uy\/noticias\/wp-content\/uploads\/2025\/11\/lista.jpg",800,975,false],"covernews-slider-full":["https:\/\/diariotiempo.com.uy\/noticias\/wp-content\/uploads\/2025\/11\/lista-800x715.jpg",800,715,true],"covernews-slider-center":["https:\/\/diariotiempo.com.uy\/noticias\/wp-content\/uploads\/2025\/11\/lista-800x500.jpg",800,500,true],"covernews-featured":["https:\/\/diariotiempo.com.uy\/noticias\/wp-content\/uploads\/2025\/11\/lista.jpg",800,975,false],"covernews-medium":["https:\/\/diariotiempo.com.uy\/noticias\/wp-content\/uploads\/2025\/11\/lista-540x340.jpg",540,340,true],"covernews-medium-square":["https:\/\/diariotiempo.com.uy\/noticias\/wp-content\/uploads\/2025\/11\/lista-400x250.jpg",400,250,true]},"author_info":{"display_name":"diario","author_link":"https:\/\/diariotiempo.com.uy\/noticias\/author\/diario\/"},"category_info":"<a href=\"https:\/\/diariotiempo.com.uy\/noticias\/category\/departamental\/\" rel=\"category tag\">DEPARTAMENTAL<\/a>","tag_info":"DEPARTAMENTAL","comment_count":"0","_links":{"self":[{"href":"https:\/\/diariotiempo.com.uy\/noticias\/wp-json\/wp\/v2\/posts\/21464","targetHints":{"allow":["GET"]}}],"collection":[{"href":"https:\/\/diariotiempo.com.uy\/noticias\/wp-json\/wp\/v2\/posts"}],"about":[{"href":"https:\/\/diariotiempo.com.uy\/noticias\/wp-json\/wp\/v2\/types\/post"}],"author":[{"embeddable":true,"href":"https:\/\/diariotiempo.com.uy\/noticias\/wp-json\/wp\/v2\/users\/1"}],"replies":[{"embeddable":true,"href":"https:\/\/diariotiempo.com.uy\/noticias\/wp-json\/wp\/v2\/comments?post=21464"}],"version-history":[{"count":1,"href":"https:\/\/diariotiempo.com.uy\/noticias\/wp-json\/wp\/v2\/posts\/21464\/revisions"}],"predecessor-version":[{"id":21466,"href":"https:\/\/diariotiempo.com.uy\/noticias\/wp-json\/wp\/v2\/posts\/21464\/revisions\/21466"}],"wp:featuredmedia":[{"embeddable":true,"href":"https:\/\/diariotiempo.com.uy\/noticias\/wp-json\/wp\/v2\/media\/21465"}],"wp:attachment":[{"href":"https:\/\/diariotiempo.com.uy\/noticias\/wp-json\/wp\/v2\/media?parent=21464"}],"wp:term":[{"taxonomy":"category","embeddable":true,"href":"https:\/\/diariotiempo.com.uy\/noticias\/wp-json\/wp\/v2\/categories?post=21464"},{"taxonomy":"post_tag","embeddable":true,"href":"https:\/\/diariotiempo.com.uy\/noticias\/wp-json\/wp\/v2\/tags?post=21464"}],"curies":[{"name":"wp","href":"https:\/\/api.w.org\/{rel}","templated":true}]}}