{"id":21468,"date":"2025-11-25T16:21:04","date_gmt":"2025-11-25T16:21:04","guid":{"rendered":"https:\/\/diariotiempo.com.uy\/noticias\/?p=21468"},"modified":"2025-11-25T16:23:10","modified_gmt":"2025-11-25T16:23:10","slug":"imponente-el-humo-en-deposito-de-residuos-que-contamina-a-empalme-olmos","status":"publish","type":"post","link":"https:\/\/diariotiempo.com.uy\/noticias\/2025\/11\/25\/imponente-el-humo-en-deposito-de-residuos-que-contamina-a-empalme-olmos\/","title":{"rendered":"Imponente el humo en dep\u00f3sito de residuos que contamina a Empalme Olmos"},"content":{"rendered":"\n<figure class=\"wp-block-gallery has-nested-images columns-default is-cropped wp-block-gallery-1 is-layout-flex wp-block-gallery-is-layout-flex\">\n<figure class=\"wp-block-image size-large\"><img loading=\"lazy\" decoding=\"async\" width=\"696\" height=\"450\" data-id=\"21469\" src=\"https:\/\/diariotiempo.com.uy\/noticias\/wp-content\/uploads\/2025\/11\/WhatsApp-Image-2025-11-25-at-12.50.32.jpeg\" alt=\"\" class=\"wp-image-21469\" srcset=\"https:\/\/diariotiempo.com.uy\/noticias\/wp-content\/uploads\/2025\/11\/WhatsApp-Image-2025-11-25-at-12.50.32.jpeg 696w, https:\/\/diariotiempo.com.uy\/noticias\/wp-content\/uploads\/2025\/11\/WhatsApp-Image-2025-11-25-at-12.50.32-300x194.jpeg 300w\" sizes=\"auto, (max-width: 696px) 100vw, 696px\" \/><\/figure>\n\n\n\n<figure class=\"wp-block-image size-large\"><img loading=\"lazy\" decoding=\"async\" width=\"800\" height=\"488\" data-id=\"21470\" src=\"https:\/\/diariotiempo.com.uy\/noticias\/wp-content\/uploads\/2025\/11\/WhatsApp-Image-2025-11-25-at-12.50.59.jpeg\" alt=\"\" class=\"wp-image-21470\" srcset=\"https:\/\/diariotiempo.com.uy\/noticias\/wp-content\/uploads\/2025\/11\/WhatsApp-Image-2025-11-25-at-12.50.59.jpeg 800w, https:\/\/diariotiempo.com.uy\/noticias\/wp-content\/uploads\/2025\/11\/WhatsApp-Image-2025-11-25-at-12.50.59-300x183.jpeg 300w, https:\/\/diariotiempo.com.uy\/noticias\/wp-content\/uploads\/2025\/11\/WhatsApp-Image-2025-11-25-at-12.50.59-768x468.jpeg 768w\" sizes=\"auto, (max-width: 800px) 100vw, 800px\" \/><\/figure>\n<\/figure>\n\n\n\n<h3 class=\"wp-block-heading\">Abril Martinez da cuenta de un hecho grave.<\/h3>\n\n\n\n<p>Hoy Empalme Olmos vuelve a respirar humo.  El basurero de Ca\u00f1ada Grande se prendi\u00f3 fuego una vez m\u00e1s, y el aire est\u00e1 cargado de pl\u00e1stico quemado, t\u00f3xico y perjudicial para la salud. Un humo que avanza sin detenerse, cubriendo casas, campos de cultivo y todo lo que encuentra a su paso.<\/p>\n\n\n\n<p>Esto es lo que dej\u00f3 d\u00e9cadas de mala gesti\u00f3n de residuos en Canelones.<br>Un problema arrastrado desde los a\u00f1os 90 que nunca se atendi\u00f3 con la responsabilidad que merec\u00eda. Hoy se vuelve a manifestar, afectando directamente la salud de miles de personas.<\/p>\n\n\n\n<p>Mientras desde el gobierno departamental se habla de una \u201cgesti\u00f3n exitosa\u201d, esta es la realidad: humo sobre los cultivos de los que todos comemos, humo sobre un pueblo que ya vive con aire viciado y con vecinos cuya salud est\u00e1 comprometida por el tr\u00e1nsito constante de camiones y la contaminaci\u00f3n acumulada.<\/p>\n\n\n\n<p>Qu\u00e9 tristeza. Qu\u00e9 injusticia.<\/p>\n\n\n\n<p><\/p>\n","protected":false},"excerpt":{"rendered":"<p>Abril Martinez da cuenta de un hecho grave. Hoy Empalme Olmos vuelve a respirar humo&#8230;.<\/p>\n","protected":false},"author":1,"featured_media":21469,"comment_status":"closed","ping_status":"closed","sticky":false,"template":"","format":"standard","meta":{"_monsterinsights_skip_tracking":false,"_monsterinsights_sitenote_active":false,"_monsterinsights_sitenote_note":"","_monsterinsights_sitenote_category":0,"footnotes":""},"categories":[11],"tags":[],"class_list":["post-21468","post","type-post","status-publish","format-standard","has-post-thumbnail","hentry","category-noticia-destacada"],"featured_image_urls":{"full":["https:\/\/diariotiempo.com.uy\/noticias\/wp-content\/uploads\/2025\/11\/WhatsApp-Image-2025-11-25-at-12.50.32.jpeg",696,450,false],"thumbnail":["https:\/\/diariotiempo.com.uy\/noticias\/wp-content\/uploads\/2025\/11\/WhatsApp-Image-2025-11-25-at-12.50.32-150x150.jpeg",150,150,true],"medium":["https:\/\/diariotiempo.com.uy\/noticias\/wp-content\/uploads\/2025\/11\/WhatsApp-Image-2025-11-25-at-12.50.32-300x194.jpeg",300,194,true],"medium_large":["https:\/\/diariotiempo.com.uy\/noticias\/wp-content\/uploads\/2025\/11\/WhatsApp-Image-2025-11-25-at-12.50.32.jpeg",640,414,false],"large":["https:\/\/diariotiempo.com.uy\/noticias\/wp-content\/uploads\/2025\/11\/WhatsApp-Image-2025-11-25-at-12.50.32.jpeg",640,414,false],"rpg_gallery_admin_thumb":["https:\/\/diariotiempo.com.uy\/noticias\/wp-content\/uploads\/2025\/11\/WhatsApp-Image-2025-11-25-at-12.50.32-150x150.jpeg",150,150,true],"rpg_gallery_thumb":["https:\/\/diariotiempo.com.uy\/noticias\/wp-content\/uploads\/2025\/11\/WhatsApp-Image-2025-11-25-at-12.50.32-150x150.jpeg",150,150,true],"1536x1536":["https:\/\/diariotiempo.com.uy\/noticias\/wp-content\/uploads\/2025\/11\/WhatsApp-Image-2025-11-25-at-12.50.32.jpeg",696,450,false],"2048x2048":["https:\/\/diariotiempo.com.uy\/noticias\/wp-content\/uploads\/2025\/11\/WhatsApp-Image-2025-11-25-at-12.50.32.jpeg",696,450,false],"covernews-slider-full":["https:\/\/diariotiempo.com.uy\/noticias\/wp-content\/uploads\/2025\/11\/WhatsApp-Image-2025-11-25-at-12.50.32.jpeg",696,450,false],"covernews-slider-center":["https:\/\/diariotiempo.com.uy\/noticias\/wp-content\/uploads\/2025\/11\/WhatsApp-Image-2025-11-25-at-12.50.32.jpeg",696,450,false],"covernews-featured":["https:\/\/diariotiempo.com.uy\/noticias\/wp-content\/uploads\/2025\/11\/WhatsApp-Image-2025-11-25-at-12.50.32.jpeg",696,450,false],"covernews-medium":["https:\/\/diariotiempo.com.uy\/noticias\/wp-content\/uploads\/2025\/11\/WhatsApp-Image-2025-11-25-at-12.50.32-540x340.jpeg",540,340,true],"covernews-medium-square":["https:\/\/diariotiempo.com.uy\/noticias\/wp-content\/uploads\/2025\/11\/WhatsApp-Image-2025-11-25-at-12.50.32-400x250.jpeg",400,250,true]},"author_info":{"display_name":"diario","author_link":"https:\/\/diariotiempo.com.uy\/noticias\/author\/diario\/"},"category_info":"<a href=\"https:\/\/diariotiempo.com.uy\/noticias\/category\/noticia-destacada\/\" rel=\"category tag\">NOTICIA DESTACADA<\/a>","tag_info":"NOTICIA DESTACADA","comment_count":"0","_links":{"self":[{"href":"https:\/\/diariotiempo.com.uy\/noticias\/wp-json\/wp\/v2\/posts\/21468","targetHints":{"allow":["GET"]}}],"collection":[{"href":"https:\/\/diariotiempo.com.uy\/noticias\/wp-json\/wp\/v2\/posts"}],"about":[{"href":"https:\/\/diariotiempo.com.uy\/noticias\/wp-json\/wp\/v2\/types\/post"}],"author":[{"embeddable":true,"href":"https:\/\/diariotiempo.com.uy\/noticias\/wp-json\/wp\/v2\/users\/1"}],"replies":[{"embeddable":true,"href":"https:\/\/diariotiempo.com.uy\/noticias\/wp-json\/wp\/v2\/comments?post=21468"}],"version-history":[{"count":3,"href":"https:\/\/diariotiempo.com.uy\/noticias\/wp-json\/wp\/v2\/posts\/21468\/revisions"}],"predecessor-version":[{"id":21473,"href":"https:\/\/diariotiempo.com.uy\/noticias\/wp-json\/wp\/v2\/posts\/21468\/revisions\/21473"}],"wp:featuredmedia":[{"embeddable":true,"href":"https:\/\/diariotiempo.com.uy\/noticias\/wp-json\/wp\/v2\/media\/21469"}],"wp:attachment":[{"href":"https:\/\/diariotiempo.com.uy\/noticias\/wp-json\/wp\/v2\/media?parent=21468"}],"wp:term":[{"taxonomy":"category","embeddable":true,"href":"https:\/\/diariotiempo.com.uy\/noticias\/wp-json\/wp\/v2\/categories?post=21468"},{"taxonomy":"post_tag","embeddable":true,"href":"https:\/\/diariotiempo.com.uy\/noticias\/wp-json\/wp\/v2\/tags?post=21468"}],"curies":[{"name":"wp","href":"https:\/\/api.w.org\/{rel}","templated":true}]}}