{"id":21477,"date":"2025-11-26T12:21:00","date_gmt":"2025-11-26T12:21:00","guid":{"rendered":"https:\/\/diariotiempo.com.uy\/noticias\/?p=21477"},"modified":"2025-11-26T12:21:02","modified_gmt":"2025-11-26T12:21:02","slug":"joven-de-27-anos-mato-a-su-padre-a-su-madre-y-a-su-hermano","status":"publish","type":"post","link":"https:\/\/diariotiempo.com.uy\/noticias\/2025\/11\/26\/joven-de-27-anos-mato-a-su-padre-a-su-madre-y-a-su-hermano\/","title":{"rendered":"Joven de 27 a\u00f1os mat\u00f3 a su padre, a su madre y a su hermano"},"content":{"rendered":"\n<figure class=\"wp-block-image size-full\"><img loading=\"lazy\" decoding=\"async\" width=\"840\" height=\"430\" src=\"https:\/\/diariotiempo.com.uy\/noticias\/wp-content\/uploads\/2025\/11\/HOMICIDIO-TAPA.jpg\" alt=\"\" class=\"wp-image-21478\" srcset=\"https:\/\/diariotiempo.com.uy\/noticias\/wp-content\/uploads\/2025\/11\/HOMICIDIO-TAPA.jpg 840w, https:\/\/diariotiempo.com.uy\/noticias\/wp-content\/uploads\/2025\/11\/HOMICIDIO-TAPA-300x154.jpg 300w, https:\/\/diariotiempo.com.uy\/noticias\/wp-content\/uploads\/2025\/11\/HOMICIDIO-TAPA-768x393.jpg 768w\" sizes=\"auto, (max-width: 840px) 100vw, 840px\" \/><\/figure>\n\n\n\n<p>De J.P.C. Compa\u00f1eros de trabajo de un hombre de 67 a\u00f1os, residente en la zona de 18 de Mayo, jurisdicci\u00f3n de la Seccional 30 de Canelones, concurren al domicilio de \u00e9ste en Ruta 5 vieja y Frugoni, donde se entrevistan con el hijo para interiorizarse de la ausencia del trabajador a la obra donde era capataz, ante las versiones err\u00e1ticas, optan por concurrir a la Seccional a radicar la denuncia por la ausnecia de su compa\u00f1ero de trabajo.<\/p>\n\n\n\n<p>Con la denuncia radicada, personal de la citada unidad policial, a cargo del jefe de la misma, se presentan en la finca, en la que son atendidos por el mismo individuo, quien manifiesta que dentro de la casa estaba toda su familia sin vida.<\/p>\n\n\n\n<p>De acuerdo a lo que antecede, se procede a una inspecci\u00f3n primaria del inmueble donde se observan 3 cuerpos sin vida, preservando la escena hasta el arribo de personal especializado. Es por ello que el hombre de 27 a\u00f1os, que carece de antecedentes penales, por disposici\u00f3n judicial pasa a la calidad de detenido.<\/p>\n\n\n\n<p>Concurren al lugar, el Jefe de Polic\u00eda de Canelones, la Dra. Rodr\u00edguez, Fiscal Letrada de Las Piedras, M\u00e9dico Forense, Polic\u00eda Cient\u00edfica, Personal del Departamento de Homicidios, quienes realizan una segunda inspecci\u00f3n, se determina que en la escena efectivamente hay 3 cuerpos.<\/p>\n\n\n\n<p>El jefe de Polic\u00eda de Canelones Fabio Quevedo se hizo presente en el lugar del hecho y expres\u00f3.\u00a0\u201cNos encontramos con una escena dantesca. Una situaci\u00f3n y una escena muy compleja: tres personas fallecidas, dos de ellas desmembradas\u201d, dijo el jefe de Polic\u00eda de Canelones Fabio Quevedo sobre el triple homicidio en 18 de Mayo. <\/p>\n\n\n\n<p>Foto captura<\/p>\n\n\n\n<p><\/p>\n","protected":false},"excerpt":{"rendered":"<p>De J.P.C. Compa\u00f1eros de trabajo de un hombre de 67 a\u00f1os, residente en la zona&#8230;<\/p>\n","protected":false},"author":1,"featured_media":21478,"comment_status":"closed","ping_status":"closed","sticky":false,"template":"","format":"standard","meta":{"_monsterinsights_skip_tracking":false,"_monsterinsights_sitenote_active":false,"_monsterinsights_sitenote_note":"","_monsterinsights_sitenote_category":0,"footnotes":""},"categories":[11],"tags":[],"class_list":["post-21477","post","type-post","status-publish","format-standard","has-post-thumbnail","hentry","category-noticia-destacada"],"featured_image_urls":{"full":["https:\/\/diariotiempo.com.uy\/noticias\/wp-content\/uploads\/2025\/11\/HOMICIDIO-TAPA.jpg",840,430,false],"thumbnail":["https:\/\/diariotiempo.com.uy\/noticias\/wp-content\/uploads\/2025\/11\/HOMICIDIO-TAPA-150x150.jpg",150,150,true],"medium":["https:\/\/diariotiempo.com.uy\/noticias\/wp-content\/uploads\/2025\/11\/HOMICIDIO-TAPA-300x154.jpg",300,154,true],"medium_large":["https:\/\/diariotiempo.com.uy\/noticias\/wp-content\/uploads\/2025\/11\/HOMICIDIO-TAPA-768x393.jpg",640,328,true],"large":["https:\/\/diariotiempo.com.uy\/noticias\/wp-content\/uploads\/2025\/11\/HOMICIDIO-TAPA.jpg",640,328,false],"rpg_gallery_admin_thumb":["https:\/\/diariotiempo.com.uy\/noticias\/wp-content\/uploads\/2025\/11\/HOMICIDIO-TAPA-150x150.jpg",150,150,true],"rpg_gallery_thumb":["https:\/\/diariotiempo.com.uy\/noticias\/wp-content\/uploads\/2025\/11\/HOMICIDIO-TAPA-150x150.jpg",150,150,true],"1536x1536":["https:\/\/diariotiempo.com.uy\/noticias\/wp-content\/uploads\/2025\/11\/HOMICIDIO-TAPA.jpg",840,430,false],"2048x2048":["https:\/\/diariotiempo.com.uy\/noticias\/wp-content\/uploads\/2025\/11\/HOMICIDIO-TAPA.jpg",840,430,false],"covernews-slider-full":["https:\/\/diariotiempo.com.uy\/noticias\/wp-content\/uploads\/2025\/11\/HOMICIDIO-TAPA.jpg",840,430,false],"covernews-slider-center":["https:\/\/diariotiempo.com.uy\/noticias\/wp-content\/uploads\/2025\/11\/HOMICIDIO-TAPA-800x430.jpg",800,430,true],"covernews-featured":["https:\/\/diariotiempo.com.uy\/noticias\/wp-content\/uploads\/2025\/11\/HOMICIDIO-TAPA.jpg",840,430,false],"covernews-medium":["https:\/\/diariotiempo.com.uy\/noticias\/wp-content\/uploads\/2025\/11\/HOMICIDIO-TAPA-540x340.jpg",540,340,true],"covernews-medium-square":["https:\/\/diariotiempo.com.uy\/noticias\/wp-content\/uploads\/2025\/11\/HOMICIDIO-TAPA-400x250.jpg",400,250,true]},"author_info":{"display_name":"diario","author_link":"https:\/\/diariotiempo.com.uy\/noticias\/author\/diario\/"},"category_info":"<a href=\"https:\/\/diariotiempo.com.uy\/noticias\/category\/noticia-destacada\/\" rel=\"category tag\">NOTICIA DESTACADA<\/a>","tag_info":"NOTICIA DESTACADA","comment_count":"0","_links":{"self":[{"href":"https:\/\/diariotiempo.com.uy\/noticias\/wp-json\/wp\/v2\/posts\/21477","targetHints":{"allow":["GET"]}}],"collection":[{"href":"https:\/\/diariotiempo.com.uy\/noticias\/wp-json\/wp\/v2\/posts"}],"about":[{"href":"https:\/\/diariotiempo.com.uy\/noticias\/wp-json\/wp\/v2\/types\/post"}],"author":[{"embeddable":true,"href":"https:\/\/diariotiempo.com.uy\/noticias\/wp-json\/wp\/v2\/users\/1"}],"replies":[{"embeddable":true,"href":"https:\/\/diariotiempo.com.uy\/noticias\/wp-json\/wp\/v2\/comments?post=21477"}],"version-history":[{"count":1,"href":"https:\/\/diariotiempo.com.uy\/noticias\/wp-json\/wp\/v2\/posts\/21477\/revisions"}],"predecessor-version":[{"id":21479,"href":"https:\/\/diariotiempo.com.uy\/noticias\/wp-json\/wp\/v2\/posts\/21477\/revisions\/21479"}],"wp:featuredmedia":[{"embeddable":true,"href":"https:\/\/diariotiempo.com.uy\/noticias\/wp-json\/wp\/v2\/media\/21478"}],"wp:attachment":[{"href":"https:\/\/diariotiempo.com.uy\/noticias\/wp-json\/wp\/v2\/media?parent=21477"}],"wp:term":[{"taxonomy":"category","embeddable":true,"href":"https:\/\/diariotiempo.com.uy\/noticias\/wp-json\/wp\/v2\/categories?post=21477"},{"taxonomy":"post_tag","embeddable":true,"href":"https:\/\/diariotiempo.com.uy\/noticias\/wp-json\/wp\/v2\/tags?post=21477"}],"curies":[{"name":"wp","href":"https:\/\/api.w.org\/{rel}","templated":true}]}}