{"id":21528,"date":"2025-11-28T17:42:08","date_gmt":"2025-11-28T17:42:08","guid":{"rendered":"https:\/\/diariotiempo.com.uy\/noticias\/?p=21528"},"modified":"2025-11-28T17:42:10","modified_gmt":"2025-11-28T17:42:10","slug":"en-barros-blancos-18-familias-recibieron-su-vivienda-del-plan-juntos","status":"publish","type":"post","link":"https:\/\/diariotiempo.com.uy\/noticias\/2025\/11\/28\/en-barros-blancos-18-familias-recibieron-su-vivienda-del-plan-juntos\/","title":{"rendered":"En Barros Blancos, 18 familias recibieron su vivienda del Plan Juntos"},"content":{"rendered":"\n<figure class=\"wp-block-gallery has-nested-images columns-2 is-cropped wp-block-gallery-1 is-layout-flex wp-block-gallery-is-layout-flex\">\n<figure class=\"wp-block-image size-large\"><img loading=\"lazy\" decoding=\"async\" width=\"700\" height=\"467\" data-id=\"21529\" src=\"https:\/\/diariotiempo.com.uy\/noticias\/wp-content\/uploads\/2025\/11\/casa-nino.jpg\" alt=\"\" class=\"wp-image-21529\" srcset=\"https:\/\/diariotiempo.com.uy\/noticias\/wp-content\/uploads\/2025\/11\/casa-nino.jpg 700w, https:\/\/diariotiempo.com.uy\/noticias\/wp-content\/uploads\/2025\/11\/casa-nino-300x200.jpg 300w\" sizes=\"auto, (max-width: 700px) 100vw, 700px\" \/><\/figure>\n\n\n\n<figure class=\"wp-block-image size-large\"><img loading=\"lazy\" decoding=\"async\" width=\"700\" height=\"467\" data-id=\"21530\" src=\"https:\/\/diariotiempo.com.uy\/noticias\/wp-content\/uploads\/2025\/11\/casas-llave.jpg\" alt=\"\" class=\"wp-image-21530\" srcset=\"https:\/\/diariotiempo.com.uy\/noticias\/wp-content\/uploads\/2025\/11\/casas-llave.jpg 700w, https:\/\/diariotiempo.com.uy\/noticias\/wp-content\/uploads\/2025\/11\/casas-llave-300x200.jpg 300w\" sizes=\"auto, (max-width: 700px) 100vw, 700px\" \/><\/figure>\n\n\n\n<figure class=\"wp-block-image size-large\"><img loading=\"lazy\" decoding=\"async\" width=\"700\" height=\"394\" data-id=\"21531\" src=\"https:\/\/diariotiempo.com.uy\/noticias\/wp-content\/uploads\/2025\/11\/casas.jpeg\" alt=\"\" class=\"wp-image-21531\" srcset=\"https:\/\/diariotiempo.com.uy\/noticias\/wp-content\/uploads\/2025\/11\/casas.jpeg 700w, https:\/\/diariotiempo.com.uy\/noticias\/wp-content\/uploads\/2025\/11\/casas-300x169.jpeg 300w\" sizes=\"auto, (max-width: 700px) 100vw, 700px\" \/><\/figure>\n<\/figure>\n\n\n\n<p>En una jornada cargada de alegr\u00eda y emoci\u00f3n se realiz\u00f3 la entrega oficial de 18 viviendas en el barrio Villa de la Ruta de Barros Blancos, del Plan Nacional de Integraci\u00f3n Socio-Habitacional Juntos, un plan del Ministerio de Vivienda y Ordenamiento Territorial que tiene como objetivo reducir la precariedad habitacional y social de los sectores m\u00e1s vulnerables de la poblaci\u00f3n.<\/p>\n\n\n\n<p>El intendente de Canelones, Francisco Legnani, expuso que se trata de un trabajo mancomunado que tuvo resultados gracias a la cooperaci\u00f3n y buena voluntad de varias instituciones. Adem\u00e1s, sostuvo que estas intervenciones son el reflejo de lo que el gobierno departamental se propuso: \u201cno administrar recursos econ\u00f3micos, sino influir sobre la vida de nuestra gente\u201d. Las familias seleccionadas por las instituciones implicadas est\u00e1n principalmente encabezadas por mujeres jefas de familia, un factor que se prioriz\u00f3 en esta oportunidad. El proceso de construcci\u00f3n de las viviendas llev\u00f3 alrededor de un a\u00f1o, en el que las familias participaron de diferentes tareas en conjunto para formar v\u00ednculos vecinales.<\/p>\n\n\n\n<p>Los director de Vivienda del Gobierno de Canelones, Rodrigo Amengual, sostuvo que esta inauguraci\u00f3n fue el final de un largo trabajo que inici\u00f3 en el per\u00edodo pasado junto al Ministerio de Vivienda, que logr\u00f3 darle un hogar digno a 56 familias. Expres\u00f3 que \u201cla Intendencia, adem\u00e1s, profundiz\u00f3 la intervenci\u00f3n con la apertura de nuevas calles y con la proporci\u00f3n de contenedores individuales y composteras\u201d. Por su parte, la directora nacional de Integraci\u00f3n Social y Urbana (DINISU), Silvana Nieves, expres\u00f3 que este lote de viviendas inauguradas \u201ctiene como particularidad que las familias que fueron seleccionadas, en su mayor\u00eda, est\u00e1n a cargo de mujeres con ni\u00f1os menores\u201d. Asimismo, explic\u00f3 que \u201cla Intendencia de Canelones aport\u00f3 el terreno y la infraestructura del barrio y la DINISU, a trav\u00e9s de su brazo ejecutor del Plan Juntos, todo lo que tiene que ver con los equipos sociales, el seguimiento, el trabajo con las familias y el 100 % de las viviendas\u201d. <\/p>\n\n\n\n<p>La integrante y vocera del nuevo grupo que se incorpora al barrio, Noelia L\u00f3pez, expres\u00f3 que \u201cnos sentimos muy bien y emocionados por contar con la oportunidad de tener una vivienda digna. Es lo mejor que nos pudo pasar. No solo eso, sino tambi\u00e9n haber contado con un grupo que nos acompa\u00f1\u00f3 y nos hizo generar un v\u00ednculo entre nosotros para que podamos ser una comunidad\u201d. Adem\u00e1s, destac\u00f3 la seguridad que siente al poder pertenecer a una comunidad en la que se cuidan entre todos, un factor importante con el que no contaba anteriormente.<\/p>\n","protected":false},"excerpt":{"rendered":"<p>En una jornada cargada de alegr\u00eda y emoci\u00f3n se realiz\u00f3 la entrega oficial de 18&#8230;<\/p>\n","protected":false},"author":1,"featured_media":21530,"comment_status":"closed","ping_status":"closed","sticky":false,"template":"","format":"standard","meta":{"_monsterinsights_skip_tracking":false,"_monsterinsights_sitenote_active":false,"_monsterinsights_sitenote_note":"","_monsterinsights_sitenote_category":0,"footnotes":""},"categories":[22],"tags":[],"class_list":["post-21528","post","type-post","status-publish","format-standard","has-post-thumbnail","hentry","category-barros-blancos"],"featured_image_urls":{"full":["https:\/\/diariotiempo.com.uy\/noticias\/wp-content\/uploads\/2025\/11\/casas-llave.jpg",700,467,false],"thumbnail":["https:\/\/diariotiempo.com.uy\/noticias\/wp-content\/uploads\/2025\/11\/casas-llave-150x150.jpg",150,150,true],"medium":["https:\/\/diariotiempo.com.uy\/noticias\/wp-content\/uploads\/2025\/11\/casas-llave-300x200.jpg",300,200,true],"medium_large":["https:\/\/diariotiempo.com.uy\/noticias\/wp-content\/uploads\/2025\/11\/casas-llave.jpg",640,427,false],"large":["https:\/\/diariotiempo.com.uy\/noticias\/wp-content\/uploads\/2025\/11\/casas-llave.jpg",640,427,false],"rpg_gallery_admin_thumb":["https:\/\/diariotiempo.com.uy\/noticias\/wp-content\/uploads\/2025\/11\/casas-llave-150x150.jpg",150,150,true],"rpg_gallery_thumb":["https:\/\/diariotiempo.com.uy\/noticias\/wp-content\/uploads\/2025\/11\/casas-llave-150x150.jpg",150,150,true],"1536x1536":["https:\/\/diariotiempo.com.uy\/noticias\/wp-content\/uploads\/2025\/11\/casas-llave.jpg",700,467,false],"2048x2048":["https:\/\/diariotiempo.com.uy\/noticias\/wp-content\/uploads\/2025\/11\/casas-llave.jpg",700,467,false],"covernews-slider-full":["https:\/\/diariotiempo.com.uy\/noticias\/wp-content\/uploads\/2025\/11\/casas-llave.jpg",700,467,false],"covernews-slider-center":["https:\/\/diariotiempo.com.uy\/noticias\/wp-content\/uploads\/2025\/11\/casas-llave.jpg",700,467,false],"covernews-featured":["https:\/\/diariotiempo.com.uy\/noticias\/wp-content\/uploads\/2025\/11\/casas-llave.jpg",700,467,false],"covernews-medium":["https:\/\/diariotiempo.com.uy\/noticias\/wp-content\/uploads\/2025\/11\/casas-llave-540x340.jpg",540,340,true],"covernews-medium-square":["https:\/\/diariotiempo.com.uy\/noticias\/wp-content\/uploads\/2025\/11\/casas-llave-400x250.jpg",400,250,true]},"author_info":{"display_name":"diario","author_link":"https:\/\/diariotiempo.com.uy\/noticias\/author\/diario\/"},"category_info":"<a href=\"https:\/\/diariotiempo.com.uy\/noticias\/category\/departamental\/barros-blancos\/\" rel=\"category tag\">Barros Blancos<\/a>","tag_info":"Barros Blancos","comment_count":"0","_links":{"self":[{"href":"https:\/\/diariotiempo.com.uy\/noticias\/wp-json\/wp\/v2\/posts\/21528","targetHints":{"allow":["GET"]}}],"collection":[{"href":"https:\/\/diariotiempo.com.uy\/noticias\/wp-json\/wp\/v2\/posts"}],"about":[{"href":"https:\/\/diariotiempo.com.uy\/noticias\/wp-json\/wp\/v2\/types\/post"}],"author":[{"embeddable":true,"href":"https:\/\/diariotiempo.com.uy\/noticias\/wp-json\/wp\/v2\/users\/1"}],"replies":[{"embeddable":true,"href":"https:\/\/diariotiempo.com.uy\/noticias\/wp-json\/wp\/v2\/comments?post=21528"}],"version-history":[{"count":1,"href":"https:\/\/diariotiempo.com.uy\/noticias\/wp-json\/wp\/v2\/posts\/21528\/revisions"}],"predecessor-version":[{"id":21532,"href":"https:\/\/diariotiempo.com.uy\/noticias\/wp-json\/wp\/v2\/posts\/21528\/revisions\/21532"}],"wp:featuredmedia":[{"embeddable":true,"href":"https:\/\/diariotiempo.com.uy\/noticias\/wp-json\/wp\/v2\/media\/21530"}],"wp:attachment":[{"href":"https:\/\/diariotiempo.com.uy\/noticias\/wp-json\/wp\/v2\/media?parent=21528"}],"wp:term":[{"taxonomy":"category","embeddable":true,"href":"https:\/\/diariotiempo.com.uy\/noticias\/wp-json\/wp\/v2\/categories?post=21528"},{"taxonomy":"post_tag","embeddable":true,"href":"https:\/\/diariotiempo.com.uy\/noticias\/wp-json\/wp\/v2\/tags?post=21528"}],"curies":[{"name":"wp","href":"https:\/\/api.w.org\/{rel}","templated":true}]}}