{"id":21533,"date":"2025-11-28T17:43:44","date_gmt":"2025-11-28T17:43:44","guid":{"rendered":"https:\/\/diariotiempo.com.uy\/noticias\/?p=21533"},"modified":"2025-11-28T17:43:46","modified_gmt":"2025-11-28T17:43:46","slug":"intendencia-presento-temporada-y-desarrollo-turistico-de-canelones-en-ciclo-desayunos-utiles-de-somos-uruguay","status":"publish","type":"post","link":"https:\/\/diariotiempo.com.uy\/noticias\/2025\/11\/28\/intendencia-presento-temporada-y-desarrollo-turistico-de-canelones-en-ciclo-desayunos-utiles-de-somos-uruguay\/","title":{"rendered":"Intendencia present\u00f3 temporada y desarrollo tur\u00edstico de Canelones en ciclo Desayunos \u00datiles de Somos Uruguay"},"content":{"rendered":"\n<figure class=\"wp-block-image size-full\"><img loading=\"lazy\" decoding=\"async\" width=\"900\" height=\"507\" src=\"https:\/\/diariotiempo.com.uy\/noticias\/wp-content\/uploads\/2025\/11\/turismo.jpg\" alt=\"\" class=\"wp-image-21534\" srcset=\"https:\/\/diariotiempo.com.uy\/noticias\/wp-content\/uploads\/2025\/11\/turismo.jpg 900w, https:\/\/diariotiempo.com.uy\/noticias\/wp-content\/uploads\/2025\/11\/turismo-300x169.jpg 300w, https:\/\/diariotiempo.com.uy\/noticias\/wp-content\/uploads\/2025\/11\/turismo-768x433.jpg 768w\" sizes=\"auto, (max-width: 900px) 100vw, 900px\" \/><\/figure>\n\n\n\n<p>El Intendente de Canelones, Francisco Legnani, particip\u00f3 de una nueva edici\u00f3n del ciclo Desayunos \u00datiles organizado por Somos Uruguay, que esta vez tuvo como escenario el Aeropuerto de Laguna del Sauce (Maldonado), donde present\u00f3 lo m\u00e1s destacado de la pr\u00f3xima temporada estival en el departamento y expuso sobre el desarrollo tur\u00edstico que se viene experimentando.<\/p>\n\n\n\n<p>La jornada, denominada \u201cTurismo en la costa oce\u00e1nica y la Costa de Oro: un desaf\u00edo renovado\u201d, cont\u00f3 tambi\u00e9n con la participaci\u00f3n del ministro de Turismo, Pablo Menoni, el Intendente de Maldonado, Miguel \u00c1ngel Abella, y el Intendente de Rocha, Alejo Umpi\u00e9rrez. Durante su intervenci\u00f3n, Legnani inform\u00f3 que el departamento desplegar\u00e1 a partir de este fin de semana 216 guardavidas en 84 casetas (78 en la costa del R\u00edo de la Plata y 6 en playas del R\u00edo Santa Luc\u00eda), adem\u00e1s de 102 bajadas a la playa, estando previsto llegar a 150 al final del per\u00edodo. Destac\u00f3 la reedici\u00f3n del programa Mar al Alcance, que ofrecer\u00e1 bajadas accesibles, sillas anfibias y personal capacitado en su bajada original de \u00c1rbol de Judea en Atl\u00e1ntida y del mismo modo en playas especialmente adaptadas de La Floresta y Solymar. Se\u00f1al\u00f3 como un hecho destacado el servicio que brindar\u00e1n los 22 paradores licitados y desplegados a lo largo de toda la costa, as\u00ed como una intensa programaci\u00f3n de actividades deportivas en el estadio de deportes de playa \u201cArena de Costa Azul\u201d. Asimismo, inform\u00f3 que el Gobierno Departamental destinar\u00e1 $ 5.217.000 para apoyar el trabajo de Prefectura durante la temporada. <\/p>\n\n\n\n<p>En materia de espect\u00e1culos gratuitos y proyectos de dinamizaci\u00f3n econ\u00f3mica, anunci\u00f3 una nueva edici\u00f3n del festival \u201cCanelones Suena Bien\u201d, que se realizar\u00e1 los d\u00edas jueves 29 y s\u00e1bado 31 de enero en la Manzana Cero de Atl\u00e1ntida, con la presencia de artistas nacionales e internacionales de primer nivel, cuyos nombres ser\u00e1n informados en los pr\u00f3ximos d\u00edas. Respecto a este evento, remarc\u00f3 su impacto en la actividad comercial en todos los balnearios que conforman la Costa de Oro, tanto para establecimientos gastron\u00f3micos y hoteles como para peque\u00f1os emprendimientos. Algo similar, dijo, sucede con la tradicional Fiesta de la Cerveza Artesanal de Parque del Plata que est\u00e1 marcada en 2026 para el fin de semana previo a semana de turismo. Pero m\u00e1s all\u00e1 de la propuesta de sol y playa, el intendente enfatiz\u00f3 que en Canelones \u201ctenemos 32 municipios y en todos ellos contamos con propuestas de turismo todo el a\u00f1o, con fiestas en cada rinc\u00f3n, cada una con su propio sello identitario\u201d. En cuanto al enoturismo, anunci\u00f3 la pr\u00f3xima implementaci\u00f3n del Kil\u00f3metro Cero del sector en el Museo de la Uva y el Vino en Las Piedras, as\u00ed como la concreci\u00f3n de un acuerdo reciente con agencias extranjeras con el fin de propiciar la visita de turistas japoneses a las bodegas canarias. Dijo, adem\u00e1s, que se busca aprovechar la llegada de cruceros a costas uruguayas para generar recorridos por los establecimientos de Canelones, que han demostrado contar con propuestas excelentes, a la altura de los turistas m\u00e1s exigentes. <\/p>\n\n\n\n<p>Pensando en el futuro, el intendente se refiri\u00f3 a las obras de infraestructura que permitir\u00e1n una transformaci\u00f3n muy positiva de Atl\u00e1ntida, principal balneario del departamento. Asegur\u00f3 que las mismas tendr\u00e1n como resultado un desarrollo muy importante de toda la franja este de Canelones. Record\u00f3 los trabajos previstos en materia de saneamiento, que implicar\u00e1n una inversi\u00f3n de 50 millones de d\u00f3lares financiados por intermedio de un fideicomiso que fue aprobado por amplia mayor\u00eda en la Junta Departamental, y los 40 millones de d\u00f3lares anunciados por el Ministerio de Salud P\u00fablica para la construcci\u00f3n del futuro Hospital de la Costa en la intersecci\u00f3n de la Interbalnearia y Ruta 11. Tambi\u00e9n inform\u00f3 sobre la obra que dar\u00e1 soluci\u00f3n definitiva al abastecimiento de agua potable en la Costa de Oro, todo el a\u00f1o, con la construcci\u00f3n de una reserva de seis millones de metros c\u00fabicos en el arroyo Sol\u00eds Chico y un tendido de ca\u00f1er\u00edas que llegar\u00e1 hasta Jaureguiberry. Al referirse al crecimiento sostenido en materia de visitantes, se\u00f1al\u00f3 que \u201cen el a\u00f1o 2024 visitaron nuestro departamento cerca del mill\u00f3n de turistas\u201d, y que Canelones capt\u00f3 la mayor cantidad de turismo interno del pa\u00eds, aunque tambi\u00e9n recibi\u00f3 el \u00faltimo verano a cerca de 70.000 extranjeros (la mayor\u00eda argentinos). \u201cEl turista que vino a Canelones, que verane\u00f3 en Canelones, volvi\u00f3, y eso es producto del trabajo entre el gobierno nacional, el departamental, los municipios y el sector privado\u201d, afirm\u00f3. Enfatiz\u00f3 la necesidad de planificar el desarrollo tur\u00edstico con visi\u00f3n de largo plazo. Indic\u00f3 que \u201chay que pensar en nuestro departamento y en nuestro pa\u00eds a 20 o 30 a\u00f1os para adelante\u201d, haciendo referencia a las obras de movilidad y conectividad que potenciar\u00e1n el ingreso de visitantes. En tal sentido, puso como ejemplo la necesidad de ampliar la Ruta 11, v\u00eda por la cual ingresa a nuestro departamento, para continuar hacia el este, una significativa cantidad de visitantes argentinos.<\/p>\n","protected":false},"excerpt":{"rendered":"<p>El Intendente de Canelones, Francisco Legnani, particip\u00f3 de una nueva edici\u00f3n del ciclo Desayunos \u00datiles&#8230;<\/p>\n","protected":false},"author":1,"featured_media":21534,"comment_status":"closed","ping_status":"closed","sticky":false,"template":"","format":"standard","meta":{"_monsterinsights_skip_tracking":false,"_monsterinsights_sitenote_active":false,"_monsterinsights_sitenote_note":"","_monsterinsights_sitenote_category":0,"footnotes":""},"categories":[4],"tags":[],"class_list":["post-21533","post","type-post","status-publish","format-standard","has-post-thumbnail","hentry","category-departamental"],"featured_image_urls":{"full":["https:\/\/diariotiempo.com.uy\/noticias\/wp-content\/uploads\/2025\/11\/turismo.jpg",900,507,false],"thumbnail":["https:\/\/diariotiempo.com.uy\/noticias\/wp-content\/uploads\/2025\/11\/turismo-150x150.jpg",150,150,true],"medium":["https:\/\/diariotiempo.com.uy\/noticias\/wp-content\/uploads\/2025\/11\/turismo-300x169.jpg",300,169,true],"medium_large":["https:\/\/diariotiempo.com.uy\/noticias\/wp-content\/uploads\/2025\/11\/turismo-768x433.jpg",640,361,true],"large":["https:\/\/diariotiempo.com.uy\/noticias\/wp-content\/uploads\/2025\/11\/turismo.jpg",640,361,false],"rpg_gallery_admin_thumb":["https:\/\/diariotiempo.com.uy\/noticias\/wp-content\/uploads\/2025\/11\/turismo-150x150.jpg",150,150,true],"rpg_gallery_thumb":["https:\/\/diariotiempo.com.uy\/noticias\/wp-content\/uploads\/2025\/11\/turismo-150x150.jpg",150,150,true],"1536x1536":["https:\/\/diariotiempo.com.uy\/noticias\/wp-content\/uploads\/2025\/11\/turismo.jpg",900,507,false],"2048x2048":["https:\/\/diariotiempo.com.uy\/noticias\/wp-content\/uploads\/2025\/11\/turismo.jpg",900,507,false],"covernews-slider-full":["https:\/\/diariotiempo.com.uy\/noticias\/wp-content\/uploads\/2025\/11\/turismo.jpg",900,507,false],"covernews-slider-center":["https:\/\/diariotiempo.com.uy\/noticias\/wp-content\/uploads\/2025\/11\/turismo-800x500.jpg",800,500,true],"covernews-featured":["https:\/\/diariotiempo.com.uy\/noticias\/wp-content\/uploads\/2025\/11\/turismo.jpg",900,507,false],"covernews-medium":["https:\/\/diariotiempo.com.uy\/noticias\/wp-content\/uploads\/2025\/11\/turismo-540x340.jpg",540,340,true],"covernews-medium-square":["https:\/\/diariotiempo.com.uy\/noticias\/wp-content\/uploads\/2025\/11\/turismo-400x250.jpg",400,250,true]},"author_info":{"display_name":"diario","author_link":"https:\/\/diariotiempo.com.uy\/noticias\/author\/diario\/"},"category_info":"<a href=\"https:\/\/diariotiempo.com.uy\/noticias\/category\/departamental\/\" rel=\"category tag\">DEPARTAMENTAL<\/a>","tag_info":"DEPARTAMENTAL","comment_count":"0","_links":{"self":[{"href":"https:\/\/diariotiempo.com.uy\/noticias\/wp-json\/wp\/v2\/posts\/21533","targetHints":{"allow":["GET"]}}],"collection":[{"href":"https:\/\/diariotiempo.com.uy\/noticias\/wp-json\/wp\/v2\/posts"}],"about":[{"href":"https:\/\/diariotiempo.com.uy\/noticias\/wp-json\/wp\/v2\/types\/post"}],"author":[{"embeddable":true,"href":"https:\/\/diariotiempo.com.uy\/noticias\/wp-json\/wp\/v2\/users\/1"}],"replies":[{"embeddable":true,"href":"https:\/\/diariotiempo.com.uy\/noticias\/wp-json\/wp\/v2\/comments?post=21533"}],"version-history":[{"count":1,"href":"https:\/\/diariotiempo.com.uy\/noticias\/wp-json\/wp\/v2\/posts\/21533\/revisions"}],"predecessor-version":[{"id":21535,"href":"https:\/\/diariotiempo.com.uy\/noticias\/wp-json\/wp\/v2\/posts\/21533\/revisions\/21535"}],"wp:featuredmedia":[{"embeddable":true,"href":"https:\/\/diariotiempo.com.uy\/noticias\/wp-json\/wp\/v2\/media\/21534"}],"wp:attachment":[{"href":"https:\/\/diariotiempo.com.uy\/noticias\/wp-json\/wp\/v2\/media?parent=21533"}],"wp:term":[{"taxonomy":"category","embeddable":true,"href":"https:\/\/diariotiempo.com.uy\/noticias\/wp-json\/wp\/v2\/categories?post=21533"},{"taxonomy":"post_tag","embeddable":true,"href":"https:\/\/diariotiempo.com.uy\/noticias\/wp-json\/wp\/v2\/tags?post=21533"}],"curies":[{"name":"wp","href":"https:\/\/api.w.org\/{rel}","templated":true}]}}