{"id":21536,"date":"2025-11-28T17:45:20","date_gmt":"2025-11-28T17:45:20","guid":{"rendered":"https:\/\/diariotiempo.com.uy\/noticias\/?p=21536"},"modified":"2025-11-28T17:45:22","modified_gmt":"2025-11-28T17:45:22","slug":"intendencia-demolio-viviendas-precarias-en-paso-carrasco-y-avanza-con-proyecto-que-realojara-a-116-familias","status":"publish","type":"post","link":"https:\/\/diariotiempo.com.uy\/noticias\/2025\/11\/28\/intendencia-demolio-viviendas-precarias-en-paso-carrasco-y-avanza-con-proyecto-que-realojara-a-116-familias\/","title":{"rendered":"Intendencia demoli\u00f3 viviendas precarias en Paso Carrasco y avanza con proyecto que realojar\u00e1 a 116 familias"},"content":{"rendered":"\n<figure class=\"wp-block-image size-full\"><img loading=\"lazy\" decoding=\"async\" width=\"900\" height=\"506\" src=\"https:\/\/diariotiempo.com.uy\/noticias\/wp-content\/uploads\/2025\/11\/paso.jpg\" alt=\"\" class=\"wp-image-21537\" srcset=\"https:\/\/diariotiempo.com.uy\/noticias\/wp-content\/uploads\/2025\/11\/paso.jpg 900w, https:\/\/diariotiempo.com.uy\/noticias\/wp-content\/uploads\/2025\/11\/paso-300x169.jpg 300w, https:\/\/diariotiempo.com.uy\/noticias\/wp-content\/uploads\/2025\/11\/paso-768x432.jpg 768w\" sizes=\"auto, (max-width: 900px) 100vw, 900px\" \/><figcaption class=\"wp-element-caption\">DCIM\\100MEDIA\\DJI_0016.JPG<\/figcaption><\/figure>\n\n\n\n<p>El Gobierno Departamental inici\u00f3 este martes la demolici\u00f3n de un conjunto de viviendas precarias ubicadas en la Rambla Costanera del arroyo Carrasco, a la altura de la calle Santiago V\u00e1zquez, en Paso Carrasco. La intervenci\u00f3n forma parte de un proceso que ya lleva un largo recorrido y que implica la preparaci\u00f3n del predio donde se desarrollar\u00e1 un proyecto integral de infraestructura y vivienda destinado a transformar las condiciones de vida de m\u00e1s de un centenar de familias de la zona. Desde hace meses se viene trabajando por parte de la Direcci\u00f3n General de Obras y ahora tambi\u00e9n por la Direcci\u00f3n de Vivienda en aspectos como el relleno del terreno inundable, las demoliciones necesarias \u2014como la que se concret\u00f3 en las \u00faltimas horas\u2014 y el realojo provisorio de los vecinos y vecinas. El plan contempla la construcci\u00f3n de 90 viviendas nuevas, adem\u00e1s de saneamiento, agua potable, apertura y regularizaci\u00f3n de calles, alumbrado p\u00fablico, recuperaci\u00f3n de la faja costera, creaci\u00f3n de un espacio p\u00fablico, un centro cultural y la limpieza de puntos cr\u00edticos de basurales. La iniciativa combina estas obras con diversos subsidios habitacionales, alcanzando un total de 116 soluciones previstas para familias que hoy residen en condiciones de alta vulnerabilidad. Las viviendas derribadas este lunes corresponden a personas que ya hab\u00edan sido realojadas provisoriamente como parte del proceso de acompa\u00f1amiento social. <\/p>\n\n\n\n<p>En esta zona se concentran familias que han convivido durante a\u00f1os con los desbordes del arroyo Carrasco y la falta de infraestructura b\u00e1sica, en un entorno con fuerte presencia de ni\u00f1os, ni\u00f1as y personas mayores, algunas de las cuales, seg\u00fan se comprob\u00f3, sufren afecciones de salud.La directora general de Obras, Laura Morales, explic\u00f3 que en esa direcci\u00f3n \u201cdesde hace tiempo venimos trabajando en el acondicionamiento de una zona que b\u00e1sicamente es un ba\u00f1ado\u201d, ubicado en la orilla del arroyo Carrasco, cerca de su desembocadura, para que se puedan instalar las nuevas viviendas en condiciones adecuadas. El trabajo previo incluy\u00f3 tambi\u00e9n la compra y acondicionamiento de contenedores para realojar provisoriamente a las personas que debieron abandonar las viviendas precarias que son demolidas. El director de Vivienda, Rodrigo Amengual, destac\u00f3 la dimensi\u00f3n del proyecto y explic\u00f3 que la obra implicar\u00e1 un cambio sustantivo en la calidad de vida de los hogares involucrados. \u201cLa tarea implica el derrumbe, la recuperaci\u00f3n del espacio, el movimiento de suelo y estamos en las gateras de un proyecto muy grande de infraestructura\u201d, dijo.Subray\u00f3 que el alcance del proyecto ser\u00e1 muy importante e impactar\u00e1 positivamente tanto en estas familias como en todo el municipio.<\/p>\n\n\n\n<p>Todas estas personas van a tener saneamiento, un ba\u00f1o, una cocina, agua potable, un lugar para vivir y descansar sin estar sujetos a las inclemencias del tiempo. Pero tambi\u00e9n va a cambiar Paso Carrasco, porque esto trae servicios, infraestructura y espacios para toda la comunidad\u201d, explic\u00f3. El inicio de las obras est\u00e1 previsto para el primer trimestre del pr\u00f3ximo a\u00f1o, una vez culminadas las etapas administrativas. Seg\u00fan se\u00f1al\u00f3 el jerarca, \u201cvamos a estar haciendo la firma y el comienzo de las obras se va a ejecutar con dos empresas, una que va a hacer infraestructura y otra la construcci\u00f3n de las viviendas. Vamos a tener tres frentes de trabajo y entendemos que el proyecto va a estar finalizado en el entorno de los 12 meses\u201d. indic\u00f3.<\/p>\n\n\n\n<p>Fotos IMC\u00a0<\/p>\n\n\n\n<p><\/p>\n","protected":false},"excerpt":{"rendered":"<p>El Gobierno Departamental inici\u00f3 este martes la demolici\u00f3n de un conjunto de viviendas precarias ubicadas&#8230;<\/p>\n","protected":false},"author":1,"featured_media":21537,"comment_status":"closed","ping_status":"closed","sticky":false,"template":"","format":"standard","meta":{"_monsterinsights_skip_tracking":false,"_monsterinsights_sitenote_active":false,"_monsterinsights_sitenote_note":"","_monsterinsights_sitenote_category":0,"footnotes":""},"categories":[4],"tags":[],"class_list":["post-21536","post","type-post","status-publish","format-standard","has-post-thumbnail","hentry","category-departamental"],"featured_image_urls":{"full":["https:\/\/diariotiempo.com.uy\/noticias\/wp-content\/uploads\/2025\/11\/paso.jpg",900,506,false],"thumbnail":["https:\/\/diariotiempo.com.uy\/noticias\/wp-content\/uploads\/2025\/11\/paso-150x150.jpg",150,150,true],"medium":["https:\/\/diariotiempo.com.uy\/noticias\/wp-content\/uploads\/2025\/11\/paso-300x169.jpg",300,169,true],"medium_large":["https:\/\/diariotiempo.com.uy\/noticias\/wp-content\/uploads\/2025\/11\/paso-768x432.jpg",640,360,true],"large":["https:\/\/diariotiempo.com.uy\/noticias\/wp-content\/uploads\/2025\/11\/paso.jpg",640,360,false],"rpg_gallery_admin_thumb":["https:\/\/diariotiempo.com.uy\/noticias\/wp-content\/uploads\/2025\/11\/paso-150x150.jpg",150,150,true],"rpg_gallery_thumb":["https:\/\/diariotiempo.com.uy\/noticias\/wp-content\/uploads\/2025\/11\/paso-150x150.jpg",150,150,true],"1536x1536":["https:\/\/diariotiempo.com.uy\/noticias\/wp-content\/uploads\/2025\/11\/paso.jpg",900,506,false],"2048x2048":["https:\/\/diariotiempo.com.uy\/noticias\/wp-content\/uploads\/2025\/11\/paso.jpg",900,506,false],"covernews-slider-full":["https:\/\/diariotiempo.com.uy\/noticias\/wp-content\/uploads\/2025\/11\/paso.jpg",900,506,false],"covernews-slider-center":["https:\/\/diariotiempo.com.uy\/noticias\/wp-content\/uploads\/2025\/11\/paso-800x500.jpg",800,500,true],"covernews-featured":["https:\/\/diariotiempo.com.uy\/noticias\/wp-content\/uploads\/2025\/11\/paso.jpg",900,506,false],"covernews-medium":["https:\/\/diariotiempo.com.uy\/noticias\/wp-content\/uploads\/2025\/11\/paso-540x340.jpg",540,340,true],"covernews-medium-square":["https:\/\/diariotiempo.com.uy\/noticias\/wp-content\/uploads\/2025\/11\/paso-400x250.jpg",400,250,true]},"author_info":{"display_name":"diario","author_link":"https:\/\/diariotiempo.com.uy\/noticias\/author\/diario\/"},"category_info":"<a href=\"https:\/\/diariotiempo.com.uy\/noticias\/category\/departamental\/\" rel=\"category tag\">DEPARTAMENTAL<\/a>","tag_info":"DEPARTAMENTAL","comment_count":"0","_links":{"self":[{"href":"https:\/\/diariotiempo.com.uy\/noticias\/wp-json\/wp\/v2\/posts\/21536","targetHints":{"allow":["GET"]}}],"collection":[{"href":"https:\/\/diariotiempo.com.uy\/noticias\/wp-json\/wp\/v2\/posts"}],"about":[{"href":"https:\/\/diariotiempo.com.uy\/noticias\/wp-json\/wp\/v2\/types\/post"}],"author":[{"embeddable":true,"href":"https:\/\/diariotiempo.com.uy\/noticias\/wp-json\/wp\/v2\/users\/1"}],"replies":[{"embeddable":true,"href":"https:\/\/diariotiempo.com.uy\/noticias\/wp-json\/wp\/v2\/comments?post=21536"}],"version-history":[{"count":1,"href":"https:\/\/diariotiempo.com.uy\/noticias\/wp-json\/wp\/v2\/posts\/21536\/revisions"}],"predecessor-version":[{"id":21538,"href":"https:\/\/diariotiempo.com.uy\/noticias\/wp-json\/wp\/v2\/posts\/21536\/revisions\/21538"}],"wp:featuredmedia":[{"embeddable":true,"href":"https:\/\/diariotiempo.com.uy\/noticias\/wp-json\/wp\/v2\/media\/21537"}],"wp:attachment":[{"href":"https:\/\/diariotiempo.com.uy\/noticias\/wp-json\/wp\/v2\/media?parent=21536"}],"wp:term":[{"taxonomy":"category","embeddable":true,"href":"https:\/\/diariotiempo.com.uy\/noticias\/wp-json\/wp\/v2\/categories?post=21536"},{"taxonomy":"post_tag","embeddable":true,"href":"https:\/\/diariotiempo.com.uy\/noticias\/wp-json\/wp\/v2\/tags?post=21536"}],"curies":[{"name":"wp","href":"https:\/\/api.w.org\/{rel}","templated":true}]}}