{"id":21594,"date":"2025-12-03T14:47:49","date_gmt":"2025-12-03T14:47:49","guid":{"rendered":"https:\/\/diariotiempo.com.uy\/noticias\/?p=21594"},"modified":"2025-12-03T14:47:53","modified_gmt":"2025-12-03T14:47:53","slug":"reinauguran-mural-el-artista-haro-en-homenaje-al-candombe","status":"publish","type":"post","link":"https:\/\/diariotiempo.com.uy\/noticias\/2025\/12\/03\/reinauguran-mural-el-artista-haro-en-homenaje-al-candombe\/","title":{"rendered":"Reinauguran mural el Artista Haro en homenaje al Candombe"},"content":{"rendered":"\n<figure class=\"wp-block-gallery has-nested-images columns-2 is-cropped wp-block-gallery-1 is-layout-flex wp-block-gallery-is-layout-flex\">\n<figure class=\"wp-block-image size-large\"><img loading=\"lazy\" decoding=\"async\" width=\"700\" height=\"525\" data-id=\"21595\" src=\"https:\/\/diariotiempo.com.uy\/noticias\/wp-content\/uploads\/2025\/12\/mural.jpg\" alt=\"\" class=\"wp-image-21595\" srcset=\"https:\/\/diariotiempo.com.uy\/noticias\/wp-content\/uploads\/2025\/12\/mural.jpg 700w, https:\/\/diariotiempo.com.uy\/noticias\/wp-content\/uploads\/2025\/12\/mural-300x225.jpg 300w\" sizes=\"auto, (max-width: 700px) 100vw, 700px\" \/><\/figure>\n\n\n\n<figure class=\"wp-block-image size-large\"><img loading=\"lazy\" decoding=\"async\" width=\"700\" height=\"525\" data-id=\"21596\" src=\"https:\/\/diariotiempo.com.uy\/noticias\/wp-content\/uploads\/2025\/12\/murall.jpg\" alt=\"\" class=\"wp-image-21596\" srcset=\"https:\/\/diariotiempo.com.uy\/noticias\/wp-content\/uploads\/2025\/12\/murall.jpg 700w, https:\/\/diariotiempo.com.uy\/noticias\/wp-content\/uploads\/2025\/12\/murall-300x225.jpg 300w\" sizes=\"auto, (max-width: 700px) 100vw, 700px\" \/><\/figure>\n\n\n\n<figure class=\"wp-block-image size-large\"><img loading=\"lazy\" decoding=\"async\" width=\"861\" height=\"1024\" data-id=\"21597\" src=\"https:\/\/diariotiempo.com.uy\/noticias\/wp-content\/uploads\/2025\/12\/1-861x1024.jpg\" alt=\"\" class=\"wp-image-21597\" srcset=\"https:\/\/diariotiempo.com.uy\/noticias\/wp-content\/uploads\/2025\/12\/1-861x1024.jpg 861w, https:\/\/diariotiempo.com.uy\/noticias\/wp-content\/uploads\/2025\/12\/1-252x300.jpg 252w, https:\/\/diariotiempo.com.uy\/noticias\/wp-content\/uploads\/2025\/12\/1-768x913.jpg 768w, https:\/\/diariotiempo.com.uy\/noticias\/wp-content\/uploads\/2025\/12\/1.jpg 900w\" sizes=\"auto, (max-width: 861px) 100vw, 861px\" \/><\/figure>\n<\/figure>\n\n\n\n<p>En el D\u00eda Nacional del Candombe, la Cultura Afrouruguaya y la Equidad Racial que se celebra cada 3 de diciembre en Uruguay, \u00e9ste mi\u00e9rcoles a la hora 19:00 se reinaugura el mural ubicado en calle Treinta y Tres, Pando; realizado y restaurado por el Artista Pl\u00e1stico Luis Haro. Participar\u00e1 la Comparse Abran Cancha.<\/p>\n\n\n\n<p>El candombe, nacido de procesos de resistencia y transmisi\u00f3n comunitaria afrodescendiente, constituye una de las expresiones m\u00e1s significativas del pa\u00eds. Su vigencia reafirma la fuerza de las memorias que lo sostienen y el aporte fundamental de las comunidades que lo han preservado a lo largo del tiempo. Declarado Patrimonio Cultural Inmaterial de la Humanidad por la UNESCO, es hoy un s\u00edmbolo que proyecta a Uruguay en el mundo a trav\u00e9s de su m\u00fasica, su danza y su historia.<\/p>\n\n\n\n<p>En esta jornada, la Comisi\u00f3n Interministerial de Apoyo al Tango y al Candombe (CIATyC) destaca al candombe como territorio de expresi\u00f3n, construcci\u00f3n colectiva y afirmaci\u00f3n cultural; un espacio que interpela nuestras pr\u00e1cticas, invita a profundizar en la equidad racial y recuerda la importancia de garantizar el pleno ejercicio de derechos para todas las personas.<\/p>\n\n\n\n<p>La CIATyC reafirma adem\u00e1s el compromiso institucional del Estado uruguayo con el cuidado, la promoci\u00f3n y el respeto de estas manifestaciones culturales que nos definen como sociedad.<\/p>\n\n\n\n<p>Desde el Ministerio de Turismo se subraya la relevancia de estos aportes en la construcci\u00f3n de un pa\u00eds diverso, inclusivo y abierto, donde la cultura forma parte del desarrollo tur\u00edstico de manera respetuosa y sostenible. El candombe, con sus barrios hist\u00f3ricos, comparsas y espacios de transmisi\u00f3n comunitaria, integra un patrimonio vivo que enriquece la experiencia de quienes visitan Uruguay.<\/p>\n\n\n\n<p>Actividades con apoyo de la CIATyC<\/p>\n\n\n\n<p>Este a\u00f1o, distintas actividades se desarrollan en varios departamentos, con el apoyo de la CIATyC, en el marco de las pol\u00edticas orientadas a la protecci\u00f3n y promoci\u00f3n del candombe y la cultura afrouruguaya.<\/p>\n\n\n\n<p>Canelones &#8211; Actividad educativa (no abierta al p\u00fablico)<\/p>\n\n\n\n<p>En coordinaci\u00f3n con Rutas UNESCO, se realizar\u00e1n actividades en las escuelas de la RedPEA:<\/p>\n\n\n\n<ul class=\"wp-block-list\">\n<li>Escuela N.\u00ba 171 Dinamarca (Barros Blancos)<\/li>\n\n\n\n<li>Escuela N.\u00ba 267 (Villa El Tejado, Colonia Nicolich)<\/li>\n\n\n\n<li>El mi\u00e9rcoles 3 de diciembre, ni\u00f1as y ni\u00f1os participar\u00e1n de un taller de percusi\u00f3n a cargo de C1080.<\/li>\n\n\n\n<li>Reinauguraci\u00f3n del mural ubicado en calle Treinta y Tres (abierto al p\u00fablico)<\/li>\n<\/ul>\n","protected":false},"excerpt":{"rendered":"<p>En el D\u00eda Nacional del Candombe, la Cultura Afrouruguaya y la Equidad Racial que se&#8230;<\/p>\n","protected":false},"author":1,"featured_media":21596,"comment_status":"closed","ping_status":"closed","sticky":false,"template":"","format":"standard","meta":{"_monsterinsights_skip_tracking":false,"_monsterinsights_sitenote_active":false,"_monsterinsights_sitenote_note":"","_monsterinsights_sitenote_category":0,"footnotes":""},"categories":[11],"tags":[],"class_list":["post-21594","post","type-post","status-publish","format-standard","has-post-thumbnail","hentry","category-noticia-destacada"],"featured_image_urls":{"full":["https:\/\/diariotiempo.com.uy\/noticias\/wp-content\/uploads\/2025\/12\/murall.jpg",700,525,false],"thumbnail":["https:\/\/diariotiempo.com.uy\/noticias\/wp-content\/uploads\/2025\/12\/murall-150x150.jpg",150,150,true],"medium":["https:\/\/diariotiempo.com.uy\/noticias\/wp-content\/uploads\/2025\/12\/murall-300x225.jpg",300,225,true],"medium_large":["https:\/\/diariotiempo.com.uy\/noticias\/wp-content\/uploads\/2025\/12\/murall.jpg",640,480,false],"large":["https:\/\/diariotiempo.com.uy\/noticias\/wp-content\/uploads\/2025\/12\/murall.jpg",640,480,false],"rpg_gallery_admin_thumb":["https:\/\/diariotiempo.com.uy\/noticias\/wp-content\/uploads\/2025\/12\/murall-150x150.jpg",150,150,true],"rpg_gallery_thumb":["https:\/\/diariotiempo.com.uy\/noticias\/wp-content\/uploads\/2025\/12\/murall-150x150.jpg",150,150,true],"1536x1536":["https:\/\/diariotiempo.com.uy\/noticias\/wp-content\/uploads\/2025\/12\/murall.jpg",700,525,false],"2048x2048":["https:\/\/diariotiempo.com.uy\/noticias\/wp-content\/uploads\/2025\/12\/murall.jpg",700,525,false],"covernews-slider-full":["https:\/\/diariotiempo.com.uy\/noticias\/wp-content\/uploads\/2025\/12\/murall.jpg",700,525,false],"covernews-slider-center":["https:\/\/diariotiempo.com.uy\/noticias\/wp-content\/uploads\/2025\/12\/murall-700x500.jpg",700,500,true],"covernews-featured":["https:\/\/diariotiempo.com.uy\/noticias\/wp-content\/uploads\/2025\/12\/murall.jpg",700,525,false],"covernews-medium":["https:\/\/diariotiempo.com.uy\/noticias\/wp-content\/uploads\/2025\/12\/murall-540x340.jpg",540,340,true],"covernews-medium-square":["https:\/\/diariotiempo.com.uy\/noticias\/wp-content\/uploads\/2025\/12\/murall-400x250.jpg",400,250,true]},"author_info":{"display_name":"diario","author_link":"https:\/\/diariotiempo.com.uy\/noticias\/author\/diario\/"},"category_info":"<a href=\"https:\/\/diariotiempo.com.uy\/noticias\/category\/noticia-destacada\/\" rel=\"category tag\">NOTICIA DESTACADA<\/a>","tag_info":"NOTICIA DESTACADA","comment_count":"0","_links":{"self":[{"href":"https:\/\/diariotiempo.com.uy\/noticias\/wp-json\/wp\/v2\/posts\/21594","targetHints":{"allow":["GET"]}}],"collection":[{"href":"https:\/\/diariotiempo.com.uy\/noticias\/wp-json\/wp\/v2\/posts"}],"about":[{"href":"https:\/\/diariotiempo.com.uy\/noticias\/wp-json\/wp\/v2\/types\/post"}],"author":[{"embeddable":true,"href":"https:\/\/diariotiempo.com.uy\/noticias\/wp-json\/wp\/v2\/users\/1"}],"replies":[{"embeddable":true,"href":"https:\/\/diariotiempo.com.uy\/noticias\/wp-json\/wp\/v2\/comments?post=21594"}],"version-history":[{"count":1,"href":"https:\/\/diariotiempo.com.uy\/noticias\/wp-json\/wp\/v2\/posts\/21594\/revisions"}],"predecessor-version":[{"id":21598,"href":"https:\/\/diariotiempo.com.uy\/noticias\/wp-json\/wp\/v2\/posts\/21594\/revisions\/21598"}],"wp:featuredmedia":[{"embeddable":true,"href":"https:\/\/diariotiempo.com.uy\/noticias\/wp-json\/wp\/v2\/media\/21596"}],"wp:attachment":[{"href":"https:\/\/diariotiempo.com.uy\/noticias\/wp-json\/wp\/v2\/media?parent=21594"}],"wp:term":[{"taxonomy":"category","embeddable":true,"href":"https:\/\/diariotiempo.com.uy\/noticias\/wp-json\/wp\/v2\/categories?post=21594"},{"taxonomy":"post_tag","embeddable":true,"href":"https:\/\/diariotiempo.com.uy\/noticias\/wp-json\/wp\/v2\/tags?post=21594"}],"curies":[{"name":"wp","href":"https:\/\/api.w.org\/{rel}","templated":true}]}}