{"id":21614,"date":"2025-12-05T19:31:47","date_gmt":"2025-12-05T19:31:47","guid":{"rendered":"https:\/\/diariotiempo.com.uy\/noticias\/?p=21614"},"modified":"2025-12-05T19:31:48","modified_gmt":"2025-12-05T19:31:48","slug":"la-orquesta-departamental-lleno-de-musica-el-atardecer-del-parque-artigas-de-pando","status":"publish","type":"post","link":"https:\/\/diariotiempo.com.uy\/noticias\/2025\/12\/05\/la-orquesta-departamental-lleno-de-musica-el-atardecer-del-parque-artigas-de-pando\/","title":{"rendered":"La Orquesta Departamental llen\u00f3 de m\u00fasica el atardecer del Parque Artigas de Pando"},"content":{"rendered":"\n<figure class=\"wp-block-image size-full\"><img loading=\"lazy\" decoding=\"async\" width=\"800\" height=\"432\" src=\"https:\/\/diariotiempo.com.uy\/noticias\/wp-content\/uploads\/2025\/12\/ORQUESTA.jpg\" alt=\"\" class=\"wp-image-21615\" srcset=\"https:\/\/diariotiempo.com.uy\/noticias\/wp-content\/uploads\/2025\/12\/ORQUESTA.jpg 800w, https:\/\/diariotiempo.com.uy\/noticias\/wp-content\/uploads\/2025\/12\/ORQUESTA-300x162.jpg 300w, https:\/\/diariotiempo.com.uy\/noticias\/wp-content\/uploads\/2025\/12\/ORQUESTA-768x415.jpg 768w\" sizes=\"auto, (max-width: 800px) 100vw, 800px\" \/><\/figure>\n\n\n\n<p>Con gran participaci\u00f3n de p\u00fablico, se realiz\u00f3 el segundo concierto del proyecto M\u00fasica en los Parques, un ciclo propuesto por la Direcci\u00f3n General de Espacios P\u00fablicos, y su Direcci\u00f3n de Parques, y la Direcci\u00f3n General de Cultura de la Intendencia de Canelones, con el apoyo de los Municipios de Las Piedras, Pando, Sauce, Ciudad de la Costa y Paso Carrasco. El primer concierto se hab\u00eda realizado en Sauce con la participaci\u00f3n de la Banda Departamental de Tala. <\/p>\n\n\n\n<p>El espect\u00e1culo titulado Un rock ancho como Mar fue un homenaje al rock rioplatense con versiones de Charly Garc\u00eda, Rub\u00e9n Rada, Fito P\u00e1ez, entre otros. Fue un show con arreglos potentes que recorri\u00f3 los temas de los 70s, 80s y 90s m\u00e1s representativos del rock del R\u00edo de la Plata.El director General de Espacio P\u00fablicos, Eugenio Castro, estuvo presente durante el concierto y explic\u00f3 que en el Parque de Pando se trabaja de forma sostenida para mejorarlo y lograr que vecinos y vecinas se apropien y disfruten del espacio.<\/p>\n\n\n\n<p>El alcalde de Pando, Mauricio Chiesa, record\u00f3 que el anfiteatro donde se desarroll\u00f3 el concierto era tradicionalmente ocupado por una orquesta que tocaba en vivo mientras vecinas y vecinos bailaban y valor\u00f3 como muy positiva la actividad. Por su parte, la directora de la Orquesta Departamental de Canelones, M\u00f3nica D\u00edaz, dijo que en la banda est\u00e1n encantados de presentarse en estos lugares y llegar a tanto p\u00fablico, \u201cen este espacio tan hermoso\u201d.El objetivo principal de la propuesta es llevar la cultura a los espacios p\u00fablicos, fortaleciendo as\u00ed la identidad comunitaria que impulsa la integraci\u00f3n y el disfrute colectivo en un marco natural, cercano y accesible. Asimismo, la propuesta promueve la democratizaci\u00f3n del acceso al arte y genera oportunidades de encuentro entre la comunidad. Los conciertos son con entrada libre y gratuita, convocando a la comunidad a compartir tardes de m\u00fasica, encuentro y disfrute en la naturaleza. La pr\u00f3xima presentaci\u00f3n ser\u00e1 el 21 de diciembre en el Parque Artigas Las Piedras, donde actuar\u00e1 la Orquesta Departamental de Canelones a las 19 horas. Mientras que el 8 de febrero en el Parque Roosevelt (fracci\u00f3n 2) se presentar\u00e1 la Banda Departamental de Tala, a las 17 horas.<\/p>\n\n\n\n<p><strong>La Orquesta<\/strong><\/p>\n\n\n\n<p>La Orquesta Departamental de Canelones es un elenco con 115 a\u00f1os de historia. En la actualidad, se presenta con un formato big band pero con aires arrabaleros ya que a la cl\u00e1sica formaci\u00f3n de base r\u00edtmica (bajo, guitarra, piano, bater\u00eda y percusi\u00f3n), brass (trompetas, trombones, saxos y flauta) y cantante se le suman dos bandoneones que llenan de brisas rioplatenses sus interpretaciones. Bajo la batuta de su directora M\u00f3nica D\u00edaz, este elenco de m\u00e1s de 25 m\u00fasicos y m\u00fasicas, profesionales de primer nivel, que ocupan sus cargos luego de haber rendido concurso, vienen desarrollando diversos ciclos tem\u00e1ticos que van desde el ska y el reggae (Jamaica) hasta la cumbia, la salsa y el lat\u00edn jazz (Una orquesta pa\u2019 baila\u2019), pasando por el rock (Un rock ancho como Mar), el jazz de los a\u00f1os 20s (V\u00edsperas de un centenario) y la m\u00fasica para los m\u00e1s peque\u00f1os de su concierto did\u00e1ctico (Instrumentos en familia) o para los m\u00e1s grandes con su concierto \u201cNeonostalgia\u201d.<\/p>\n","protected":false},"excerpt":{"rendered":"<p>Con gran participaci\u00f3n de p\u00fablico, se realiz\u00f3 el segundo concierto del proyecto M\u00fasica en los&#8230;<\/p>\n","protected":false},"author":1,"featured_media":21615,"comment_status":"closed","ping_status":"closed","sticky":false,"template":"","format":"standard","meta":{"_monsterinsights_skip_tracking":false,"_monsterinsights_sitenote_active":false,"_monsterinsights_sitenote_note":"","_monsterinsights_sitenote_category":0,"footnotes":""},"categories":[4],"tags":[],"class_list":["post-21614","post","type-post","status-publish","format-standard","has-post-thumbnail","hentry","category-departamental"],"featured_image_urls":{"full":["https:\/\/diariotiempo.com.uy\/noticias\/wp-content\/uploads\/2025\/12\/ORQUESTA.jpg",800,432,false],"thumbnail":["https:\/\/diariotiempo.com.uy\/noticias\/wp-content\/uploads\/2025\/12\/ORQUESTA-150x150.jpg",150,150,true],"medium":["https:\/\/diariotiempo.com.uy\/noticias\/wp-content\/uploads\/2025\/12\/ORQUESTA-300x162.jpg",300,162,true],"medium_large":["https:\/\/diariotiempo.com.uy\/noticias\/wp-content\/uploads\/2025\/12\/ORQUESTA-768x415.jpg",640,346,true],"large":["https:\/\/diariotiempo.com.uy\/noticias\/wp-content\/uploads\/2025\/12\/ORQUESTA.jpg",640,346,false],"rpg_gallery_admin_thumb":["https:\/\/diariotiempo.com.uy\/noticias\/wp-content\/uploads\/2025\/12\/ORQUESTA-150x150.jpg",150,150,true],"rpg_gallery_thumb":["https:\/\/diariotiempo.com.uy\/noticias\/wp-content\/uploads\/2025\/12\/ORQUESTA-150x150.jpg",150,150,true],"1536x1536":["https:\/\/diariotiempo.com.uy\/noticias\/wp-content\/uploads\/2025\/12\/ORQUESTA.jpg",800,432,false],"2048x2048":["https:\/\/diariotiempo.com.uy\/noticias\/wp-content\/uploads\/2025\/12\/ORQUESTA.jpg",800,432,false],"covernews-slider-full":["https:\/\/diariotiempo.com.uy\/noticias\/wp-content\/uploads\/2025\/12\/ORQUESTA.jpg",800,432,false],"covernews-slider-center":["https:\/\/diariotiempo.com.uy\/noticias\/wp-content\/uploads\/2025\/12\/ORQUESTA.jpg",800,432,false],"covernews-featured":["https:\/\/diariotiempo.com.uy\/noticias\/wp-content\/uploads\/2025\/12\/ORQUESTA.jpg",800,432,false],"covernews-medium":["https:\/\/diariotiempo.com.uy\/noticias\/wp-content\/uploads\/2025\/12\/ORQUESTA-540x340.jpg",540,340,true],"covernews-medium-square":["https:\/\/diariotiempo.com.uy\/noticias\/wp-content\/uploads\/2025\/12\/ORQUESTA-400x250.jpg",400,250,true]},"author_info":{"display_name":"diario","author_link":"https:\/\/diariotiempo.com.uy\/noticias\/author\/diario\/"},"category_info":"<a href=\"https:\/\/diariotiempo.com.uy\/noticias\/category\/departamental\/\" rel=\"category tag\">DEPARTAMENTAL<\/a>","tag_info":"DEPARTAMENTAL","comment_count":"0","_links":{"self":[{"href":"https:\/\/diariotiempo.com.uy\/noticias\/wp-json\/wp\/v2\/posts\/21614","targetHints":{"allow":["GET"]}}],"collection":[{"href":"https:\/\/diariotiempo.com.uy\/noticias\/wp-json\/wp\/v2\/posts"}],"about":[{"href":"https:\/\/diariotiempo.com.uy\/noticias\/wp-json\/wp\/v2\/types\/post"}],"author":[{"embeddable":true,"href":"https:\/\/diariotiempo.com.uy\/noticias\/wp-json\/wp\/v2\/users\/1"}],"replies":[{"embeddable":true,"href":"https:\/\/diariotiempo.com.uy\/noticias\/wp-json\/wp\/v2\/comments?post=21614"}],"version-history":[{"count":1,"href":"https:\/\/diariotiempo.com.uy\/noticias\/wp-json\/wp\/v2\/posts\/21614\/revisions"}],"predecessor-version":[{"id":21616,"href":"https:\/\/diariotiempo.com.uy\/noticias\/wp-json\/wp\/v2\/posts\/21614\/revisions\/21616"}],"wp:featuredmedia":[{"embeddable":true,"href":"https:\/\/diariotiempo.com.uy\/noticias\/wp-json\/wp\/v2\/media\/21615"}],"wp:attachment":[{"href":"https:\/\/diariotiempo.com.uy\/noticias\/wp-json\/wp\/v2\/media?parent=21614"}],"wp:term":[{"taxonomy":"category","embeddable":true,"href":"https:\/\/diariotiempo.com.uy\/noticias\/wp-json\/wp\/v2\/categories?post=21614"},{"taxonomy":"post_tag","embeddable":true,"href":"https:\/\/diariotiempo.com.uy\/noticias\/wp-json\/wp\/v2\/tags?post=21614"}],"curies":[{"name":"wp","href":"https:\/\/api.w.org\/{rel}","templated":true}]}}