{"id":21617,"date":"2025-12-05T19:34:43","date_gmt":"2025-12-05T19:34:43","guid":{"rendered":"https:\/\/diariotiempo.com.uy\/noticias\/?p=21617"},"modified":"2025-12-05T19:34:44","modified_gmt":"2025-12-05T19:34:44","slug":"en-el-dia-nacional-del-candombe-la-cultura-afrouruguaya-y-la-equidad-racial-se-presento-la-restauracion-del-mural-en-pando","status":"publish","type":"post","link":"https:\/\/diariotiempo.com.uy\/noticias\/2025\/12\/05\/en-el-dia-nacional-del-candombe-la-cultura-afrouruguaya-y-la-equidad-racial-se-presento-la-restauracion-del-mural-en-pando\/","title":{"rendered":"En el D\u00eda Nacional del Candombe, la Cultura Afrouruguaya y la\u00a0Equidad Racial, se present\u00f3 la restauraci\u00f3n del mural en Pando"},"content":{"rendered":"\n<figure class=\"wp-block-gallery has-nested-images columns-default is-cropped wp-block-gallery-1 is-layout-flex wp-block-gallery-is-layout-flex\">\n<figure class=\"wp-block-image size-large\"><img loading=\"lazy\" decoding=\"async\" width=\"700\" height=\"525\" data-id=\"21619\" src=\"https:\/\/diariotiempo.com.uy\/noticias\/wp-content\/uploads\/2025\/12\/haro-tambores.jpg\" alt=\"\" class=\"wp-image-21619\" srcset=\"https:\/\/diariotiempo.com.uy\/noticias\/wp-content\/uploads\/2025\/12\/haro-tambores.jpg 700w, https:\/\/diariotiempo.com.uy\/noticias\/wp-content\/uploads\/2025\/12\/haro-tambores-300x225.jpg 300w\" sizes=\"auto, (max-width: 700px) 100vw, 700px\" \/><\/figure>\n\n\n\n<figure class=\"wp-block-image size-large\"><img loading=\"lazy\" decoding=\"async\" width=\"700\" height=\"525\" data-id=\"21621\" src=\"https:\/\/diariotiempo.com.uy\/noticias\/wp-content\/uploads\/2025\/12\/haro.jpg\" alt=\"\" class=\"wp-image-21621\" srcset=\"https:\/\/diariotiempo.com.uy\/noticias\/wp-content\/uploads\/2025\/12\/haro.jpg 700w, https:\/\/diariotiempo.com.uy\/noticias\/wp-content\/uploads\/2025\/12\/haro-300x225.jpg 300w\" sizes=\"auto, (max-width: 700px) 100vw, 700px\" \/><\/figure>\n\n\n\n<figure class=\"wp-block-image size-large\"><img loading=\"lazy\" decoding=\"async\" width=\"700\" height=\"525\" data-id=\"21620\" src=\"https:\/\/diariotiempo.com.uy\/noticias\/wp-content\/uploads\/2025\/12\/mural-1.jpg\" alt=\"\" class=\"wp-image-21620\" srcset=\"https:\/\/diariotiempo.com.uy\/noticias\/wp-content\/uploads\/2025\/12\/mural-1.jpg 700w, https:\/\/diariotiempo.com.uy\/noticias\/wp-content\/uploads\/2025\/12\/mural-1-300x225.jpg 300w\" sizes=\"auto, (max-width: 700px) 100vw, 700px\" \/><\/figure>\n\n\n\n<figure class=\"wp-block-image size-large\"><img loading=\"lazy\" decoding=\"async\" width=\"700\" height=\"525\" data-id=\"21618\" src=\"https:\/\/diariotiempo.com.uy\/noticias\/wp-content\/uploads\/2025\/12\/haro-tambores-alcalde.jpg\" alt=\"\" class=\"wp-image-21618\" srcset=\"https:\/\/diariotiempo.com.uy\/noticias\/wp-content\/uploads\/2025\/12\/haro-tambores-alcalde.jpg 700w, https:\/\/diariotiempo.com.uy\/noticias\/wp-content\/uploads\/2025\/12\/haro-tambores-alcalde-300x225.jpg 300w\" sizes=\"auto, (max-width: 700px) 100vw, 700px\" \/><\/figure>\n<\/figure>\n\n\n\n<p>El d\u00eda 3 de diciembre en el D\u00eda Nacional del Candombe el artista pl\u00e1stico local Luis Haro, restaur\u00f3 el mural ubicado en calle Treinta y Tres esquina Varela realizado por \u00e9l a\u00f1os atr\u00e1s en homenaje al candombe local. Esta actividad fue co organizada con la comparsa local Abran Cancha quienes ofrecieron un show a puro candombe en nuestras calles.<\/p>\n\n\n\n<p>El D\u00eda Nacional del Candombe, la Cultura Afrouruguaya y la Equidad Racial se celebra cada 3 de diciembre en Uruguay porque esa fecha, en 1978, marca la \u00faltima vez que sonaron los tambores de candombe en el \u00abConventillo Mediomundo\u00bb antes de su desalojo y posterior demolici\u00f3n. Este hecho, ocurrido durante la dictadura c\u00edvico-militar, simboliza la resistencia de la comunidad afrouruguaya frente a las medidas discriminatorias y la preservaci\u00f3n de su identidad cultural. <\/p>\n\n\n\n<p>La Ley 18.059, aprobada en 2006, estableci\u00f3 oficialmente esta fecha con el objetivo de: Valorar y difundir la expresi\u00f3n cultural del candombe. Reconocer la contribuci\u00f3n de la poblaci\u00f3n afrodescendiente a la construcci\u00f3n de la identidad nacional. Promover la equidad racial y reflexionar sobre la desigualdad. \u00a0El candombe, una expresi\u00f3n nacida del sufrimiento y la memoria colectiva del pueblo afrodescendiente, es hoy un pilar fundamental de la identidad uruguaya y fue declarado Patrimonio Cultural Inmaterial de la Humanidad por la UNESCO en 2009<\/p>\n\n\n\n<p><\/p>\n","protected":false},"excerpt":{"rendered":"<p>El d\u00eda 3 de diciembre en el D\u00eda Nacional del Candombe el artista pl\u00e1stico local&#8230;<\/p>\n","protected":false},"author":1,"featured_media":21618,"comment_status":"closed","ping_status":"closed","sticky":false,"template":"","format":"standard","meta":{"_monsterinsights_skip_tracking":false,"_monsterinsights_sitenote_active":false,"_monsterinsights_sitenote_note":"","_monsterinsights_sitenote_category":0,"footnotes":""},"categories":[19],"tags":[],"class_list":["post-21617","post","type-post","status-publish","format-standard","has-post-thumbnail","hentry","category-pando"],"featured_image_urls":{"full":["https:\/\/diariotiempo.com.uy\/noticias\/wp-content\/uploads\/2025\/12\/haro-tambores-alcalde.jpg",700,525,false],"thumbnail":["https:\/\/diariotiempo.com.uy\/noticias\/wp-content\/uploads\/2025\/12\/haro-tambores-alcalde-150x150.jpg",150,150,true],"medium":["https:\/\/diariotiempo.com.uy\/noticias\/wp-content\/uploads\/2025\/12\/haro-tambores-alcalde-300x225.jpg",300,225,true],"medium_large":["https:\/\/diariotiempo.com.uy\/noticias\/wp-content\/uploads\/2025\/12\/haro-tambores-alcalde.jpg",640,480,false],"large":["https:\/\/diariotiempo.com.uy\/noticias\/wp-content\/uploads\/2025\/12\/haro-tambores-alcalde.jpg",640,480,false],"rpg_gallery_admin_thumb":["https:\/\/diariotiempo.com.uy\/noticias\/wp-content\/uploads\/2025\/12\/haro-tambores-alcalde-150x150.jpg",150,150,true],"rpg_gallery_thumb":["https:\/\/diariotiempo.com.uy\/noticias\/wp-content\/uploads\/2025\/12\/haro-tambores-alcalde-150x150.jpg",150,150,true],"1536x1536":["https:\/\/diariotiempo.com.uy\/noticias\/wp-content\/uploads\/2025\/12\/haro-tambores-alcalde.jpg",700,525,false],"2048x2048":["https:\/\/diariotiempo.com.uy\/noticias\/wp-content\/uploads\/2025\/12\/haro-tambores-alcalde.jpg",700,525,false],"covernews-slider-full":["https:\/\/diariotiempo.com.uy\/noticias\/wp-content\/uploads\/2025\/12\/haro-tambores-alcalde.jpg",700,525,false],"covernews-slider-center":["https:\/\/diariotiempo.com.uy\/noticias\/wp-content\/uploads\/2025\/12\/haro-tambores-alcalde-700x500.jpg",700,500,true],"covernews-featured":["https:\/\/diariotiempo.com.uy\/noticias\/wp-content\/uploads\/2025\/12\/haro-tambores-alcalde.jpg",700,525,false],"covernews-medium":["https:\/\/diariotiempo.com.uy\/noticias\/wp-content\/uploads\/2025\/12\/haro-tambores-alcalde-540x340.jpg",540,340,true],"covernews-medium-square":["https:\/\/diariotiempo.com.uy\/noticias\/wp-content\/uploads\/2025\/12\/haro-tambores-alcalde-400x250.jpg",400,250,true]},"author_info":{"display_name":"diario","author_link":"https:\/\/diariotiempo.com.uy\/noticias\/author\/diario\/"},"category_info":"<a href=\"https:\/\/diariotiempo.com.uy\/noticias\/category\/departamental\/pando\/\" rel=\"category tag\">Pando<\/a>","tag_info":"Pando","comment_count":"0","_links":{"self":[{"href":"https:\/\/diariotiempo.com.uy\/noticias\/wp-json\/wp\/v2\/posts\/21617","targetHints":{"allow":["GET"]}}],"collection":[{"href":"https:\/\/diariotiempo.com.uy\/noticias\/wp-json\/wp\/v2\/posts"}],"about":[{"href":"https:\/\/diariotiempo.com.uy\/noticias\/wp-json\/wp\/v2\/types\/post"}],"author":[{"embeddable":true,"href":"https:\/\/diariotiempo.com.uy\/noticias\/wp-json\/wp\/v2\/users\/1"}],"replies":[{"embeddable":true,"href":"https:\/\/diariotiempo.com.uy\/noticias\/wp-json\/wp\/v2\/comments?post=21617"}],"version-history":[{"count":1,"href":"https:\/\/diariotiempo.com.uy\/noticias\/wp-json\/wp\/v2\/posts\/21617\/revisions"}],"predecessor-version":[{"id":21622,"href":"https:\/\/diariotiempo.com.uy\/noticias\/wp-json\/wp\/v2\/posts\/21617\/revisions\/21622"}],"wp:featuredmedia":[{"embeddable":true,"href":"https:\/\/diariotiempo.com.uy\/noticias\/wp-json\/wp\/v2\/media\/21618"}],"wp:attachment":[{"href":"https:\/\/diariotiempo.com.uy\/noticias\/wp-json\/wp\/v2\/media?parent=21617"}],"wp:term":[{"taxonomy":"category","embeddable":true,"href":"https:\/\/diariotiempo.com.uy\/noticias\/wp-json\/wp\/v2\/categories?post=21617"},{"taxonomy":"post_tag","embeddable":true,"href":"https:\/\/diariotiempo.com.uy\/noticias\/wp-json\/wp\/v2\/tags?post=21617"}],"curies":[{"name":"wp","href":"https:\/\/api.w.org\/{rel}","templated":true}]}}