{"id":21623,"date":"2025-12-05T19:36:39","date_gmt":"2025-12-05T19:36:39","guid":{"rendered":"https:\/\/diariotiempo.com.uy\/noticias\/?p=21623"},"modified":"2025-12-05T19:36:41","modified_gmt":"2025-12-05T19:36:41","slug":"se-realizo-primera-plantacion-de-arboles-donados-por-plan-ceibal-en-el-parque-artigas-de-pando","status":"publish","type":"post","link":"https:\/\/diariotiempo.com.uy\/noticias\/2025\/12\/05\/se-realizo-primera-plantacion-de-arboles-donados-por-plan-ceibal-en-el-parque-artigas-de-pando\/","title":{"rendered":"Se realiz\u00f3 primera plantaci\u00f3n de \u00e1rboles donados por Plan Ceibal en el parque Artigas de Pando"},"content":{"rendered":"\n<figure class=\"wp-block-gallery has-nested-images columns-default is-cropped wp-block-gallery-1 is-layout-flex wp-block-gallery-is-layout-flex\">\n<figure class=\"wp-block-image size-large\"><img loading=\"lazy\" decoding=\"async\" width=\"700\" height=\"727\" data-id=\"21624\" src=\"https:\/\/diariotiempo.com.uy\/noticias\/wp-content\/uploads\/2025\/12\/arbol-ninos-maestra.jpg\" alt=\"\" class=\"wp-image-21624\" srcset=\"https:\/\/diariotiempo.com.uy\/noticias\/wp-content\/uploads\/2025\/12\/arbol-ninos-maestra.jpg 700w, https:\/\/diariotiempo.com.uy\/noticias\/wp-content\/uploads\/2025\/12\/arbol-ninos-maestra-289x300.jpg 289w\" sizes=\"auto, (max-width: 700px) 100vw, 700px\" \/><\/figure>\n\n\n\n<figure class=\"wp-block-image size-large\"><img loading=\"lazy\" decoding=\"async\" width=\"665\" height=\"1024\" data-id=\"21625\" src=\"https:\/\/diariotiempo.com.uy\/noticias\/wp-content\/uploads\/2025\/12\/arboles-ninos-665x1024.jpg\" alt=\"\" class=\"wp-image-21625\" srcset=\"https:\/\/diariotiempo.com.uy\/noticias\/wp-content\/uploads\/2025\/12\/arboles-ninos-665x1024.jpg 665w, https:\/\/diariotiempo.com.uy\/noticias\/wp-content\/uploads\/2025\/12\/arboles-ninos-195x300.jpg 195w, https:\/\/diariotiempo.com.uy\/noticias\/wp-content\/uploads\/2025\/12\/arboles-ninos.jpg 700w\" sizes=\"auto, (max-width: 665px) 100vw, 665px\" \/><\/figure>\n<\/figure>\n\n\n\n<p>En la zona de juegos infantiles del parque Artigas de Pando, se realiz\u00f3 la primera plantaci\u00f3n de \u00e1rboles donados por Plan Ceibal, que forma parte de una nueva etapa de mejoras a cargo de la Direcci\u00f3n de Parques del Gobierno de Canelones. Participaron vecinas y vecinos, dos escuelas de la zona y la Comisi\u00f3n de Apoyo al Parque de Pando. Los 25 \u00e1rboles plantados fueron especies nativas donadas por Plan Ceibal como parte de un programa de sostenibilidad que busca reducir la huella de carbono que se genera con el uso de computadoras. Se trata de un plan que involucra a la comunidad y que tiene como objetivo transmitir la importancia de las plantaciones de \u00e1rboles. <\/p>\n\n\n\n<p>El parque Artigas de Pando est\u00e1 en un proceso de importante transformaci\u00f3n desde el mes de julio, contando con gran apoyo por parte del Municipio de Pando as\u00ed como de vecinas y vecinos. Durante los 11 cabildos realizados en esta nueva administraci\u00f3n, el parque fue uno de los intereses m\u00e1s destacados por la poblaci\u00f3n y, en ese marco, se conform\u00f3 en las \u00faltimas semanas la Comisi\u00f3n de Apoyo al Parque de Pando. Esta comisi\u00f3n se enmarca en la Ley de Descentralizaci\u00f3n Municipal, que posibilita la creaci\u00f3n de comisiones de apoyo a sitios espec\u00edficos, y fue impulsada por la Direcci\u00f3n de Parques, perteneciente a la Direcci\u00f3n General de Espacios P\u00fablicos, que busca generar instrumentos que permitan abordar las problem\u00e1ticas del parque y sus proyectos de mejoras incluyendo a la comunidad. El director general de Espacios P\u00fablicos, Eugenio Castro, inform\u00f3 que Ceibal ha donado 127 \u00e1rboles al Gobierno de Canelones y que se decidi\u00f3 comenzar en el parque de Pando debido a que actualmente es un espacio que se est\u00e1 desarrollando de forma positiva. La plantaci\u00f3n estuvo a cargo del equipo t\u00e9cnico de la Direcci\u00f3n de Parques y cont\u00f3 con la colaboraci\u00f3n de Animaci\u00f3n Sociocultural de la Direcci\u00f3n de Cultura y el apoyo del Municipio de Pando. El alcalde Mauricio Chiesa expres\u00f3 su alegr\u00eda por el compromiso de la comunidad en esta nueva etapa del espacio p\u00fablico. <\/p>\n\n\n\n<p>Por su parte, Cari Francia, que trabaja en la gesti\u00f3n de residuos de aparatos el\u00e9ctricos en Ceibal e integra su Comisi\u00f3n de Sostenibilidad, explic\u00f3 que desde esa instituci\u00f3n \u201cse est\u00e1 trabajando con distintas organizaciones en la plantaci\u00f3n de \u00e1rboles. Ceibal sabe que entregar dispositivos es formar parte de una cadena de suministros que tienen un impacto en la huella de carbono y en el medio ambiente, entonces una medida de remoci\u00f3n de esta huella es realizar estas acciones e involucrar a la comunidad\u201d . El director de Parques, Jos\u00e9 Freitas, manifest\u00f3 que las plantaciones son momentos de mucha alegr\u00eda y participaci\u00f3n, por lo que se busca involucrar a ni\u00f1as, ni\u00f1os, adolescentes, personas adultas y mayores. \u201cLa idea es plantar mucho en base a un proyecto, a un dise\u00f1o, pero adem\u00e1s plantar con otros para que sea m\u00e1s sostenible y se pueda mantener en el tiempo. Los parques son sitios que deben estar llenos de ecolog\u00eda y de personas\u201d, consider\u00f3. Estuvieron presentes en la actividad el director general de Espacios P\u00fablicos, Eugenio Castro, el director de Parques, Jos\u00e9 Freitas, el alcalde de Pando, Mauricio Chiesa, integrantes de la Comisi\u00f3n de Sostenibilidad de Ceibal, vecinas y vecinos de la Comisi\u00f3n de Apoyo al Parque Artigas de Pando, integrantes de las escuelas N\u00ba 11 de Pando y N\u00ba 93 de Villa Olmos y del Hogar de Ancianos lindero al parque.<\/p>\n","protected":false},"excerpt":{"rendered":"<p>En la zona de juegos infantiles del parque Artigas de Pando, se realiz\u00f3 la primera&#8230;<\/p>\n","protected":false},"author":1,"featured_media":21624,"comment_status":"closed","ping_status":"closed","sticky":false,"template":"","format":"standard","meta":{"_monsterinsights_skip_tracking":false,"_monsterinsights_sitenote_active":false,"_monsterinsights_sitenote_note":"","_monsterinsights_sitenote_category":0,"footnotes":""},"categories":[19],"tags":[],"class_list":["post-21623","post","type-post","status-publish","format-standard","has-post-thumbnail","hentry","category-pando"],"featured_image_urls":{"full":["https:\/\/diariotiempo.com.uy\/noticias\/wp-content\/uploads\/2025\/12\/arbol-ninos-maestra.jpg",700,727,false],"thumbnail":["https:\/\/diariotiempo.com.uy\/noticias\/wp-content\/uploads\/2025\/12\/arbol-ninos-maestra-150x150.jpg",150,150,true],"medium":["https:\/\/diariotiempo.com.uy\/noticias\/wp-content\/uploads\/2025\/12\/arbol-ninos-maestra-289x300.jpg",289,300,true],"medium_large":["https:\/\/diariotiempo.com.uy\/noticias\/wp-content\/uploads\/2025\/12\/arbol-ninos-maestra.jpg",640,665,false],"large":["https:\/\/diariotiempo.com.uy\/noticias\/wp-content\/uploads\/2025\/12\/arbol-ninos-maestra.jpg",640,665,false],"rpg_gallery_admin_thumb":["https:\/\/diariotiempo.com.uy\/noticias\/wp-content\/uploads\/2025\/12\/arbol-ninos-maestra-150x150.jpg",150,150,true],"rpg_gallery_thumb":["https:\/\/diariotiempo.com.uy\/noticias\/wp-content\/uploads\/2025\/12\/arbol-ninos-maestra-150x150.jpg",150,150,true],"1536x1536":["https:\/\/diariotiempo.com.uy\/noticias\/wp-content\/uploads\/2025\/12\/arbol-ninos-maestra.jpg",700,727,false],"2048x2048":["https:\/\/diariotiempo.com.uy\/noticias\/wp-content\/uploads\/2025\/12\/arbol-ninos-maestra.jpg",700,727,false],"covernews-slider-full":["https:\/\/diariotiempo.com.uy\/noticias\/wp-content\/uploads\/2025\/12\/arbol-ninos-maestra-700x715.jpg",700,715,true],"covernews-slider-center":["https:\/\/diariotiempo.com.uy\/noticias\/wp-content\/uploads\/2025\/12\/arbol-ninos-maestra-700x500.jpg",700,500,true],"covernews-featured":["https:\/\/diariotiempo.com.uy\/noticias\/wp-content\/uploads\/2025\/12\/arbol-ninos-maestra.jpg",700,727,false],"covernews-medium":["https:\/\/diariotiempo.com.uy\/noticias\/wp-content\/uploads\/2025\/12\/arbol-ninos-maestra-540x340.jpg",540,340,true],"covernews-medium-square":["https:\/\/diariotiempo.com.uy\/noticias\/wp-content\/uploads\/2025\/12\/arbol-ninos-maestra-400x250.jpg",400,250,true]},"author_info":{"display_name":"diario","author_link":"https:\/\/diariotiempo.com.uy\/noticias\/author\/diario\/"},"category_info":"<a href=\"https:\/\/diariotiempo.com.uy\/noticias\/category\/departamental\/pando\/\" rel=\"category tag\">Pando<\/a>","tag_info":"Pando","comment_count":"0","_links":{"self":[{"href":"https:\/\/diariotiempo.com.uy\/noticias\/wp-json\/wp\/v2\/posts\/21623","targetHints":{"allow":["GET"]}}],"collection":[{"href":"https:\/\/diariotiempo.com.uy\/noticias\/wp-json\/wp\/v2\/posts"}],"about":[{"href":"https:\/\/diariotiempo.com.uy\/noticias\/wp-json\/wp\/v2\/types\/post"}],"author":[{"embeddable":true,"href":"https:\/\/diariotiempo.com.uy\/noticias\/wp-json\/wp\/v2\/users\/1"}],"replies":[{"embeddable":true,"href":"https:\/\/diariotiempo.com.uy\/noticias\/wp-json\/wp\/v2\/comments?post=21623"}],"version-history":[{"count":1,"href":"https:\/\/diariotiempo.com.uy\/noticias\/wp-json\/wp\/v2\/posts\/21623\/revisions"}],"predecessor-version":[{"id":21626,"href":"https:\/\/diariotiempo.com.uy\/noticias\/wp-json\/wp\/v2\/posts\/21623\/revisions\/21626"}],"wp:featuredmedia":[{"embeddable":true,"href":"https:\/\/diariotiempo.com.uy\/noticias\/wp-json\/wp\/v2\/media\/21624"}],"wp:attachment":[{"href":"https:\/\/diariotiempo.com.uy\/noticias\/wp-json\/wp\/v2\/media?parent=21623"}],"wp:term":[{"taxonomy":"category","embeddable":true,"href":"https:\/\/diariotiempo.com.uy\/noticias\/wp-json\/wp\/v2\/categories?post=21623"},{"taxonomy":"post_tag","embeddable":true,"href":"https:\/\/diariotiempo.com.uy\/noticias\/wp-json\/wp\/v2\/tags?post=21623"}],"curies":[{"name":"wp","href":"https:\/\/api.w.org\/{rel}","templated":true}]}}