{"id":21627,"date":"2025-12-05T19:39:34","date_gmt":"2025-12-05T19:39:34","guid":{"rendered":"https:\/\/diariotiempo.com.uy\/noticias\/?p=21627"},"modified":"2025-12-05T19:39:36","modified_gmt":"2025-12-05T19:39:36","slug":"presidente-yamandu-orsi-inauguro-planta-constructora-de-viviendas-de-madera-en-el-pinar","status":"publish","type":"post","link":"https:\/\/diariotiempo.com.uy\/noticias\/2025\/12\/05\/presidente-yamandu-orsi-inauguro-planta-constructora-de-viviendas-de-madera-en-el-pinar\/","title":{"rendered":"Presidente Yamand\u00fa Orsi inaugur\u00f3 planta constructora de viviendas de madera en El Pinar"},"content":{"rendered":"\n<figure class=\"wp-block-gallery has-nested-images columns-2 is-cropped wp-block-gallery-1 is-layout-flex wp-block-gallery-is-layout-flex\">\n<figure class=\"wp-block-image size-large\"><img loading=\"lazy\" decoding=\"async\" width=\"700\" height=\"467\" data-id=\"21629\" src=\"https:\/\/diariotiempo.com.uy\/noticias\/wp-content\/uploads\/2025\/12\/pinar-casa-d.jpg\" alt=\"\" class=\"wp-image-21629\" srcset=\"https:\/\/diariotiempo.com.uy\/noticias\/wp-content\/uploads\/2025\/12\/pinar-casa-d.jpg 700w, https:\/\/diariotiempo.com.uy\/noticias\/wp-content\/uploads\/2025\/12\/pinar-casa-d-300x200.jpg 300w\" sizes=\"auto, (max-width: 700px) 100vw, 700px\" \/><\/figure>\n\n\n\n<figure class=\"wp-block-image size-large\"><img loading=\"lazy\" decoding=\"async\" width=\"700\" height=\"467\" data-id=\"21628\" src=\"https:\/\/diariotiempo.com.uy\/noticias\/wp-content\/uploads\/2025\/12\/pinar-casa.jpg\" alt=\"\" class=\"wp-image-21628\" srcset=\"https:\/\/diariotiempo.com.uy\/noticias\/wp-content\/uploads\/2025\/12\/pinar-casa.jpg 700w, https:\/\/diariotiempo.com.uy\/noticias\/wp-content\/uploads\/2025\/12\/pinar-casa-300x200.jpg 300w\" sizes=\"auto, (max-width: 700px) 100vw, 700px\" \/><\/figure>\n\n\n\n<figure class=\"wp-block-image size-large\"><img loading=\"lazy\" decoding=\"async\" width=\"700\" height=\"467\" data-id=\"21630\" src=\"https:\/\/diariotiempo.com.uy\/noticias\/wp-content\/uploads\/2025\/12\/pinar.jpg\" alt=\"\" class=\"wp-image-21630\" srcset=\"https:\/\/diariotiempo.com.uy\/noticias\/wp-content\/uploads\/2025\/12\/pinar.jpg 700w, https:\/\/diariotiempo.com.uy\/noticias\/wp-content\/uploads\/2025\/12\/pinar-300x200.jpg 300w\" sizes=\"auto, (max-width: 700px) 100vw, 700px\" \/><figcaption class=\"wp-element-caption\"><br><br><br><\/figcaption><\/figure>\n<\/figure>\n\n\n\n<p>La empresa uruguaya Mood abri\u00f3 su f\u00e1brica de viviendas modulares en El Pinar, tras una inversi\u00f3n de unos 10 millones de d\u00f3lares. La planta emplea a unas 50 personas, dispone de unos 5.000 metros cuadrados y est\u00e1 ubicada en el predio del proyecto Aldea, que alcanza una superficie de 14.000 metros cuadrados. Las viviendas elaboradas por la empresa Mood son modulares y est\u00e1n fabricadas en madera contralaminada, mediante capas secadas al horno. Esta estructura de paneles es utilizada en la construcci\u00f3n de paredes, pisos y techos. <\/p>\n\n\n\n<p>La planta inaugurada este jueves 27, con la presencia del presidente de la Rep\u00fablica, Yamand\u00fa Orsi, asegura capacidad para producir hasta 15.000 metros cuadrados de \u201calt\u00edsima calidad\u201d en un solo turno y es la primera de su tipo en Uruguay, explic\u00f3 el director ejecutivo de la compa\u00f1\u00eda (CEO, por su sigla en ingl\u00e9s), Bruno Minicelli. A\u00f1adi\u00f3 que integran una cadena productiva que comienza en el norte del pa\u00eds \u201ccon la forestaci\u00f3n, el aserrado y el curado de la madera\u00bb. \u00a0\u00abEs un proceso al que le agregamos valor, y logramos obtener una vivienda terminada\u201d, sostuvo. Minicelli dijo que la empresa est\u00e1 \u201ccomprometida con la reducci\u00f3n de la huella de carbono\u201d, por lo que integra productos que permitan ese objetivo. <\/p>\n\n\n\n<p>Para la construcci\u00f3n, se invirtieron unos 10.000.000 de d\u00f3lares. En la puesta en funcionamiento de la planta tambi\u00e9n estuvo presente el intendente de Canelones, Francisco Legnani, la alcaldesa de Ciudad de la Costa, Julia Matilla; el director nacional de Industrias, Adri\u00e1n M\u00edguez, y el gerente de Operaciones de Mood, Pablo Errazquin.<\/p>\n\n\n\n<p>Foto y fuente presidencia<\/p>\n\n\n\n<p><\/p>\n","protected":false},"excerpt":{"rendered":"<p>La empresa uruguaya Mood abri\u00f3 su f\u00e1brica de viviendas modulares en El Pinar, tras una&#8230;<\/p>\n","protected":false},"author":1,"featured_media":21630,"comment_status":"closed","ping_status":"closed","sticky":false,"template":"","format":"standard","meta":{"_monsterinsights_skip_tracking":false,"_monsterinsights_sitenote_active":false,"_monsterinsights_sitenote_note":"","_monsterinsights_sitenote_category":0,"footnotes":""},"categories":[83],"tags":[],"class_list":["post-21627","post","type-post","status-publish","format-standard","has-post-thumbnail","hentry","category-ciudad-de-la-costa"],"featured_image_urls":{"full":["https:\/\/diariotiempo.com.uy\/noticias\/wp-content\/uploads\/2025\/12\/pinar.jpg",700,467,false],"thumbnail":["https:\/\/diariotiempo.com.uy\/noticias\/wp-content\/uploads\/2025\/12\/pinar-150x150.jpg",150,150,true],"medium":["https:\/\/diariotiempo.com.uy\/noticias\/wp-content\/uploads\/2025\/12\/pinar-300x200.jpg",300,200,true],"medium_large":["https:\/\/diariotiempo.com.uy\/noticias\/wp-content\/uploads\/2025\/12\/pinar.jpg",640,427,false],"large":["https:\/\/diariotiempo.com.uy\/noticias\/wp-content\/uploads\/2025\/12\/pinar.jpg",640,427,false],"rpg_gallery_admin_thumb":["https:\/\/diariotiempo.com.uy\/noticias\/wp-content\/uploads\/2025\/12\/pinar-150x150.jpg",150,150,true],"rpg_gallery_thumb":["https:\/\/diariotiempo.com.uy\/noticias\/wp-content\/uploads\/2025\/12\/pinar-150x150.jpg",150,150,true],"1536x1536":["https:\/\/diariotiempo.com.uy\/noticias\/wp-content\/uploads\/2025\/12\/pinar.jpg",700,467,false],"2048x2048":["https:\/\/diariotiempo.com.uy\/noticias\/wp-content\/uploads\/2025\/12\/pinar.jpg",700,467,false],"covernews-slider-full":["https:\/\/diariotiempo.com.uy\/noticias\/wp-content\/uploads\/2025\/12\/pinar.jpg",700,467,false],"covernews-slider-center":["https:\/\/diariotiempo.com.uy\/noticias\/wp-content\/uploads\/2025\/12\/pinar.jpg",700,467,false],"covernews-featured":["https:\/\/diariotiempo.com.uy\/noticias\/wp-content\/uploads\/2025\/12\/pinar.jpg",700,467,false],"covernews-medium":["https:\/\/diariotiempo.com.uy\/noticias\/wp-content\/uploads\/2025\/12\/pinar-540x340.jpg",540,340,true],"covernews-medium-square":["https:\/\/diariotiempo.com.uy\/noticias\/wp-content\/uploads\/2025\/12\/pinar-400x250.jpg",400,250,true]},"author_info":{"display_name":"diario","author_link":"https:\/\/diariotiempo.com.uy\/noticias\/author\/diario\/"},"category_info":"<a href=\"https:\/\/diariotiempo.com.uy\/noticias\/category\/departamental\/ciudad-de-la-costa\/\" rel=\"category tag\">Ciudad de la Costa<\/a>","tag_info":"Ciudad de la Costa","comment_count":"0","_links":{"self":[{"href":"https:\/\/diariotiempo.com.uy\/noticias\/wp-json\/wp\/v2\/posts\/21627","targetHints":{"allow":["GET"]}}],"collection":[{"href":"https:\/\/diariotiempo.com.uy\/noticias\/wp-json\/wp\/v2\/posts"}],"about":[{"href":"https:\/\/diariotiempo.com.uy\/noticias\/wp-json\/wp\/v2\/types\/post"}],"author":[{"embeddable":true,"href":"https:\/\/diariotiempo.com.uy\/noticias\/wp-json\/wp\/v2\/users\/1"}],"replies":[{"embeddable":true,"href":"https:\/\/diariotiempo.com.uy\/noticias\/wp-json\/wp\/v2\/comments?post=21627"}],"version-history":[{"count":1,"href":"https:\/\/diariotiempo.com.uy\/noticias\/wp-json\/wp\/v2\/posts\/21627\/revisions"}],"predecessor-version":[{"id":21631,"href":"https:\/\/diariotiempo.com.uy\/noticias\/wp-json\/wp\/v2\/posts\/21627\/revisions\/21631"}],"wp:featuredmedia":[{"embeddable":true,"href":"https:\/\/diariotiempo.com.uy\/noticias\/wp-json\/wp\/v2\/media\/21630"}],"wp:attachment":[{"href":"https:\/\/diariotiempo.com.uy\/noticias\/wp-json\/wp\/v2\/media?parent=21627"}],"wp:term":[{"taxonomy":"category","embeddable":true,"href":"https:\/\/diariotiempo.com.uy\/noticias\/wp-json\/wp\/v2\/categories?post=21627"},{"taxonomy":"post_tag","embeddable":true,"href":"https:\/\/diariotiempo.com.uy\/noticias\/wp-json\/wp\/v2\/tags?post=21627"}],"curies":[{"name":"wp","href":"https:\/\/api.w.org\/{rel}","templated":true}]}}