{"id":21632,"date":"2025-12-05T19:41:16","date_gmt":"2025-12-05T19:41:16","guid":{"rendered":"https:\/\/diariotiempo.com.uy\/noticias\/?p=21632"},"modified":"2025-12-05T19:41:17","modified_gmt":"2025-12-05T19:41:17","slug":"se-instalaron-nuevas-casetas-de-guardavidas-para-la-temporada-de-verano-en-la-costa-canaria","status":"publish","type":"post","link":"https:\/\/diariotiempo.com.uy\/noticias\/2025\/12\/05\/se-instalaron-nuevas-casetas-de-guardavidas-para-la-temporada-de-verano-en-la-costa-canaria\/","title":{"rendered":"Se instalaron nuevas casetas de guardavidas para la temporada de verano en la costa canaria"},"content":{"rendered":"\n<figure class=\"wp-block-image size-full\"><img loading=\"lazy\" decoding=\"async\" width=\"800\" height=\"432\" src=\"https:\/\/diariotiempo.com.uy\/noticias\/wp-content\/uploads\/2025\/12\/casetas.jpg\" alt=\"\" class=\"wp-image-21633\" srcset=\"https:\/\/diariotiempo.com.uy\/noticias\/wp-content\/uploads\/2025\/12\/casetas.jpg 800w, https:\/\/diariotiempo.com.uy\/noticias\/wp-content\/uploads\/2025\/12\/casetas-300x162.jpg 300w, https:\/\/diariotiempo.com.uy\/noticias\/wp-content\/uploads\/2025\/12\/casetas-768x415.jpg 768w\" sizes=\"auto, (max-width: 800px) 100vw, 800px\" \/><\/figure>\n\n\n\n<p>Se realiz\u00f3 la instalaci\u00f3n de las casetas de guardavidas para esta temporada estival, un proceso que se desarroll\u00f3 durante varios meses y que ya dej\u00f3 operativas las estructuras a lo largo de toda la costa de Canelones. El capataz de la cuadrilla de Deporte, Mauricio Moreira, brind\u00f3 detalles sobre el trabajo realizado y las caracter\u00edsticas de las nuevas casillas. \u201cSe instalaron 33 nuevas casetas en la costa y en total quedaron 78 casetas distribuidas a lo largo de todo el litoral\u201d, inform\u00f3, destacando la magnitud del operativo previo al inicio de la temporada. El capataz explic\u00f3 que existe una planificaci\u00f3n anticipada que gu\u00eda la distribuci\u00f3n y montaje de las estructuras.<\/p>\n\n\n\n<p> \u201cHay una reuni\u00f3n previa para definir c\u00f3mo van a estar armadas y d\u00f3nde van a estar ubicadas. Los guardavidas tienen reuniones constantes con la Direcci\u00f3n de Deportes se planifica qu\u00e9 casillas se van a sacar y cu\u00e1les se van a colocar ni bien termina la temporada\u201d, puntualiz\u00f3. Moreira record\u00f3 que al finalizar el \u00faltimo verano se retiraron todas las casetas previstas y que entre junio y diciembre se repusieron y trasladaron las nuevas estructuras, completando as\u00ed el recambio anual. Consultado sobre la ejecuci\u00f3n concreta de los trabajos, se\u00f1al\u00f3 que \u201ctoda la cuadrilla se encarga del armado y luego de la instalaci\u00f3n\u201d. La instalaci\u00f3n de las casetas por parte de funcionarios del Gobierno de Canelones genera un ahorro significativo en lo que respecta a mano de obra. <\/p>\n\n\n\n<p><strong>Caracter\u00edsticas<\/strong>: Las casetas tienen una dimensi\u00f3n de dos metros por dos metros y est\u00e1n construidas con madera, hierro y policarbonato. \u201cCuentan con una base de cuatro metros y medio por tres, que constituye el pasillo exterior. Hacia abajo est\u00e1 todo hecho con hierro PNU de 10 y tienen una rampa de casi cinco metros de largo. La altura se adapta al entorno y la necesidad operativa, y var\u00eda seg\u00fan la necesidad de cada guardavida: 1,70 m, 1,80 m o 1,90 m\u201d, indic\u00f3 el capataz. Finalmente, Moreira subray\u00f3 la funci\u00f3n esencial de estas casetas: \u201cpara los guardavidas, es una buena herramienta porque ganan en visi\u00f3n\u201d. La elevaci\u00f3n y disposici\u00f3n estrat\u00e9gica de cada estructura les permite a los guardavidas ampliar su campo visual y optimizar los tiempos de respuesta ante emergencias. Con la infraestructura ya instalada, la costa se prepara para recibir turistas con mejores condiciones de seguridad y un servicio de guardavidas fortalecido para toda la temporada.<\/p>\n","protected":false},"excerpt":{"rendered":"<p>Se realiz\u00f3 la instalaci\u00f3n de las casetas de guardavidas para esta temporada estival, un proceso&#8230;<\/p>\n","protected":false},"author":1,"featured_media":21633,"comment_status":"closed","ping_status":"closed","sticky":false,"template":"","format":"standard","meta":{"_monsterinsights_skip_tracking":false,"_monsterinsights_sitenote_active":false,"_monsterinsights_sitenote_note":"","_monsterinsights_sitenote_category":0,"footnotes":""},"categories":[20],"tags":[],"class_list":["post-21632","post","type-post","status-publish","format-standard","has-post-thumbnail","hentry","category-costa-de-oro"],"featured_image_urls":{"full":["https:\/\/diariotiempo.com.uy\/noticias\/wp-content\/uploads\/2025\/12\/casetas.jpg",800,432,false],"thumbnail":["https:\/\/diariotiempo.com.uy\/noticias\/wp-content\/uploads\/2025\/12\/casetas-150x150.jpg",150,150,true],"medium":["https:\/\/diariotiempo.com.uy\/noticias\/wp-content\/uploads\/2025\/12\/casetas-300x162.jpg",300,162,true],"medium_large":["https:\/\/diariotiempo.com.uy\/noticias\/wp-content\/uploads\/2025\/12\/casetas-768x415.jpg",640,346,true],"large":["https:\/\/diariotiempo.com.uy\/noticias\/wp-content\/uploads\/2025\/12\/casetas.jpg",640,346,false],"rpg_gallery_admin_thumb":["https:\/\/diariotiempo.com.uy\/noticias\/wp-content\/uploads\/2025\/12\/casetas-150x150.jpg",150,150,true],"rpg_gallery_thumb":["https:\/\/diariotiempo.com.uy\/noticias\/wp-content\/uploads\/2025\/12\/casetas-150x150.jpg",150,150,true],"1536x1536":["https:\/\/diariotiempo.com.uy\/noticias\/wp-content\/uploads\/2025\/12\/casetas.jpg",800,432,false],"2048x2048":["https:\/\/diariotiempo.com.uy\/noticias\/wp-content\/uploads\/2025\/12\/casetas.jpg",800,432,false],"covernews-slider-full":["https:\/\/diariotiempo.com.uy\/noticias\/wp-content\/uploads\/2025\/12\/casetas.jpg",800,432,false],"covernews-slider-center":["https:\/\/diariotiempo.com.uy\/noticias\/wp-content\/uploads\/2025\/12\/casetas.jpg",800,432,false],"covernews-featured":["https:\/\/diariotiempo.com.uy\/noticias\/wp-content\/uploads\/2025\/12\/casetas.jpg",800,432,false],"covernews-medium":["https:\/\/diariotiempo.com.uy\/noticias\/wp-content\/uploads\/2025\/12\/casetas-540x340.jpg",540,340,true],"covernews-medium-square":["https:\/\/diariotiempo.com.uy\/noticias\/wp-content\/uploads\/2025\/12\/casetas-400x250.jpg",400,250,true]},"author_info":{"display_name":"diario","author_link":"https:\/\/diariotiempo.com.uy\/noticias\/author\/diario\/"},"category_info":"<a href=\"https:\/\/diariotiempo.com.uy\/noticias\/category\/departamental\/costa-de-oro\/\" rel=\"category tag\">Costa de Oro<\/a>","tag_info":"Costa de Oro","comment_count":"0","_links":{"self":[{"href":"https:\/\/diariotiempo.com.uy\/noticias\/wp-json\/wp\/v2\/posts\/21632","targetHints":{"allow":["GET"]}}],"collection":[{"href":"https:\/\/diariotiempo.com.uy\/noticias\/wp-json\/wp\/v2\/posts"}],"about":[{"href":"https:\/\/diariotiempo.com.uy\/noticias\/wp-json\/wp\/v2\/types\/post"}],"author":[{"embeddable":true,"href":"https:\/\/diariotiempo.com.uy\/noticias\/wp-json\/wp\/v2\/users\/1"}],"replies":[{"embeddable":true,"href":"https:\/\/diariotiempo.com.uy\/noticias\/wp-json\/wp\/v2\/comments?post=21632"}],"version-history":[{"count":1,"href":"https:\/\/diariotiempo.com.uy\/noticias\/wp-json\/wp\/v2\/posts\/21632\/revisions"}],"predecessor-version":[{"id":21634,"href":"https:\/\/diariotiempo.com.uy\/noticias\/wp-json\/wp\/v2\/posts\/21632\/revisions\/21634"}],"wp:featuredmedia":[{"embeddable":true,"href":"https:\/\/diariotiempo.com.uy\/noticias\/wp-json\/wp\/v2\/media\/21633"}],"wp:attachment":[{"href":"https:\/\/diariotiempo.com.uy\/noticias\/wp-json\/wp\/v2\/media?parent=21632"}],"wp:term":[{"taxonomy":"category","embeddable":true,"href":"https:\/\/diariotiempo.com.uy\/noticias\/wp-json\/wp\/v2\/categories?post=21632"},{"taxonomy":"post_tag","embeddable":true,"href":"https:\/\/diariotiempo.com.uy\/noticias\/wp-json\/wp\/v2\/tags?post=21632"}],"curies":[{"name":"wp","href":"https:\/\/api.w.org\/{rel}","templated":true}]}}