{"id":2164,"date":"2021-10-15T19:10:05","date_gmt":"2021-10-15T19:10:05","guid":{"rendered":"https:\/\/diariotiempo.com.uy\/noticias\/?p=2164"},"modified":"2021-10-15T19:10:06","modified_gmt":"2021-10-15T19:10:06","slug":"los-dias-16-y-17-de-octubre-atlantida-jardin-celebra-los-110-anos-del-balneario","status":"publish","type":"post","link":"https:\/\/diariotiempo.com.uy\/noticias\/2021\/10\/15\/los-dias-16-y-17-de-octubre-atlantida-jardin-celebra-los-110-anos-del-balneario\/","title":{"rendered":"Los d\u00edas 16 y 17 de octubre Atl\u00e1ntida Jard\u00edn celebra los 110 a\u00f1os del balneario"},"content":{"rendered":"\n<h2 class=\"wp-block-heading\">El lanzamiento se realiz\u00f3 en el Ministerio de Turismo<\/h2>\n\n\n\n<p><\/p>\n\n\n\n<figure class=\"wp-block-image size-full\"><img loading=\"lazy\" decoding=\"async\" width=\"945\" height=\"630\" src=\"https:\/\/diariotiempo.com.uy\/noticias\/wp-content\/uploads\/2021\/10\/Lanzamiento-de-Atlantida-Jardin_0.jpeg\" alt=\"\" class=\"wp-image-2165\" srcset=\"https:\/\/diariotiempo.com.uy\/noticias\/wp-content\/uploads\/2021\/10\/Lanzamiento-de-Atlantida-Jardin_0.jpeg 945w, https:\/\/diariotiempo.com.uy\/noticias\/wp-content\/uploads\/2021\/10\/Lanzamiento-de-Atlantida-Jardin_0-300x200.jpeg 300w, https:\/\/diariotiempo.com.uy\/noticias\/wp-content\/uploads\/2021\/10\/Lanzamiento-de-Atlantida-Jardin_0-768x512.jpeg 768w\" sizes=\"auto, (max-width: 945px) 100vw, 945px\" \/><\/figure>\n\n\n\n<p>En al \u00e1mbito de los 110 a\u00f1os de Atl\u00e1ntida, se realiza la octava edici\u00f3n de Atl\u00e1ntida Jard\u00edn los d\u00edas 16 y 17 de octubre, un paseo a cielo abierto para toda la familia que este a\u00f1o adem\u00e1s de los tradicionales stands, contar\u00e1 con danzas, m\u00fasica, muestras fotogr\u00e1ficas y mucho m\u00e1s. El lanzamiento se realiz\u00f3 en la sala Arredondo del Ministerio de Turismo.<\/p>\n\n\n\n<p>El concurso anual de jardines y huertas que re\u00fane a los amantes de las plantas y flores, que embellece a Atl\u00e1ntida todos los a\u00f1os y que tiene como objetivo continuar con la construcci\u00f3n de una ciudad y municipio saludables, accesibles y con sello verde, y que hacen del balneario y su zona de influencia un lugar para vivir y disfrutar todo el a\u00f1o, se realizar\u00e1 el 16 de octubre de 14:00 a 20:00 y el 17 de octubre de 12:00 a 20:00.<\/p>\n\n\n\n<p>En conferencia de prensa, Mar\u00eda del Carmen Flores, una de las organizadoras del evento se\u00f1al\u00f3 que en el marco del cumplea\u00f1os 110 de Atl\u00e1ntida, que se celebra el 19 de octubre. es que se organiza \u201cAtl\u00e1ntida Jard\u00edn\u201d.<br>Flores describi\u00f3 a Atl\u00e1ntida Jard\u00edn como \u201cuna muestra de calidad de vida que proponemos y una muestra de lo que se hace todo el a\u00f1o\u201d<br>Adem\u00e1s Flores expres\u00f3 que los visitantes encontrar\u00e1n en los stands distintas propuestas en relaci\u00f3n a jardines, huertas, servicios asociados, actividades educativas, culturales, de meditaci\u00f3n, actividades f\u00edsicas en toda la regi\u00f3n de Atl\u00e1ntida \u201cpara mostrar, invitar y disparar a que esta iniciativa tambi\u00e9n se haga en distintos lugares de Canelones, del Uruguay y del mundo\u201d.<br>La organizadora resalt\u00f3 que para que todo esto sea posible, trabajan una innumerable cantidad de personas en forma silenciosa, grupos de vecinos y tambi\u00e9n desde distintas instituciones p\u00fablicas y privadas.<br>En la muestra, Flores destac\u00f3 que se mostrar\u00e1n las \u201cbendiciones de nuestro balneario y de nuestra localidad toda, de la zona urbana, suburbana y rural\u201d. Tambi\u00e9n se refiri\u00f3 a la gratitud que sienten por el reconocimiento de la Iglesia Cristo Obrero como Patrimonio de la Humanidad, por parte de UNESCO.<br>Luego del fin de semana, Flores resalt\u00f3 que las celebraciones continuar\u00e1n con la muestra fotogr\u00e1fica del Ministerio de Ganader\u00eda, Agricultura y Pesca, que se realizar\u00e1 en la Liga de Fomento, en el Country de Atl\u00e1ntida, desde las 9:00 a las 18:00, los d\u00edas 18 y 19 de octubre, abierta a todo el p\u00fablico.<\/p>\n\n\n\n<p>Asimismo, en el cumplea\u00f1os de Atl\u00e1ntida el martes 19 de octubre a las 18:00, se realizar\u00e1 la entrega de premios del Concurso Literario de Aula, que ser\u00e1 abierto a todo p\u00fablico tambi\u00e9n.<br>\u201cCuatro d\u00edas de celebraci\u00f3n en Atl\u00e1ntida, cuatro d\u00edas de ustedes, cuatro d\u00edas de toda una poblaci\u00f3n\u201d, concluy\u00f3 Flores.<\/p>\n\n\n\n<p>Por su parte, la coordinadora t\u00e9cnica de Turismo de la Intendencia de Canelones, Ximena Acosta, destac\u00f3 que el sector tur\u00edstico se reactiva y se desarrollan distintas actividades.<br>Con referencia a Atl\u00e1ntida Jard\u00edn, Acosta se\u00f1al\u00f3 que es una actividad que un nuevo a\u00f1o \u201cnos encuentra con el trabajo el conjunto\u201d.<br>En ese sentido, Acosta expres\u00f3 que desde la intendencia se trabaja con diferentes actores de la comunidad, como por ejemplo la Asociaci\u00f3n Tur\u00edstica de Canelones, con quienes trabajan y desarrollan diferentes actividades, porque entienden que Canelones tiene mucho para ofrecer y \u201chay mucha gente que est\u00e1 atr\u00e1s de esto todo el a\u00f1o\u201d, dijo.<br>Adem\u00e1s Acosta mencion\u00f3 que Atl\u00e1ntida Jard\u00edn es una actividad que se ha posicionado y consolidado a\u00f1o a a\u00f1o a nivel departamental y la idea es que trascienda y se pueda realizar en otros departamentos.<br>Acosta tambi\u00e9n hizo menci\u00f3n a la Iglesia Cristo Obrero y se\u00f1al\u00f3 que habr\u00e1 una charla a cargo de un historiador, adem\u00e1s de caminatours por el balneario y distintas propuestas que se desarrollar\u00e1n durante los dos d\u00edas de celebraci\u00f3n.<br>\u201cSer\u00e1 un fin de semana en que el departamento estar\u00e1 de fiesta\u201d subray\u00f3 Acosta, ya que otros municipios celebran sus aniversarios y \u201cest\u00e1 muy bueno que as\u00ed sea para la reactivaci\u00f3n del sector\u201d, resumi\u00f3.<br>Adem\u00e1s Acosta remarc\u00f3 que esta actividad formar\u00e1 parte de la previa de la pr\u00f3xima temporada de verano, en donde siempre se pone el foco en la costa, pero Canelones tiene muchas actividades para trabajar y desarrollar durante todo el a\u00f1o tambi\u00e9n.<br>Por \u00faltimo, Acosta invit\u00f3 a los montevideanos que tengan la oportunidad y \u201cque est\u00e1n muy cerquita\u201d de aprovechar a disfrutar de un fin de semana en Atl\u00e1ntida y de disfrutar de Canelones, concluy\u00f3.<br>En el cierre de la oratoria, el ministro de Turismo, Tabar\u00e9 Viera, se\u00f1al\u00f3 el gusto de participar del lanzamiento de un \u201cevento firme en el calendario de Canelones, la costa uruguaya y Atl\u00e1ntida\u201d, en el que va a participar.<br>Viera resalt\u00f3 a Atl\u00e1ntida Jard\u00edn como \u201cuna iniciativa fant\u00e1stica de una pujante colectividad como tiene Atl\u00e1ntida\u201d y que es un evento m\u00e1s dentro de la oferta tur\u00edstica, que adem\u00e1s de ser una muestra, da la oportunidad de participaci\u00f3n y de vivir experiencias en distintas actividades tanto a la comunidad como a los turistas que llegan.<br>Adem\u00e1s el jerarca destac\u00f3 el concepto de \u201cjard\u00edn\u201d, propio de la primavera que junto con las flores y las plantas incentivan a que la ciudad se siga embelleciendo y tambi\u00e9n las actividades que se realizar\u00e1n para toda la familia, en las que el Ministerio de Turismo \u201cse complace de apoyar\u201d, concluy\u00f3.<br>Este evento es apoyado por el Ministerio de Turismo, Ministerio de Ganader\u00eda, Agricultura y Pesca, Secretar\u00eda Nacional del Deporte, Gobierno de Canelones, Municipio de Atl\u00e1ntida, Liga de Fomento de Atl\u00e1ntida y apoyos privados. Fuente y foto Ministerio de Turismo<\/p>\n","protected":false},"excerpt":{"rendered":"<p>El lanzamiento se realiz\u00f3 en el Ministerio de Turismo En al \u00e1mbito de los 110&#8230;<\/p>\n","protected":false},"author":1,"featured_media":2165,"comment_status":"open","ping_status":"open","sticky":false,"template":"","format":"standard","meta":{"_monsterinsights_skip_tracking":false,"_monsterinsights_sitenote_active":false,"_monsterinsights_sitenote_note":"","_monsterinsights_sitenote_category":0,"footnotes":""},"categories":[20],"tags":[],"class_list":["post-2164","post","type-post","status-publish","format-standard","has-post-thumbnail","hentry","category-costa-de-oro"],"featured_image_urls":{"full":["https:\/\/diariotiempo.com.uy\/noticias\/wp-content\/uploads\/2021\/10\/Lanzamiento-de-Atlantida-Jardin_0.jpeg",945,630,false],"thumbnail":["https:\/\/diariotiempo.com.uy\/noticias\/wp-content\/uploads\/2021\/10\/Lanzamiento-de-Atlantida-Jardin_0-150x150.jpeg",150,150,true],"medium":["https:\/\/diariotiempo.com.uy\/noticias\/wp-content\/uploads\/2021\/10\/Lanzamiento-de-Atlantida-Jardin_0-300x200.jpeg",300,200,true],"medium_large":["https:\/\/diariotiempo.com.uy\/noticias\/wp-content\/uploads\/2021\/10\/Lanzamiento-de-Atlantida-Jardin_0-768x512.jpeg",640,427,true],"large":["https:\/\/diariotiempo.com.uy\/noticias\/wp-content\/uploads\/2021\/10\/Lanzamiento-de-Atlantida-Jardin_0.jpeg",640,427,false],"rpg_gallery_admin_thumb":["https:\/\/diariotiempo.com.uy\/noticias\/wp-content\/uploads\/2021\/10\/Lanzamiento-de-Atlantida-Jardin_0.jpeg",150,100,false],"rpg_gallery_thumb":["https:\/\/diariotiempo.com.uy\/noticias\/wp-content\/uploads\/2021\/10\/Lanzamiento-de-Atlantida-Jardin_0.jpeg",150,100,false],"1536x1536":["https:\/\/diariotiempo.com.uy\/noticias\/wp-content\/uploads\/2021\/10\/Lanzamiento-de-Atlantida-Jardin_0.jpeg",945,630,false],"2048x2048":["https:\/\/diariotiempo.com.uy\/noticias\/wp-content\/uploads\/2021\/10\/Lanzamiento-de-Atlantida-Jardin_0.jpeg",945,630,false],"covernews-slider-full":["https:\/\/diariotiempo.com.uy\/noticias\/wp-content\/uploads\/2021\/10\/Lanzamiento-de-Atlantida-Jardin_0.jpeg",945,630,false],"covernews-slider-center":["https:\/\/diariotiempo.com.uy\/noticias\/wp-content\/uploads\/2021\/10\/Lanzamiento-de-Atlantida-Jardin_0-800x500.jpeg",800,500,true],"covernews-featured":["https:\/\/diariotiempo.com.uy\/noticias\/wp-content\/uploads\/2021\/10\/Lanzamiento-de-Atlantida-Jardin_0.jpeg",945,630,false],"covernews-medium":["https:\/\/diariotiempo.com.uy\/noticias\/wp-content\/uploads\/2021\/10\/Lanzamiento-de-Atlantida-Jardin_0-540x340.jpeg",540,340,true],"covernews-medium-square":["https:\/\/diariotiempo.com.uy\/noticias\/wp-content\/uploads\/2021\/10\/Lanzamiento-de-Atlantida-Jardin_0-400x250.jpeg",400,250,true]},"author_info":{"display_name":"diario","author_link":"https:\/\/diariotiempo.com.uy\/noticias\/author\/diario\/"},"category_info":"<a href=\"https:\/\/diariotiempo.com.uy\/noticias\/category\/departamental\/costa-de-oro\/\" rel=\"category tag\">Costa de Oro<\/a>","tag_info":"Costa de Oro","comment_count":"0","_links":{"self":[{"href":"https:\/\/diariotiempo.com.uy\/noticias\/wp-json\/wp\/v2\/posts\/2164","targetHints":{"allow":["GET"]}}],"collection":[{"href":"https:\/\/diariotiempo.com.uy\/noticias\/wp-json\/wp\/v2\/posts"}],"about":[{"href":"https:\/\/diariotiempo.com.uy\/noticias\/wp-json\/wp\/v2\/types\/post"}],"author":[{"embeddable":true,"href":"https:\/\/diariotiempo.com.uy\/noticias\/wp-json\/wp\/v2\/users\/1"}],"replies":[{"embeddable":true,"href":"https:\/\/diariotiempo.com.uy\/noticias\/wp-json\/wp\/v2\/comments?post=2164"}],"version-history":[{"count":1,"href":"https:\/\/diariotiempo.com.uy\/noticias\/wp-json\/wp\/v2\/posts\/2164\/revisions"}],"predecessor-version":[{"id":2166,"href":"https:\/\/diariotiempo.com.uy\/noticias\/wp-json\/wp\/v2\/posts\/2164\/revisions\/2166"}],"wp:featuredmedia":[{"embeddable":true,"href":"https:\/\/diariotiempo.com.uy\/noticias\/wp-json\/wp\/v2\/media\/2165"}],"wp:attachment":[{"href":"https:\/\/diariotiempo.com.uy\/noticias\/wp-json\/wp\/v2\/media?parent=2164"}],"wp:term":[{"taxonomy":"category","embeddable":true,"href":"https:\/\/diariotiempo.com.uy\/noticias\/wp-json\/wp\/v2\/categories?post=2164"},{"taxonomy":"post_tag","embeddable":true,"href":"https:\/\/diariotiempo.com.uy\/noticias\/wp-json\/wp\/v2\/tags?post=2164"}],"curies":[{"name":"wp","href":"https:\/\/api.w.org\/{rel}","templated":true}]}}