{"id":21708,"date":"2025-12-18T17:45:57","date_gmt":"2025-12-18T17:45:57","guid":{"rendered":"https:\/\/diariotiempo.com.uy\/noticias\/?p=21708"},"modified":"2025-12-18T17:45:58","modified_gmt":"2025-12-18T17:45:58","slug":"unas-20-000-personas-se-vacunaron-contra-el-sarampion-destaco-lustemberg","status":"publish","type":"post","link":"https:\/\/diariotiempo.com.uy\/noticias\/2025\/12\/18\/unas-20-000-personas-se-vacunaron-contra-el-sarampion-destaco-lustemberg\/","title":{"rendered":"Unas 20.000 personas se vacunaron contra el sarampi\u00f3n, destac\u00f3 Lustemberg"},"content":{"rendered":"\n<figure class=\"wp-block-image size-full\"><img loading=\"lazy\" decoding=\"async\" width=\"900\" height=\"599\" src=\"https:\/\/diariotiempo.com.uy\/noticias\/wp-content\/uploads\/2025\/12\/vacuna.jpg\" alt=\"\" class=\"wp-image-21709\" srcset=\"https:\/\/diariotiempo.com.uy\/noticias\/wp-content\/uploads\/2025\/12\/vacuna.jpg 900w, https:\/\/diariotiempo.com.uy\/noticias\/wp-content\/uploads\/2025\/12\/vacuna-300x200.jpg 300w, https:\/\/diariotiempo.com.uy\/noticias\/wp-content\/uploads\/2025\/12\/vacuna-768x511.jpg 768w\" sizes=\"auto, (max-width: 900px) 100vw, 900px\" \/><\/figure>\n\n\n\n<p>El presidente Yamand\u00fa Orsi y varios ministros participaron de la campa\u00f1a contra el sarampi\u00f3n que impulsa el Ministerio de Salud P\u00fablica para controlar y prevenir la enfermedad. La titular de la cartera, Cristina Lustemberg, inform\u00f3 que el brote detectado en San Javier est\u00e1 controlado. Desde el inicio de la campa\u00f1a, se vacunaron unas 20.000 personas en todo el pa\u00eds.La titular del Ministerio de Salud P\u00fablica (MSP), Cristina Lustemberg, destac\u00f3 la r\u00e1pida respuesta de la poblaci\u00f3n a la campa\u00f1a que impulsa el organismo para controlar la circulaci\u00f3n del virus del sarampi\u00f3n. En este marco, varios secretarios de Estado y jerarcas de Presidencia se vacunaron al finalizar el \u00faltimo Consejo de Ministros del a\u00f1o.En rueda de prensa, Lustemberg inform\u00f3 que unas 20.000 personas se trasladaron hacia los vacunatorios dispuestos en todo el pa\u00eds para inocularse contra el sarampi\u00f3n desde el inicio de la exhortaci\u00f3n, a comienzos de diciembre.La jerarca insisti\u00f3 en que las personas que nacieron despu\u00e9s de 1967 deben contar con las dos dosis de la vacuna RSP (sigla que designa rubeola, sarampi\u00f3n, paperas) en su carn\u00e9 esquema de vacunaci\u00f3n.<\/p>\n\n\n\n<p><strong>Est\u00e1 controlado el brote en San Javier, departamento de R\u00edo Negro<\/strong><\/p>\n\n\n\n<p>Por otra parte, Lustemberg afirm\u00f3 que el brote de sarampi\u00f3n en la localidad de San Javier est\u00e1 controlado: \u201cLos siete casos que han sido confirmados tienen un nexo epidemiol\u00f3gico, estamos muy atentos en el resto del pa\u00eds, exhortando y agradeciendo a la ciudadan\u00eda la respuesta que ha tenido\u201d, sintetiz\u00f3.Record\u00f3 que todos los vacunatorios del pa\u00eds, tanto de centros p\u00fablicos como privados, acceden al sistema inform\u00e1tico que cuenta con los datos sobre la cantidad de dosis que recibi\u00f3 cada usuario. \u201cAnte la duda, siempre vacunarse\u201d, dijo la ministra. Enfermedades que afectan a las defensas (inmunodepresivas), tratamientos con quimioterapia o con altas dosis de corticoides y mujeres embarazadas, son los grupos de personas que no se deben vacunar.<\/p>\n\n\n\n<p><strong>Consejo de Ministros: jornada de evaluaci\u00f3n, balance y desaf\u00edos<\/strong><\/p>\n\n\n\n<p>La ministra de Salud P\u00fablica inform\u00f3 que el presidente Yamand\u00fa Orsi encabez\u00f3 la jornada del Consejo de Ministros. El presidente realz\u00f3 un balance y proyect\u00f3 los principales desaf\u00edos del pr\u00f3ximo a\u00f1o.Lustemberg destac\u00f3 la votaci\u00f3n del Presupuesto Nacional y se\u00f1al\u00f3 que el pr\u00f3ximo a\u00f1o llegar\u00e1 \u201ccon mucho compromiso de desarrollar proyectos que beneficien al pa\u00eds en diferentes \u00e1reas\u201d.<\/p>\n","protected":false},"excerpt":{"rendered":"<p>El presidente Yamand\u00fa Orsi y varios ministros participaron de la campa\u00f1a contra el sarampi\u00f3n que&#8230;<\/p>\n","protected":false},"author":1,"featured_media":21709,"comment_status":"closed","ping_status":"closed","sticky":false,"template":"","format":"standard","meta":{"_monsterinsights_skip_tracking":false,"_monsterinsights_sitenote_active":false,"_monsterinsights_sitenote_note":"","_monsterinsights_sitenote_category":0,"footnotes":""},"categories":[70],"tags":[],"class_list":["post-21708","post","type-post","status-publish","format-standard","has-post-thumbnail","hentry","category-salud"],"featured_image_urls":{"full":["https:\/\/diariotiempo.com.uy\/noticias\/wp-content\/uploads\/2025\/12\/vacuna.jpg",900,599,false],"thumbnail":["https:\/\/diariotiempo.com.uy\/noticias\/wp-content\/uploads\/2025\/12\/vacuna-150x150.jpg",150,150,true],"medium":["https:\/\/diariotiempo.com.uy\/noticias\/wp-content\/uploads\/2025\/12\/vacuna-300x200.jpg",300,200,true],"medium_large":["https:\/\/diariotiempo.com.uy\/noticias\/wp-content\/uploads\/2025\/12\/vacuna-768x511.jpg",640,426,true],"large":["https:\/\/diariotiempo.com.uy\/noticias\/wp-content\/uploads\/2025\/12\/vacuna.jpg",640,426,false],"rpg_gallery_admin_thumb":["https:\/\/diariotiempo.com.uy\/noticias\/wp-content\/uploads\/2025\/12\/vacuna-150x150.jpg",150,150,true],"rpg_gallery_thumb":["https:\/\/diariotiempo.com.uy\/noticias\/wp-content\/uploads\/2025\/12\/vacuna-150x150.jpg",150,150,true],"1536x1536":["https:\/\/diariotiempo.com.uy\/noticias\/wp-content\/uploads\/2025\/12\/vacuna.jpg",900,599,false],"2048x2048":["https:\/\/diariotiempo.com.uy\/noticias\/wp-content\/uploads\/2025\/12\/vacuna.jpg",900,599,false],"covernews-slider-full":["https:\/\/diariotiempo.com.uy\/noticias\/wp-content\/uploads\/2025\/12\/vacuna.jpg",900,599,false],"covernews-slider-center":["https:\/\/diariotiempo.com.uy\/noticias\/wp-content\/uploads\/2025\/12\/vacuna-800x500.jpg",800,500,true],"covernews-featured":["https:\/\/diariotiempo.com.uy\/noticias\/wp-content\/uploads\/2025\/12\/vacuna.jpg",900,599,false],"covernews-medium":["https:\/\/diariotiempo.com.uy\/noticias\/wp-content\/uploads\/2025\/12\/vacuna-540x340.jpg",540,340,true],"covernews-medium-square":["https:\/\/diariotiempo.com.uy\/noticias\/wp-content\/uploads\/2025\/12\/vacuna-400x250.jpg",400,250,true]},"author_info":{"display_name":"diario","author_link":"https:\/\/diariotiempo.com.uy\/noticias\/author\/diario\/"},"category_info":"<a href=\"https:\/\/diariotiempo.com.uy\/noticias\/category\/salud\/\" rel=\"category tag\">SALUD<\/a>","tag_info":"SALUD","comment_count":"0","_links":{"self":[{"href":"https:\/\/diariotiempo.com.uy\/noticias\/wp-json\/wp\/v2\/posts\/21708","targetHints":{"allow":["GET"]}}],"collection":[{"href":"https:\/\/diariotiempo.com.uy\/noticias\/wp-json\/wp\/v2\/posts"}],"about":[{"href":"https:\/\/diariotiempo.com.uy\/noticias\/wp-json\/wp\/v2\/types\/post"}],"author":[{"embeddable":true,"href":"https:\/\/diariotiempo.com.uy\/noticias\/wp-json\/wp\/v2\/users\/1"}],"replies":[{"embeddable":true,"href":"https:\/\/diariotiempo.com.uy\/noticias\/wp-json\/wp\/v2\/comments?post=21708"}],"version-history":[{"count":1,"href":"https:\/\/diariotiempo.com.uy\/noticias\/wp-json\/wp\/v2\/posts\/21708\/revisions"}],"predecessor-version":[{"id":21710,"href":"https:\/\/diariotiempo.com.uy\/noticias\/wp-json\/wp\/v2\/posts\/21708\/revisions\/21710"}],"wp:featuredmedia":[{"embeddable":true,"href":"https:\/\/diariotiempo.com.uy\/noticias\/wp-json\/wp\/v2\/media\/21709"}],"wp:attachment":[{"href":"https:\/\/diariotiempo.com.uy\/noticias\/wp-json\/wp\/v2\/media?parent=21708"}],"wp:term":[{"taxonomy":"category","embeddable":true,"href":"https:\/\/diariotiempo.com.uy\/noticias\/wp-json\/wp\/v2\/categories?post=21708"},{"taxonomy":"post_tag","embeddable":true,"href":"https:\/\/diariotiempo.com.uy\/noticias\/wp-json\/wp\/v2\/tags?post=21708"}],"curies":[{"name":"wp","href":"https:\/\/api.w.org\/{rel}","templated":true}]}}